{"id":39471,"date":"2024-02-02T19:45:00","date_gmt":"2024-02-02T19:45:00","guid":{"rendered":"http:\/\/historiografija.hr\/?p=39471"},"modified":"2024-02-02T19:45:00","modified_gmt":"2024-02-02T19:45:00","slug":"predstavljanje-knjige-ivana-mancea-kosinjska-tiskara-u-ozlju","status":"publish","type":"post","link":"https:\/\/historiografija.hr\/?p=39471","title":{"rendered":"Predstavljanje knjige Ivana Mancea \u201cKosinjska tiskara\u201d u Ozlju"},"content":{"rendered":"\n<p>Predstavljanje knjige Ivana Mancea \u201cKosinjska tiskara \u2013 povijesna, informacijska i kartografska studija\u201d bit \u0107e u \u010detvrtak, 8. velja\u010de 2024. u 18 sati u Gradskoj knji\u017enici \u201eIvana Belostenca\u201c u Ozlju. Knjigu \u0107e predstaviti Tomislav Beroni\u0107 i autor Ivan Mance.<\/p>\n\n\n\n<hr class=\"wp-block-separator\"\/>\n\n\n\n<p>Izvor:<\/p>\n\n\n\n<p><a href=\"https:\/\/www.gkc-ivanabelostenca.hr\/index.php\/novosti\/item\/366-najava-predstavljanje-knjige-kosinjska-tiskara-8-2-u-18h\">https:\/\/www.gkc-ivanabelostenca.hr\/index.php\/novosti\/item\/366-najava-predstavljanje-knjige-kosinjska-tiskara-8-2-u-18h<\/a><\/p>\n\n\n\n<hr class=\"wp-block-separator\"\/>\n","protected":false},"excerpt":{"rendered":"","protected":false},"author":2,"featured_media":39472,"comment_status":"open","ping_status":"open","sticky":false,"template":"","format":"standard","meta":{"_acf_changed":false,"jetpack_post_was_ever_published":false,"_jetpack_newsletter_access":"","_jetpack_dont_email_post_to_subs":false,"_jetpack_newsletter_tier_id":0,"_jetpack_memberships_contains_paywalled_content":false,"_jetpack_memberships_contains_paid_content":false,"footnotes":"","jetpack_publicize_message":"","jetpack_publicize_feature_enabled":true,"jetpack_social_post_already_shared":true,"jetpack_social_options":{"image_generator_settings":{"template":"highway","default_image_id":0,"font":"","enabled":false},"version":2}},"categories":[3],"tags":[],"class_list":["post-39471","post","type-post","status-publish","format-standard","has-post-thumbnail","hentry","category-novosti"],"acf":{"facebook_opis":""},"jetpack_publicize_connections":[],"jetpack_featured_media_url":"https:\/\/i0.wp.com\/historiografija.hr\/wp-content\/uploads\/2024\/02\/Pozivnica-Ozalj-scaled.jpg?fit=2560%2C2522&ssl=1","jetpack_sharing_enabled":true,"jetpack-related-posts":[],"_links":{"self":[{"href":"https:\/\/historiografija.hr\/index.php?rest_route=\/wp\/v2\/posts\/39471","targetHints":{"allow":["GET"]}}],"collection":[{"href":"https:\/\/historiografija.hr\/index.php?rest_route=\/wp\/v2\/posts"}],"about":[{"href":"https:\/\/historiografija.hr\/index.php?rest_route=\/wp\/v2\/types\/post"}],"author":[{"embeddable":true,"href":"https:\/\/historiografija.hr\/index.php?rest_route=\/wp\/v2\/users\/2"}],"replies":[{"embeddable":true,"href":"https:\/\/historiografija.hr\/index.php?rest_route=%2Fwp%2Fv2%2Fcomments&post=39471"}],"version-history":[{"count":1,"href":"https:\/\/historiografija.hr\/index.php?rest_route=\/wp\/v2\/posts\/39471\/revisions"}],"predecessor-version":[{"id":39473,"href":"https:\/\/historiografija.hr\/index.php?rest_route=\/wp\/v2\/posts\/39471\/revisions\/39473"}],"wp:featuredmedia":[{"embeddable":true,"href":"https:\/\/historiografija.hr\/index.php?rest_route=\/wp\/v2\/media\/39472"}],"wp:attachment":[{"href":"https:\/\/historiografija.hr\/index.php?rest_route=%2Fwp%2Fv2%2Fmedia&parent=39471"}],"wp:term":[{"taxonomy":"category","embeddable":true,"href":"https:\/\/historiografija.hr\/index.php?rest_route=%2Fwp%2Fv2%2Fcategories&post=39471"},{"taxonomy":"post_tag","embeddable":true,"href":"https:\/\/historiografija.hr\/index.php?rest_route=%2Fwp%2Fv2%2Ftags&post=39471"}],"curies":[{"name":"wp","href":"https:\/\/api.w.org\/{rel}","templated":true}]}}