{"id":39390,"date":"2024-01-30T18:06:50","date_gmt":"2024-01-30T18:06:50","guid":{"rendered":"http:\/\/historiografija.hr\/?p=39390"},"modified":"2024-01-30T18:07:05","modified_gmt":"2024-01-30T18:07:05","slug":"hans-kungislam-proslost-sadasnjost-buducnost","status":"publish","type":"post","link":"https:\/\/historiografija.hr\/?p=39390","title":{"rendered":"Hans K\u00fcng, \u201cIslam \u2013 pro\u0161lost, sada\u0161njost, budu\u0107nost\u201d"},"content":{"rendered":"\n<p>Izdava\u010dka ku\u0107a \u201eDobra knjiga\u201c iz Sarajeva je objavila knjigu \u201cIslam &#8211; pro\u0161lost, sada\u0161njost, budu\u0107nost\u201d Hansa K\u00fcnga, najpoznatijeg kr\u0161\u0107anskog teologa XX stolje\u0107a, \u010dovjeka koji je po mnogim pitanjima bio oponent najvi\u0161im crkvenim krugovima. Knjigu je preveo Avdija Aliba\u0161i\u0107.<\/p>\n\n\n\n<p>U uvodnom poglavlju knjige \u201cIslam &#8211; pro\u0161lost, sada\u0161njost, budu\u0107nost\u201d autor sam daje odgovor na pitanje \u0161ta se \u017eeli ovom knjigom: \u201cPi\u0161em ovu knjigu kako bih ljude u ovoj odlu\u010duju\u0107oj prijelaznoj fazi ka jednom novom odnosu izme\u0111u kultura, religija i naroda u\u010dinio sposobnim za dijalog, \u010dak \u2018sposobnim za svijet\u2019, kako bi oni &#8211; neovisno da li su kr\u0161\u0107ani, muslimani ili sekularisti, politi\u010dari, nau\u010dnici ili umjetnici, u\u010ditelji, sve\u0107enici ili studenti, ukratko: svi koji tra\u017ee orijentaciju, da bi mogli svjetsku situaciju bolje (pr)ocijeniti i adekvatnije reagirati, a ona se bez razumijevanja svjetskih religija ne mo\u017ee razumjeti\u201d.<\/p>\n\n\n\n<p>\u010cak ni na oko 1.000 stranica ove knjige nije mogu\u0107e sveobuhvatno prikazati \u010detrnaest burnih i kompleksnih stolje\u0107a islamske pro\u0161losti i sada\u0161njosti i procijeniti i ponuditi sve zamislive budu\u0107e perspektive za vjerski, kulturni i politi\u010dki razvoj islama i dijaloga sa muslimanima.<\/p>\n\n\n\n<p>Me\u0111utim, K\u00fcngu je to na neponovljiv na\u010din po\u0161lo za rukom zahvaljuju\u0107i primijenjenoj metodologiji: analiza centralnih paradigmi koju je razvio u ranijim radovima pokazala se metodolo\u0161ki vrlo plodonosnom. Paradigme se odnose na dominantne obrasce percepcije &#8211; zajedni\u010dka uvjerenja, vrijednosti i prakse &#8211; koje dijeli odre\u0111ena zajednica. Na taj na\u010din postaju vidljive dominantne strukture i formativni akteri uzastopnih epoha, bez nepotrebnih detalja. U svojoj analizi islama K\u00fcng je na briljantan na\u010din skicirao islamsku historiju kao lanac paradigmi koje uti\u010du i na sada\u0161njost i omogu\u0107avaju prognoze za budu\u0107nost.<\/p>\n\n\n\n<hr class=\"wp-block-separator\"\/>\n\n\n\n<p>Preneseno s portala <strong>Historiografija.ba<\/strong>:<\/p>\n\n\n\n<p><a href=\"https:\/\/historiografija.ba\/article.php?id=2250\">https:\/\/historiografija.ba\/article.php?id=2250<\/a><\/p>\n\n\n\n<hr class=\"wp-block-separator\"\/>\n","protected":false},"excerpt":{"rendered":"","protected":false},"author":2,"featured_media":39391,"comment_status":"open","ping_status":"open","sticky":false,"template":"","format":"standard","meta":{"_acf_changed":false,"jetpack_post_was_ever_published":false,"_jetpack_newsletter_access":"","_jetpack_dont_email_post_to_subs":false,"_jetpack_newsletter_tier_id":0,"_jetpack_memberships_contains_paywalled_content":false,"_jetpack_memberships_contains_paid_content":false,"footnotes":"","jetpack_publicize_message":"","jetpack_publicize_feature_enabled":true,"jetpack_social_post_already_shared":true,"jetpack_social_options":{"image_generator_settings":{"template":"highway","default_image_id":0,"font":"","enabled":false},"version":2}},"categories":[8,3],"tags":[],"class_list":["post-39390","post","type-post","status-publish","format-standard","has-post-thumbnail","hentry","category-knjige","category-novosti"],"acf":{"facebook_opis":""},"jetpack_publicize_connections":[],"jetpack_featured_media_url":"https:\/\/i0.wp.com\/historiografija.hr\/wp-content\/uploads\/2024\/01\/Islam.jpg?fit=450%2C600&ssl=1","jetpack_sharing_enabled":true,"jetpack-related-posts":[],"_links":{"self":[{"href":"https:\/\/historiografija.hr\/index.php?rest_route=\/wp\/v2\/posts\/39390","targetHints":{"allow":["GET"]}}],"collection":[{"href":"https:\/\/historiografija.hr\/index.php?rest_route=\/wp\/v2\/posts"}],"about":[{"href":"https:\/\/historiografija.hr\/index.php?rest_route=\/wp\/v2\/types\/post"}],"author":[{"embeddable":true,"href":"https:\/\/historiografija.hr\/index.php?rest_route=\/wp\/v2\/users\/2"}],"replies":[{"embeddable":true,"href":"https:\/\/historiografija.hr\/index.php?rest_route=%2Fwp%2Fv2%2Fcomments&post=39390"}],"version-history":[{"count":2,"href":"https:\/\/historiografija.hr\/index.php?rest_route=\/wp\/v2\/posts\/39390\/revisions"}],"predecessor-version":[{"id":39393,"href":"https:\/\/historiografija.hr\/index.php?rest_route=\/wp\/v2\/posts\/39390\/revisions\/39393"}],"wp:featuredmedia":[{"embeddable":true,"href":"https:\/\/historiografija.hr\/index.php?rest_route=\/wp\/v2\/media\/39391"}],"wp:attachment":[{"href":"https:\/\/historiografija.hr\/index.php?rest_route=%2Fwp%2Fv2%2Fmedia&parent=39390"}],"wp:term":[{"taxonomy":"category","embeddable":true,"href":"https:\/\/historiografija.hr\/index.php?rest_route=%2Fwp%2Fv2%2Fcategories&post=39390"},{"taxonomy":"post_tag","embeddable":true,"href":"https:\/\/historiografija.hr\/index.php?rest_route=%2Fwp%2Fv2%2Ftags&post=39390"}],"curies":[{"name":"wp","href":"https:\/\/api.w.org\/{rel}","templated":true}]}}