{"id":39364,"date":"2024-01-29T18:30:00","date_gmt":"2024-01-29T18:30:00","guid":{"rendered":"http:\/\/historiografija.hr\/?p=39364"},"modified":"2024-01-29T18:52:24","modified_gmt":"2024-01-29T18:52:24","slug":"promocija-knjige-lise-vogel-umjetnost-feminizam-klasa-izabrani-tekstovi","status":"publish","type":"post","link":"https:\/\/historiografija.hr\/?p=39364","title":{"rendered":"Promocija knjige Lise Vogel \u201cUmjetnost, feminizam, klasa \u2013 izabrani tekstovi\u201d"},"content":{"rendered":"\n<p><strong>Ponedjeljak 29.1.2024. u 19h&nbsp;<\/strong><\/p>\n\n\n\n<p><strong>Nova BAZA, Nova cesta 66, Zagreb<\/strong><\/p>\n\n\n\n<hr class=\"wp-block-separator\"\/>\n\n\n\n<p>Pozivamo vas na promociju petog izdanja u biblioteci Tendencija, izbora tekstova marksisti\u010dke feministkinje <strong>Lise Vogel<\/strong> okupljenih pod naslovom \u201cUmjetnost, feminizam, klasa\u201d. Knjigu besplatno dijelimo svima zainteresiranima.<\/p>\n\n\n\n<p>Na promociji \u0107e govoriti:&nbsp;<\/p>\n\n\n\n<p><strong>Andreja Gregorina<\/strong> (suradnica BLOK-a)<\/p>\n\n\n\n<p>dr. sc. <strong>Ljiljana Kole\u0161nik<\/strong> (Institut za povijest umjetnosti)<\/p>\n\n\n\n<p>i<\/p>\n\n\n\n<p><strong>Vesna Vukovi\u0107<\/strong>, prevoditeljica i urednica izdanja (BLOK)<\/p>\n\n\n\n<p>\u201cAkademski i politi\u010dki put Lise Vogel (1938.\u2013), marksisti\u010dke feministkinje, feministi\u010dke sociologinje i povjesni\u010darke umjetnosti, aktivistkinje, izniman je primjer susreta biografije i povijesti. Njezin istra\u017eiva\u010dki rad oblikovali su i vodili politi\u010dki doga\u0111aji, a iskustva na terenu bila su presudna za \u0161irok teorijski zahvat u pitanje pod\u010dinjavanja u kapitalisti\u010dkom dru\u0161tvu. S druge strane, historijske su se promjene sna\u017eno odrazile na recepciju njezina rada; gotovo da bismo iz nje mogli i\u0161\u010ditati putanju feministi\u010dkog i marksisti\u010dkog teorijskog razvoja od 1970-ih do danas. Njezini su doprinosi marksisti\u010dkom i socijalisti\u010dkom feminizmu ogromni, mada nisu uvijek bili dovoljno prepoznati i priznati. (&#8230;)<\/p>\n\n\n\n<p>Ne samo da je odgovorila na debate o produktivnosti ku\u0107anskoga rada i na pitanje proizvodi li on vi\u0161ak vrijednosti ve\u0107 je i uvidom da se \u201eradna snaga ne proizvodi kapitalisti\u010dki (\u2026), nego u radni\u010dkoj obitelji utemeljenoj na rodbinstvu\u201d u analizi obitelji otvorila pitanje njezina strukturnog odnosa s reprodukcijom kapitala. Odmaknuv\u0161i se od transhistorijskog koncepta patrijarhata koji se fokusira na internu strukturu obitelji, \u017eensku je pod\u010dinjenost analizirala kroz marksisti\u010dki koncept dru\u0161tvene reprodukcije. (&#8230;)<\/p>\n\n\n\n<p>Njezini doprinosi povijesti umjetnosti okupljeni u ovoj knjizi predstavljaju izdvojenu pojavu u okviru feministi\u010dke intervencije u disciplinu i drugovalnog, kulturnog feminizma, koji je forsirao politiku razlike tra\u017ee\u0107i specifi\u010dne \u017eenske kvalitete, \u010desto upravo u sferi umjetnosti. Nasuprot tome Vogel zauzima materijalisti\u010dku poziciju i u svojim analizama naglasak stavlja na instituciju visoke umjetnosti te na njezinu ideolo\u0161ku izdvojenost i socijalnu izolaciju.\u201d<\/p>\n\n\n\n<p><strong>(iz predgovora)<\/strong><\/p>\n\n\n\n<hr class=\"wp-block-separator\"\/>\n\n\n\n<p><strong>izdava\u010d:<\/strong> BLOK<\/p>\n\n\n\n<p><strong>urednica biblioteke:<\/strong> Vesna Vukovi\u0107<\/p>\n\n\n\n<p><strong>urednica izdanja i autorica predgovora:<\/strong> Vesna Vukovi\u0107<\/p>\n\n\n\n<p><strong>izvr\u0161na urednica:<\/strong> Dunja Ku\u010dinac<\/p>\n\n\n\n<p><strong>prijevod:<\/strong> Vesna Vukovi\u0107 (\u201cMarksizam i feminizam: nesretni brak, probna rastava ili ne\u0161to tre\u0107e?\u201d, \u201cModernizam i povijest\u201d), Ljiljana Kole\u0161nik i Jasenka Zajec (\u201cLijepa umjetnost i feminizam: bu\u0111enje svijesti\u201d)<\/p>\n\n\n\n<p><strong>lektura i korektura:<\/strong> Jana Pamukovi\u0107<\/p>\n\n\n\n<p><strong>dizajn i prijelom:<\/strong> Hrvoje \u017div\u010di\u0107<\/p>\n\n\n\n<p><strong>Knjiga je objavljena u sklopu projekta \u201cKongres umjetnika i kulturnih radnica 2023.\u201d koji financijski podr\u017eava Rosa Luxemburg Stiftung Southeast Europe. Godi\u0161nji program BLOK-a 2024. podr\u017eava Zaklada &#8220;Kultura nova&#8221;.<\/strong><\/p>\n\n\n\n<hr class=\"wp-block-separator\"\/>\n\n\n\n<p>Izvor:<\/p>\n\n\n\n<p><a href=\"https:\/\/blok.hr\/hr\/politicka-skola-za-umjetnike\/promocija-knjige-umjetnost-feminizam-klasa-izabrani-tekstovi-lise-vogel\">https:\/\/blok.hr\/hr\/politicka-skola-za-umjetnike\/promocija-knjige-umjetnost-feminizam-klasa-izabrani-tekstovi-lise-vogel<\/a><\/p>\n\n\n\n<hr class=\"wp-block-separator\"\/>\n","protected":false},"excerpt":{"rendered":"","protected":false},"author":2,"featured_media":39365,"comment_status":"open","ping_status":"open","sticky":false,"template":"","format":"standard","meta":{"_acf_changed":false,"_jetpack_newsletter_access":"","_jetpack_dont_email_post_to_subs":false,"_jetpack_newsletter_tier_id":0,"_jetpack_memberships_contains_paywalled_content":false,"_jetpack_memberships_contains_paid_content":false,"footnotes":"","jetpack_publicize_message":"","jetpack_publicize_feature_enabled":true,"jetpack_social_post_already_shared":true,"jetpack_social_options":{"image_generator_settings":{"template":"highway","default_image_id":0,"font":"","enabled":false},"version":2},"jetpack_post_was_ever_published":false},"categories":[3],"tags":[],"class_list":["post-39364","post","type-post","status-publish","format-standard","has-post-thumbnail","hentry","category-novosti"],"acf":{"facebook_opis":""},"jetpack_publicize_connections":[],"jetpack_featured_media_url":"https:\/\/i0.wp.com\/historiografija.hr\/wp-content\/uploads\/2024\/01\/Vogel.jpeg?fit=623%2C475&ssl=1","jetpack_sharing_enabled":true,"jetpack-related-posts":[{"id":53593,"url":"https:\/\/historiografija.hr\/?p=53593","url_meta":{"origin":39364,"position":0},"title":"\u201eFontes: izvori za hrvatsku povijest\u201c (br. 31, 2025)","author":"Branimir Jankovi\u0107","date":"21. svibnja 2026.","format":false,"excerpt":"U prosincu 2025. godine izdan je 31. broj \u010dasopisa \u201eFontes: izvori za hrvatsku povijest\u201c. U sredi\u0161tu broja nalazi se tematski blok posve\u0107en obilje\u017eavanju 1100. godi\u0161njice Hrvatskog Kraljevstva, a u cijelosti je dostupan na portalu hrvatskih znanstvenih i stru\u010dnih \u010dasopisa Hr\u010dak. Op\u0161irnije: https:\/\/hrcak.srce.hr\/broj\/26538 https:\/\/www.arhiv.hr\/hr-hr\/Na%C5%A1a-izdanja\/Izdanja-po-podru%C4%8Djima\/%C4%8Casopisi\/Fontes","rel":"","context":"U &quot;\u010casopisi&quot;","block_context":{"text":"\u010casopisi","link":"https:\/\/historiografija.hr\/?cat=21"},"img":{"alt_text":"","src":"https:\/\/i0.wp.com\/historiografija.hr\/wp-content\/uploads\/2026\/05\/Fontes-31.jpg?fit=936%2C1200&ssl=1&resize=350%2C200","width":350,"height":200,"srcset":"https:\/\/i0.wp.com\/historiografija.hr\/wp-content\/uploads\/2026\/05\/Fontes-31.jpg?fit=936%2C1200&ssl=1&resize=350%2C200 1x, https:\/\/i0.wp.com\/historiografija.hr\/wp-content\/uploads\/2026\/05\/Fontes-31.jpg?fit=936%2C1200&ssl=1&resize=525%2C300 1.5x, https:\/\/i0.wp.com\/historiografija.hr\/wp-content\/uploads\/2026\/05\/Fontes-31.jpg?fit=936%2C1200&ssl=1&resize=700%2C400 2x"},"classes":[]},{"id":55047,"url":"https:\/\/historiografija.hr\/?p=55047","url_meta":{"origin":39364,"position":1},"title":"Isabella (Mariam S.) Hammad, &#8220;Ulazi Duh&#8221;","author":"Branimir Jankovi\u0107","date":"21. kolovoza 2026.","format":false,"excerpt":"\u0160to zna\u010di biti stranac u vlastitoj domovini? Kada se Sonia Nasir, britanska glumica palestinskih korijena, nakon dugog izbivanja vrati u Haifu, njezina \u0107e se pro\u0161lost sa sada\u0161njosti sudariti na na\u010din koji nije o\u010dekivala. Planirala je tek nakratko pobje\u0107i od osobnih i profesionalnih neuspjeha, no sudbina je odvodi na put bez\u2026","rel":"","context":"U &quot;Novosti&quot;","block_context":{"text":"Novosti","link":"https:\/\/historiografija.hr\/?cat=3"},"img":{"alt_text":"","src":"https:\/\/i0.wp.com\/historiografija.hr\/wp-content\/uploads\/2026\/08\/slika-7.png?fit=782%2C1200&ssl=1&resize=350%2C200","width":350,"height":200,"srcset":"https:\/\/i0.wp.com\/historiografija.hr\/wp-content\/uploads\/2026\/08\/slika-7.png?fit=782%2C1200&ssl=1&resize=350%2C200 1x, https:\/\/i0.wp.com\/historiografija.hr\/wp-content\/uploads\/2026\/08\/slika-7.png?fit=782%2C1200&ssl=1&resize=525%2C300 1.5x, https:\/\/i0.wp.com\/historiografija.hr\/wp-content\/uploads\/2026\/08\/slika-7.png?fit=782%2C1200&ssl=1&resize=700%2C400 2x"},"classes":[]},{"id":54643,"url":"https:\/\/historiografija.hr\/?p=54643","url_meta":{"origin":39364,"position":2},"title":"Objavljen 12. broj \u010dasopisa Radovi Filozofskog fakulteta u Sarajevu (Historija, Historija umjetnosti, Arheologija)","author":"Branimir Jankovi\u0107","date":"17. srpnja 2026.","format":false,"excerpt":"Novi broj \u010dasopisa Radovi Filozofskog fakulteta u Sarajevu tematski je posve\u0107en 75. obljetnici osnivanja Odsjeka za historiju, najstarije visoko\u0161kolske institucije ove vrste u Bosni i Hercegovini. Za razliku od uobi\u010dajenih izdanja fokusiranih na u\u017ei kronolo\u0161ki okvir, ovaj broj okuplja radove alumnija Odsjeka s ciljem prikaza suvremenih istra\u017eiva\u010dkih dosega i institucionalnog\u2026","rel":"","context":"U &quot;\u010casopisi&quot;","block_context":{"text":"\u010casopisi","link":"https:\/\/historiografija.hr\/?cat=21"},"img":{"alt_text":"","src":"https:\/\/i0.wp.com\/historiografija.hr\/wp-content\/uploads\/2026\/07\/radovi-ff-2025.jpg?fit=550%2C422&ssl=1&resize=350%2C200","width":350,"height":200,"srcset":"https:\/\/i0.wp.com\/historiografija.hr\/wp-content\/uploads\/2026\/07\/radovi-ff-2025.jpg?fit=550%2C422&ssl=1&resize=350%2C200 1x, https:\/\/i0.wp.com\/historiografija.hr\/wp-content\/uploads\/2026\/07\/radovi-ff-2025.jpg?fit=550%2C422&ssl=1&resize=525%2C300 1.5x"},"classes":[]},{"id":54825,"url":"https:\/\/historiografija.hr\/?p=54825","url_meta":{"origin":39364,"position":3},"title":"Katalog izlo\u017ebe \u201eHrvatsko prolje\u0107e (1971. \u2013 2021.)\u201c","author":"Branimir Jankovi\u0107","date":"28. srpnja 2026.","format":false,"excerpt":"Katalog izlo\u017ebe \u201eHrvatsko prolje\u0107e (1971. \u2013 2021.)\u201c autora Dinka \u010cuture, koja je odr\u017eana od 15. lipnja do 15. rujna 2021. u Francuskom paviljonu Studentskog centra u Zagrebu, donosi presjek doga\u0111anja koji su zahvatili Hrvatsku kasnih \u0161ezdesetih i po\u010detkom sedamdesetih godina. Nazvan hrvatskim prolje\u0107em, pokret je nasilno ugu\u0161en, ali i postao\u2026","rel":"","context":"U &quot;Izlo\u017ebe&quot;","block_context":{"text":"Izlo\u017ebe","link":"https:\/\/historiografija.hr\/?cat=10"},"img":{"alt_text":"","src":"https:\/\/i0.wp.com\/historiografija.hr\/wp-content\/uploads\/2026\/07\/Hrvatsko-proljece-2.jpg?fit=1200%2C849&ssl=1&resize=350%2C200","width":350,"height":200,"srcset":"https:\/\/i0.wp.com\/historiografija.hr\/wp-content\/uploads\/2026\/07\/Hrvatsko-proljece-2.jpg?fit=1200%2C849&ssl=1&resize=350%2C200 1x, https:\/\/i0.wp.com\/historiografija.hr\/wp-content\/uploads\/2026\/07\/Hrvatsko-proljece-2.jpg?fit=1200%2C849&ssl=1&resize=525%2C300 1.5x, https:\/\/i0.wp.com\/historiografija.hr\/wp-content\/uploads\/2026\/07\/Hrvatsko-proljece-2.jpg?fit=1200%2C849&ssl=1&resize=700%2C400 2x, https:\/\/i0.wp.com\/historiografija.hr\/wp-content\/uploads\/2026\/07\/Hrvatsko-proljece-2.jpg?fit=1200%2C849&ssl=1&resize=1050%2C600 3x"},"classes":[]},{"id":54306,"url":"https:\/\/historiografija.hr\/?p=54306","url_meta":{"origin":39364,"position":4},"title":"\u201eDr\u017eava i njezino kazali\u0161te: Hrvatsko dr\u017eavno kazali\u0161te u Zagrebu 1941. \u2013 1945.\u201c (Zagreb: Fraktura, 2026)","author":"Filip \u0160imunjak","date":"25. lipnja 2026.","format":false,"excerpt":"U knjizi\u00a0Dr\u017eava i njezino kazali\u0161te: Hrvatsko dr\u017eavno kazali\u0161te u Zagrebu 1941. \u2013 1945.,\u00a0Snje\u017eana Banovi\u0107 precizno rekonstruira djelovanje zagreba\u010dkog kazali\u0161ta u razdoblju NDH, pokazuju\u0107i kako se kulturna politika, represija i osobne sudbine isprepli\u0107u u jednoj mra\u010dnoj povijesnoj epohi.\u00a0 O knjizi:\u00a0 Dr\u017eava i njezino kazali\u0161te: Hrvatsko dr\u017eavno kazali\u0161te u Zagrebu 1941. \u2013\u2026","rel":"","context":"U &quot;Knjige&quot;","block_context":{"text":"Knjige","link":"https:\/\/historiografija.hr\/?cat=8"},"img":{"alt_text":"","src":"https:\/\/i0.wp.com\/historiografija.hr\/wp-content\/uploads\/2026\/06\/Drzava-i-njeno-kazaliste.webp?fit=768%2C768&ssl=1&resize=350%2C200","width":350,"height":200,"srcset":"https:\/\/i0.wp.com\/historiografija.hr\/wp-content\/uploads\/2026\/06\/Drzava-i-njeno-kazaliste.webp?fit=768%2C768&ssl=1&resize=350%2C200 1x, https:\/\/i0.wp.com\/historiografija.hr\/wp-content\/uploads\/2026\/06\/Drzava-i-njeno-kazaliste.webp?fit=768%2C768&ssl=1&resize=525%2C300 1.5x, https:\/\/i0.wp.com\/historiografija.hr\/wp-content\/uploads\/2026\/06\/Drzava-i-njeno-kazaliste.webp?fit=768%2C768&ssl=1&resize=700%2C400 2x"},"classes":[]},{"id":52969,"url":"https:\/\/historiografija.hr\/?p=52969","url_meta":{"origin":39364,"position":5},"title":"Martyn Rady, &#8220;Sredi\u0161nja kraljevstva. Nova povijest Srednje Europe&#8221;","author":"Branimir Jankovi\u0107","date":"7. svibnja 2026.","format":false,"excerpt":"Srednja Europa nije samo prostor na karti, ve\u0107 i regija zajedni\u010dkog iskustva, me\u0111usobnih posu\u0111ivanja, nametanja i nerazumijevanja. Od Rimskog Carstva nadalje, bila je metom invazije s istoka. U srednjem vijeku, Srednjoeuropljani su svoje isto\u010dne neprijatelje nazivali \u201cpsoglavcima\u201d. Kasnije \u0107e do\u0107i Turci, \u0160ve\u0111ani, Rusi i Sovjeti, koji \u0107e svi ovu regiju\u2026","rel":"","context":"U &quot;Knjige&quot;","block_context":{"text":"Knjige","link":"https:\/\/historiografija.hr\/?cat=8"},"img":{"alt_text":"","src":"https:\/\/i0.wp.com\/historiografija.hr\/wp-content\/uploads\/2026\/05\/sredisnja-kraljevstva.jpg?fit=826%2C1200&ssl=1&resize=350%2C200","width":350,"height":200,"srcset":"https:\/\/i0.wp.com\/historiografija.hr\/wp-content\/uploads\/2026\/05\/sredisnja-kraljevstva.jpg?fit=826%2C1200&ssl=1&resize=350%2C200 1x, https:\/\/i0.wp.com\/historiografija.hr\/wp-content\/uploads\/2026\/05\/sredisnja-kraljevstva.jpg?fit=826%2C1200&ssl=1&resize=525%2C300 1.5x, https:\/\/i0.wp.com\/historiografija.hr\/wp-content\/uploads\/2026\/05\/sredisnja-kraljevstva.jpg?fit=826%2C1200&ssl=1&resize=700%2C400 2x"},"classes":[]}],"_links":{"self":[{"href":"https:\/\/historiografija.hr\/index.php?rest_route=\/wp\/v2\/posts\/39364","targetHints":{"allow":["GET"]}}],"collection":[{"href":"https:\/\/historiografija.hr\/index.php?rest_route=\/wp\/v2\/posts"}],"about":[{"href":"https:\/\/historiografija.hr\/index.php?rest_route=\/wp\/v2\/types\/post"}],"author":[{"embeddable":true,"href":"https:\/\/historiografija.hr\/index.php?rest_route=\/wp\/v2\/users\/2"}],"replies":[{"embeddable":true,"href":"https:\/\/historiografija.hr\/index.php?rest_route=%2Fwp%2Fv2%2Fcomments&post=39364"}],"version-history":[{"count":1,"href":"https:\/\/historiografija.hr\/index.php?rest_route=\/wp\/v2\/posts\/39364\/revisions"}],"predecessor-version":[{"id":39366,"href":"https:\/\/historiografija.hr\/index.php?rest_route=\/wp\/v2\/posts\/39364\/revisions\/39366"}],"wp:featuredmedia":[{"embeddable":true,"href":"https:\/\/historiografija.hr\/index.php?rest_route=\/wp\/v2\/media\/39365"}],"wp:attachment":[{"href":"https:\/\/historiografija.hr\/index.php?rest_route=%2Fwp%2Fv2%2Fmedia&parent=39364"}],"wp:term":[{"taxonomy":"category","embeddable":true,"href":"https:\/\/historiografija.hr\/index.php?rest_route=%2Fwp%2Fv2%2Fcategories&post=39364"},{"taxonomy":"post_tag","embeddable":true,"href":"https:\/\/historiografija.hr\/index.php?rest_route=%2Fwp%2Fv2%2Ftags&post=39364"}],"curies":[{"name":"wp","href":"https:\/\/api.w.org\/{rel}","templated":true}]}}