{"id":39361,"date":"2024-01-29T18:48:20","date_gmt":"2024-01-29T18:48:20","guid":{"rendered":"http:\/\/historiografija.hr\/?p=39361"},"modified":"2024-01-29T18:48:20","modified_gmt":"2024-01-29T18:48:20","slug":"tribina-mimarine-donacije-narodu-hrvatske-projekcija-filma-zameteni-trag","status":"publish","type":"post","link":"https:\/\/historiografija.hr\/?p=39361","title":{"rendered":"Tribina: Mimarine donacije narodu Hrvatske \u2013 projekcija filma \u201eZameteni trag\u201c"},"content":{"rendered":"\n<p>Srijeda, 31. sije\u010dnja 2024. u 18:30 sati<\/p>\n\n\n\n<p>DPUH, Preradovi\u0107eva 44, Zagreb<\/p>\n\n\n\n<hr class=\"wp-block-separator\"\/>\n\n\n\n<p>Donacije Ante Topi\u0107a Mimare \u201enarodu Hrvatske\u201c tema je koju hrvatska povijest umjetnosti jo\u0161 uvijek nije rasvije\u00adtlila, a niti pribli\u017eno zatvorila. Povod za organiziranje ove tribine je dokumentarni film povjesni\u010dara umjetnosti Bo\u00adrislava Bena\u017ei\u0107a \u201eZameteni trag&#8221; (Zagreb film, 1972.), zbog kojeg je Bena\u017ei\u0107 posjetio Mimaru u njegovom austrij\u00adskom domu, dvorcu Neuhaus kod Salzburga. Me\u0111utim, ovo je film o \u010dovjeku koji se u njemu \u2013 ne pojavljuje, a predstavljen je kao slikar, restaurator, trgovac umjetni\u00adna, kolekcionar i donator Ante Topi\u0107 Matutina Mimara (Koru\u0161ce, 1898. \u2013 Zagreb, 1987.). Bena\u017ei\u0107 tako\u0111er posje\u00ad\u0107uje Mimarino rodno selo u Dalmatinskoj zagori, gdje o siroma\u0161nom djetinjstvu svjetski poznatog kolekcionara govori njegov brat Ivan. Tema filma, me\u0111utim, nije samo Mimarin \u017eivotopis, ve\u0107 i njegova prva donacija od 140 umjetnina Jugoslavenskoj akademiji znanosti i umjetno\u00adsti u Zagrebu 1948. godine. No prema Mimarinim rije\u010dima, trag je za 14 umjetnina na putu do Strossmayerove galerije u Zagrebu zameten. Film je nakon samo nekoliko dana prikazivanja na Zagreba\u010dkom salonu, sljede\u0107e 1973. godine povu\u010den s festivala dokumentarnog filma u Beogradu i bunkeriran do prvih Dana hrvatskog filma 1992. godine.<\/p>\n\n\n\n<p>Zbog obnove nakon potresa, muzejske institucije u Za\u00adgrebu koje \u010duvaju Mimarine donacije umjetnina su tre\u00adnutno zatvorene i nedostupne javnosti, \u0161to dodatno ak\u00adtualizira temu.<\/p>\n\n\n\n<p>Na tribini sudjeluju ravnateljica Muzeja Mimara Lada Ratkovi\u0107 Bukov\u010dan, kustos i znanstveni suradnik Strossmayerove galerije starih majstora Ivan Feren\u010dak i autor filma Borislav Bena\u017ei\u0107, koji je s Mimarom razgova\u00adrao. Tribinu moderira Dino Milinovi\u0107.<\/p>\n\n\n\n<p>Zahvaljujemo Zagreb filmu na ustupanju prava za objav\u00adljivanje.<\/p>\n\n\n\n<hr class=\"wp-block-separator\"\/>\n\n\n\n<p>Izvor:<\/p>\n\n\n\n<p><a href=\"http:\/\/www.dpuh.hr\/\">http:\/\/www.dpuh.hr\/<\/a><\/p>\n\n\n\n<hr class=\"wp-block-separator\"\/>\n","protected":false},"excerpt":{"rendered":"","protected":false},"author":2,"featured_media":39362,"comment_status":"open","ping_status":"open","sticky":false,"template":"","format":"standard","meta":{"_acf_changed":false,"jetpack_post_was_ever_published":false,"_jetpack_newsletter_access":"","_jetpack_dont_email_post_to_subs":false,"_jetpack_newsletter_tier_id":0,"_jetpack_memberships_contains_paywalled_content":false,"_jetpack_memberships_contains_paid_content":false,"footnotes":"","jetpack_publicize_message":"","jetpack_publicize_feature_enabled":true,"jetpack_social_post_already_shared":true,"jetpack_social_options":{"image_generator_settings":{"template":"highway","default_image_id":0,"font":"","enabled":false},"version":2}},"categories":[13,3],"tags":[],"class_list":["post-39361","post","type-post","status-publish","format-standard","has-post-thumbnail","hentry","category-filmovi-i-serije","category-novosti"],"acf":{"facebook_opis":""},"jetpack_publicize_connections":[],"jetpack_featured_media_url":"https:\/\/i0.wp.com\/historiografija.hr\/wp-content\/uploads\/2024\/01\/Mimara.png?fit=1080%2C1080&ssl=1","jetpack_sharing_enabled":true,"jetpack-related-posts":[],"_links":{"self":[{"href":"https:\/\/historiografija.hr\/index.php?rest_route=\/wp\/v2\/posts\/39361","targetHints":{"allow":["GET"]}}],"collection":[{"href":"https:\/\/historiografija.hr\/index.php?rest_route=\/wp\/v2\/posts"}],"about":[{"href":"https:\/\/historiografija.hr\/index.php?rest_route=\/wp\/v2\/types\/post"}],"author":[{"embeddable":true,"href":"https:\/\/historiografija.hr\/index.php?rest_route=\/wp\/v2\/users\/2"}],"replies":[{"embeddable":true,"href":"https:\/\/historiografija.hr\/index.php?rest_route=%2Fwp%2Fv2%2Fcomments&post=39361"}],"version-history":[{"count":1,"href":"https:\/\/historiografija.hr\/index.php?rest_route=\/wp\/v2\/posts\/39361\/revisions"}],"predecessor-version":[{"id":39363,"href":"https:\/\/historiografija.hr\/index.php?rest_route=\/wp\/v2\/posts\/39361\/revisions\/39363"}],"wp:featuredmedia":[{"embeddable":true,"href":"https:\/\/historiografija.hr\/index.php?rest_route=\/wp\/v2\/media\/39362"}],"wp:attachment":[{"href":"https:\/\/historiografija.hr\/index.php?rest_route=%2Fwp%2Fv2%2Fmedia&parent=39361"}],"wp:term":[{"taxonomy":"category","embeddable":true,"href":"https:\/\/historiografija.hr\/index.php?rest_route=%2Fwp%2Fv2%2Fcategories&post=39361"},{"taxonomy":"post_tag","embeddable":true,"href":"https:\/\/historiografija.hr\/index.php?rest_route=%2Fwp%2Fv2%2Ftags&post=39361"}],"curies":[{"name":"wp","href":"https:\/\/api.w.org\/{rel}","templated":true}]}}