{"id":39343,"date":"2024-01-27T22:47:00","date_gmt":"2024-01-27T22:47:00","guid":{"rendered":"http:\/\/historiografija.hr\/?p=39343"},"modified":"2024-01-27T22:54:31","modified_gmt":"2024-01-27T22:54:31","slug":"dejan-petrovic-slavisa-grujic-prica-o-novosadskim-jevrejima","status":"publish","type":"post","link":"https:\/\/historiografija.hr\/?p=39343","title":{"rendered":"Dejan Petrovi\u0107, Slavi\u0161a Gruji\u0107, \u201ePRI\u010cA O NOVOSADSKIM JEVREJIMA\u201c"},"content":{"rendered":"\n<p>Monografija Slavi\u0161e Gruji\u0107a i Dejana Petrovi\u0107a je dokumentarno svedo\u010danstvo o prisustvu Jevreja u Novom Sadu od XVII veka do savremenog doba. Knjiga predstavlja \u010ditaocu osnove dru\u0161tvenog i kulturnog \u017eivota jevrejske zajednice u Novom Sadu kao i osnove religijskog \u017eivota i obreda. Autori kulturom se\u0107anja daju poseban dokumentarni osvrt na Novosadsku raciju (1942) i stradanja Jevreja u Holokaustu.<\/p>\n\n\n\n<hr class=\"wp-block-separator\"\/>\n\n\n\n<p><strong>O autoru<\/strong><\/p>\n\n\n\n<p>Dejan Petrovi\u0107 je anga\u017eovan kao fotograf i dizajner monografije. Od 1984. do 1994. je radio u Jevrejskoj op\u0161tini u Beogradu na razvoju i implementaciji kulturnih i socijalnih projekata. Od 1999. godine je \u017eiveo u Be\u010du i sara\u0111ivao sa ameri\u010dkom NVO Centropa, fokusiranoj na dokumentovanju \u017eivota Jevreja u centralnoj i jugo-isto\u010dnoj Evropi. Od 2005. osniva svoju NVO Lajthaus, fokusiranoj na intergraciji razli\u010ditih etni\u010dkih grupa. Od 2007. do 2016. radi u ERSTE fondaciji na pitanjima dru\u0161tvene integracije, a od 2016. za OSCE\/ODIHR na pitanjima vezanim za anti-semitizam. Fotografijom se bavi preko 20 godina, sa akcentom na teme vezane za probleme u dru\u0161tvu, podizanja vidljivosti marginalnih delova dru\u0161tva. Uredio je i dizajnirao ve\u0107i broj monografija. Izlagao je fotografije u Novom Sadu, Beogradu, Be\u010du, Pragu, Njujorku, Parizu&#8230; Njegovi fotografski projekti ra\u0111eni su u saradnji sa partnerima kao \u0161to su austrijsko Ministarstvo spoljnih poslova, ERSTE fondacija, OMV i dr.<br><br>Autor monografije \u201cPri\u010da o novosadskim Jevrejima\u201c, Slavi\u0161a Gruji\u0107, ro\u0111en je 1960. godine. Akademiju za film i TV, odsek kamera, kao i specijalizaciju iz re\u017eije, zavr\u0161io je u Moskvi. Radio je kao glavni i odgovorni urednik RTV Novi Sad, i glavni i odgovorni urednik TV Apolo, Novi Sad. Bio je u jednom periodu savetnik predsednika Skup\u0161tine APV. Tokom karijere anga\u017eovan od strane velikog broja televizijskih produkcija iz Srbije i sveta (Velika Britanija, Australija, Nema\u010dka, Italija, Francuska). U vezi sa medijima odr\u017eao je zna\u010dajan broj predavanja u zemlji i inostranstvu. Bio je u\u010desnik mnogobrojnih festivala, a dobitnik je nagrade za re\u017eiju na Jugoslovenskom festivalu dokumentarnog filma. Na mesto Pokrajinskog sekretara za kulturu i javno informisanje izabran je 2012. godine. Dobio je priznanje Instituta za regionalizam iz Salcburga (Austrija) za podr\u0161ku razvoju regionalizma u Evropi (2017).<\/p>\n\n\n\n<hr class=\"wp-block-separator\"\/>\n\n\n\n<p>Godina izdanja: 2023<\/p>\n\n\n\n<p>Pismo: latinica<\/p>\n\n\n\n<p>Broj stranica: 348 str.<\/p>\n\n\n\n<hr class=\"wp-block-separator\"\/>\n\n\n\n<p>Izvor:<\/p>\n\n\n\n<p><a href=\"https:\/\/akademskaknjiga.com\/katalog\/prica-o-novosadskim-jevrejima\">https:\/\/akademskaknjiga.com\/katalog\/prica-o-novosadskim-jevrejima<\/a><\/p>\n\n\n\n<hr class=\"wp-block-separator\"\/>\n","protected":false},"excerpt":{"rendered":"","protected":false},"author":2,"featured_media":39344,"comment_status":"open","ping_status":"open","sticky":false,"template":"","format":"standard","meta":{"_acf_changed":false,"jetpack_post_was_ever_published":false,"_jetpack_newsletter_access":"","_jetpack_dont_email_post_to_subs":false,"_jetpack_newsletter_tier_id":0,"_jetpack_memberships_contains_paywalled_content":false,"_jetpack_memberships_contains_paid_content":false,"footnotes":"","jetpack_publicize_message":"","jetpack_publicize_feature_enabled":true,"jetpack_social_post_already_shared":true,"jetpack_social_options":{"image_generator_settings":{"template":"highway","default_image_id":0,"font":"","enabled":false},"version":2}},"categories":[8,3],"tags":[],"class_list":["post-39343","post","type-post","status-publish","format-standard","has-post-thumbnail","hentry","category-knjige","category-novosti"],"acf":{"facebook_opis":""},"jetpack_publicize_connections":[],"jetpack_featured_media_url":"https:\/\/i0.wp.com\/historiografija.hr\/wp-content\/uploads\/2024\/01\/JNS.png?fit=1991%2C2119&ssl=1","jetpack_sharing_enabled":true,"jetpack-related-posts":[],"_links":{"self":[{"href":"https:\/\/historiografija.hr\/index.php?rest_route=\/wp\/v2\/posts\/39343","targetHints":{"allow":["GET"]}}],"collection":[{"href":"https:\/\/historiografija.hr\/index.php?rest_route=\/wp\/v2\/posts"}],"about":[{"href":"https:\/\/historiografija.hr\/index.php?rest_route=\/wp\/v2\/types\/post"}],"author":[{"embeddable":true,"href":"https:\/\/historiografija.hr\/index.php?rest_route=\/wp\/v2\/users\/2"}],"replies":[{"embeddable":true,"href":"https:\/\/historiografija.hr\/index.php?rest_route=%2Fwp%2Fv2%2Fcomments&post=39343"}],"version-history":[{"count":1,"href":"https:\/\/historiografija.hr\/index.php?rest_route=\/wp\/v2\/posts\/39343\/revisions"}],"predecessor-version":[{"id":39345,"href":"https:\/\/historiografija.hr\/index.php?rest_route=\/wp\/v2\/posts\/39343\/revisions\/39345"}],"wp:featuredmedia":[{"embeddable":true,"href":"https:\/\/historiografija.hr\/index.php?rest_route=\/wp\/v2\/media\/39344"}],"wp:attachment":[{"href":"https:\/\/historiografija.hr\/index.php?rest_route=%2Fwp%2Fv2%2Fmedia&parent=39343"}],"wp:term":[{"taxonomy":"category","embeddable":true,"href":"https:\/\/historiografija.hr\/index.php?rest_route=%2Fwp%2Fv2%2Fcategories&post=39343"},{"taxonomy":"post_tag","embeddable":true,"href":"https:\/\/historiografija.hr\/index.php?rest_route=%2Fwp%2Fv2%2Ftags&post=39343"}],"curies":[{"name":"wp","href":"https:\/\/api.w.org\/{rel}","templated":true}]}}