{"id":39337,"date":"2024-01-27T22:42:44","date_gmt":"2024-01-27T22:42:44","guid":{"rendered":"http:\/\/historiografija.hr\/?p=39337"},"modified":"2024-01-27T22:42:44","modified_gmt":"2024-01-27T22:42:44","slug":"tadej-cankar-odlocnejsi-protivniki-semitstva-o-antisemitizmu-in-slovenskih-liberalcih-na-kranjskem","status":"publish","type":"post","link":"https:\/\/historiografija.hr\/?p=39337","title":{"rendered":"Tadej Cankar, &#8220;Odlo\u010dnej\u0161i protivniki semitstva&#8221;. O antisemitizmu in slovenskih liberalcih na Kranjskem"},"content":{"rendered":"\n<p>Zalo\u017eni\u0161tvo in izdelava &#8211; Ljubljana : In\u0161titut za novej\u0161o zgodovino : Arhiv Republike Slovenije, 2023<\/p>\n\n\n\n<hr class=\"wp-block-separator\"\/>\n\n\n\n<p>Iz recenzij:<br><br><em>\u00bbOsrednji namen\u00ab knjige naj bi bil prikaz antisemitizma kranjskih slovenskih liberalcev pred prvo svetovno vojno, toda zasnovana je precej \u0161ir\u0161e. Uvodnemu delu o polo\u017eaju Judov in antisemitizmu v Evropi in srednji Evropi v 18. in 19. stoletju sledi prikaz glavnih zna\u010dilnosti antisemitizma na Kranjskem, ki opozarja ne le na antisemitizem ni\u017ejih slojev prebivalstva, temve\u010d tudi izobra\u017eenskih in politi\u010dnih elit, kar je seveda posebej zanimivo, saj na Kranjskem Judov skoraj ni bilo. Avtor predstavi odnos do Judov in antisemitizem v vseh treh slovenskih politi\u010dnih taborih in ugotavlja, da v tem pogledu med kranjskimi slovenskimi \u00bbklerikalci in liberalci ni prihajalo do ve\u010djih razlik\u00ab. Pri tem analizira politi\u010dni, gospodarski in nacionalni \u00bbvidik\u00ab antisemitizma slovenskih liberalcev, ki naj bi imel poleg tradicionalnih protijudovskih predsodkov in odpora do modernizacijskih procesov zlasti politi\u010dne in nacionalne temelje. Za slovenske liberalce so bili Judje nevaren in vpliven zaveznik nem\u0161kega liberalizma in italijanskega iredentizma, antisemitizem pa \u00bborodje\u00ab, s katerim so v spopadih s katoli\u0161ko stranjo dokazovali, kako druga\u010dni so od nem\u0161kih liberalcev.<\/em><br><br>akad. prof. dr. Peter Vodopivec<br><br><em>Glavna prednost [\u2026] raziskave je v tem, da avtor na podlagi komparativne analize odnosa slovenskih liberalcev na Kranjskem do Judov v primerjavi z drugima dvema slovenskima politi\u010dnima skupinama (politi\u010dnim katolicizmom in socialdemokrati), v primerjavi z nem\u0161kim liberalnim taborom ter ne nazadnje v primerjavi s (srednje)evropskim liberalizmom pride do zelo pomembnih spoznanj za \u0161ir\u0161e razumevanje slovenskega antisemitizma v obdobju do druge svetovne vojne. V nasprotju z evropskim liberalizmom je bil namre\u010d slovenski izrazito antisemitsko naravnan, skupaj z antisemitizmom slovenskega katoli\u0161kega tabora pa je bil posledi\u010dno v ve\u010dini takratne slovenske dru\u017ebe antisemitizem dru\u017ebena in politi\u010dna norma.<\/em><br><br>dr. Andrej Pan\u010dur<\/p>\n\n\n\n<hr class=\"wp-block-separator\"\/>\n\n\n\n<p>Izvor:<\/p>\n\n\n\n<p><a href=\"https:\/\/www.inz.si\/sl\/Razpoznavanja-recognitiones\/Odlocnejsi-protivniki-semitstva\/\">https:\/\/www.inz.si\/sl\/Razpoznavanja-recognitiones\/Odlocnejsi-protivniki-semitstva\/<\/a><\/p>\n\n\n\n<hr class=\"wp-block-separator\"\/>\n","protected":false},"excerpt":{"rendered":"","protected":false},"author":2,"featured_media":39338,"comment_status":"open","ping_status":"open","sticky":false,"template":"","format":"standard","meta":{"_acf_changed":false,"jetpack_post_was_ever_published":false,"_jetpack_newsletter_access":"","_jetpack_dont_email_post_to_subs":false,"_jetpack_newsletter_tier_id":0,"_jetpack_memberships_contains_paywalled_content":false,"_jetpack_memberships_contains_paid_content":false,"footnotes":"","jetpack_publicize_message":"","jetpack_publicize_feature_enabled":true,"jetpack_social_post_already_shared":true,"jetpack_social_options":{"image_generator_settings":{"template":"highway","default_image_id":0,"font":"","enabled":false},"version":2}},"categories":[8,3],"tags":[],"class_list":["post-39337","post","type-post","status-publish","format-standard","has-post-thumbnail","hentry","category-knjige","category-novosti"],"acf":{"facebook_opis":""},"jetpack_publicize_connections":[],"jetpack_featured_media_url":"https:\/\/i0.wp.com\/historiografija.hr\/wp-content\/uploads\/2024\/01\/Cankar.jpg?fit=514%2C800&ssl=1","jetpack_sharing_enabled":true,"jetpack-related-posts":[],"_links":{"self":[{"href":"https:\/\/historiografija.hr\/index.php?rest_route=\/wp\/v2\/posts\/39337","targetHints":{"allow":["GET"]}}],"collection":[{"href":"https:\/\/historiografija.hr\/index.php?rest_route=\/wp\/v2\/posts"}],"about":[{"href":"https:\/\/historiografija.hr\/index.php?rest_route=\/wp\/v2\/types\/post"}],"author":[{"embeddable":true,"href":"https:\/\/historiografija.hr\/index.php?rest_route=\/wp\/v2\/users\/2"}],"replies":[{"embeddable":true,"href":"https:\/\/historiografija.hr\/index.php?rest_route=%2Fwp%2Fv2%2Fcomments&post=39337"}],"version-history":[{"count":1,"href":"https:\/\/historiografija.hr\/index.php?rest_route=\/wp\/v2\/posts\/39337\/revisions"}],"predecessor-version":[{"id":39339,"href":"https:\/\/historiografija.hr\/index.php?rest_route=\/wp\/v2\/posts\/39337\/revisions\/39339"}],"wp:featuredmedia":[{"embeddable":true,"href":"https:\/\/historiografija.hr\/index.php?rest_route=\/wp\/v2\/media\/39338"}],"wp:attachment":[{"href":"https:\/\/historiografija.hr\/index.php?rest_route=%2Fwp%2Fv2%2Fmedia&parent=39337"}],"wp:term":[{"taxonomy":"category","embeddable":true,"href":"https:\/\/historiografija.hr\/index.php?rest_route=%2Fwp%2Fv2%2Fcategories&post=39337"},{"taxonomy":"post_tag","embeddable":true,"href":"https:\/\/historiografija.hr\/index.php?rest_route=%2Fwp%2Fv2%2Ftags&post=39337"}],"curies":[{"name":"wp","href":"https:\/\/api.w.org\/{rel}","templated":true}]}}