{"id":39314,"date":"2024-01-26T22:38:14","date_gmt":"2024-01-26T22:38:14","guid":{"rendered":"http:\/\/historiografija.hr\/?p=39314"},"modified":"2024-01-26T22:38:58","modified_gmt":"2024-01-26T22:38:58","slug":"katalog-izlozbe-partizanske-bolnice-u-drugom-svjetskom-ratu-u-bihackoj-krajini","status":"publish","type":"post","link":"https:\/\/historiografija.hr\/?p=39314","title":{"rendered":"Katalog izlo\u017ebe \u201ePartizanske bolnice u Drugom svjetskom ratu u Biha\u0107koj krajini\u201c"},"content":{"rendered":"\n<p>Muzej Unsko-sanskog kantona je objavio katalog &#8220;Partizanske bolnice u Drugom svjetskom ratu u Biha\u0107koj krajini&#8221; Dine Dupanovi\u0107a. Katalog donosi pregled razvoja partizanskih bolnica na podru\u010dju Grme\u010da tokom Drugog svjetskog rata i radu medicinskog osoblja. Pored toga, u prilogu se nalazi zna\u010dajan pregled fotografija izgleda bolnica i trodimenzionalnih predmeta iz fototeke i zbirke Muzej Unsko-sanskog kantona. U posljednjem dijelu prikazan je izgled stanja Spomen kompleksa Kor\u010danica na Grme\u010du, ali i tekst o njegovoj gradnji. Recenzenti kataloga su prof. dr. Husnija Kamberovi\u0107, Nata\u0161a Matau\u0161i\u0107, muzejska savjetnica i Nijazija Maslak, muzejski savjetnik. Urednica kataloga je Sanja Horvatin\u010di\u0107.<\/p>\n\n\n\n<p>Izlo\u017eba Partizanske bolnice u Drugom svjetskom ratu u Biha\u0107koj krajini, kao i cjelokupan istra\u017eiva\u010dki proces, nastali su kao rezultat projekta Europsko antifa\u0161isti\u010dko naslije\u0111e &#8211; Put gra\u0111anske hrabrosti u organizaciji i pod pokroviteljstvom Saveza antifa\u0161isti\u010dkih boraca i antifa\u0161ista Republike Hrvatske. U\u010desnik i saradnik ovog projekta bio je i JU Muzej Unsko-sanskog kantona, odnosno, historijsko odjeljenje pod rukovodstvom kustosa Dine Dupanovi\u0107a. Pored partizanske bolnice na Kor\u010danici, kolege iz Slovenije i Hrvatske u okviru svog istra\u017eiva\u010dkog procesa javnosti su predstavili rezultate svoga rada, a koji su bili bazirani na druge partizanske bolnice, bolnicu Franja u Sloveniji i bolnicu Petrova Gora u Hrvatskoj.<\/p>\n\n\n\n<p>Po prvi put izlo\u017eba Partizanske bolnice u Drugom svjetskom ratu u Biha\u0107koj krajini muzejskoj publici predstavljena je u Biha\u0107u 18. maja 2021. godine u Izlo\u017ebenom salonu JU Muzeja Unsko-sanskog kantona. Izlo\u017eba je zatim gostovala u Sarajevu, na otvorenju History Fest 7. juna 2022. godine. Nakon toga izlo\u017eba je 28. juna 2022. godine predstavljena publici u Jablanici u Muzej &#8220;Bitka za ranjenike na Neretvi&#8221; Jablanica, u sklopu manifestacije Dani Muzeja.<\/p>\n\n\n\n<hr class=\"wp-block-separator\"\/>\n\n\n\n<p>Preneseno s portala <strong>Historiografija.ba<\/strong>:<\/p>\n\n\n\n<p><a href=\"https:\/\/historiografija.ba\/article.php?id=2226\">https:\/\/historiografija.ba\/article.php?id=2226<\/a><\/p>\n\n\n\n<hr class=\"wp-block-separator\"\/>\n","protected":false},"excerpt":{"rendered":"","protected":false},"author":2,"featured_media":39315,"comment_status":"open","ping_status":"open","sticky":false,"template":"","format":"standard","meta":{"_acf_changed":false,"jetpack_post_was_ever_published":false,"_jetpack_newsletter_access":"","_jetpack_dont_email_post_to_subs":false,"_jetpack_newsletter_tier_id":0,"_jetpack_memberships_contains_paywalled_content":false,"_jetpack_memberships_contains_paid_content":false,"footnotes":"","jetpack_publicize_message":"","jetpack_publicize_feature_enabled":true,"jetpack_social_post_already_shared":true,"jetpack_social_options":{"image_generator_settings":{"template":"highway","default_image_id":0,"font":"","enabled":false},"version":2}},"categories":[10,8,3],"tags":[],"class_list":["post-39314","post","type-post","status-publish","format-standard","has-post-thumbnail","hentry","category-izlozbe","category-knjige","category-novosti"],"acf":{"facebook_opis":""},"jetpack_publicize_connections":[],"jetpack_featured_media_url":"https:\/\/i0.wp.com\/historiografija.hr\/wp-content\/uploads\/2024\/01\/dupanovic-katalog-partizanske-bolnice.jpg?fit=450%2C625&ssl=1","jetpack_sharing_enabled":true,"jetpack-related-posts":[],"_links":{"self":[{"href":"https:\/\/historiografija.hr\/index.php?rest_route=\/wp\/v2\/posts\/39314","targetHints":{"allow":["GET"]}}],"collection":[{"href":"https:\/\/historiografija.hr\/index.php?rest_route=\/wp\/v2\/posts"}],"about":[{"href":"https:\/\/historiografija.hr\/index.php?rest_route=\/wp\/v2\/types\/post"}],"author":[{"embeddable":true,"href":"https:\/\/historiografija.hr\/index.php?rest_route=\/wp\/v2\/users\/2"}],"replies":[{"embeddable":true,"href":"https:\/\/historiografija.hr\/index.php?rest_route=%2Fwp%2Fv2%2Fcomments&post=39314"}],"version-history":[{"count":2,"href":"https:\/\/historiografija.hr\/index.php?rest_route=\/wp\/v2\/posts\/39314\/revisions"}],"predecessor-version":[{"id":39317,"href":"https:\/\/historiografija.hr\/index.php?rest_route=\/wp\/v2\/posts\/39314\/revisions\/39317"}],"wp:featuredmedia":[{"embeddable":true,"href":"https:\/\/historiografija.hr\/index.php?rest_route=\/wp\/v2\/media\/39315"}],"wp:attachment":[{"href":"https:\/\/historiografija.hr\/index.php?rest_route=%2Fwp%2Fv2%2Fmedia&parent=39314"}],"wp:term":[{"taxonomy":"category","embeddable":true,"href":"https:\/\/historiografija.hr\/index.php?rest_route=%2Fwp%2Fv2%2Fcategories&post=39314"},{"taxonomy":"post_tag","embeddable":true,"href":"https:\/\/historiografija.hr\/index.php?rest_route=%2Fwp%2Fv2%2Ftags&post=39314"}],"curies":[{"name":"wp","href":"https:\/\/api.w.org\/{rel}","templated":true}]}}