{"id":39289,"date":"2024-01-25T11:09:50","date_gmt":"2024-01-25T11:09:50","guid":{"rendered":"http:\/\/historiografija.hr\/?p=39289"},"modified":"2024-03-27T22:20:01","modified_gmt":"2024-03-27T22:20:01","slug":"novi-brojevi-casopisa-za-suvremenu-povijest-i-polemika-globacnik-guzvica","status":"publish","type":"post","link":"https:\/\/historiografija.hr\/?p=39289","title":{"rendered":"Novi brojevi \u201e\u010casopisa za suvremenu povijest\u201c i polemika Globa\u010dnik \u2013 Gu\u017evica"},"content":{"rendered":"\n<p>Kao i dosad, u 2023. godini objavljena su tri broja \u201e\u010casopisa za suvremenu povijest\u201c u cijelosti dostupna na Portalu hrvatskih znanstvenih i stru\u010dnih \u010dasopisa \u2013 Hr\u010dak. Pozornost javnosti ve\u0107 je izazvala polemika izme\u0111u Matka Globa\u010dnika i Stefana Gu\u017evice.<\/p>\n\n\n\n<hr class=\"wp-block-separator\"\/>\n\n\n\n<p><strong>\u010casopis za suvremenu povijest<\/strong>, Vol. 55 No. 1, 2023.<\/p>\n\n\n\n<p><a href=\"https:\/\/hrcak.srce.hr\/broj\/23881\">https:\/\/hrcak.srce.hr\/broj\/23881<\/a><\/p>\n\n\n\n<hr class=\"wp-block-separator\"\/>\n\n\n\n<p><strong>\u010casopis za suvremenu povijest<\/strong>, Vol. 55 No. 2, 2023.<\/p>\n\n\n\n<p><a href=\"https:\/\/hrcak.srce.hr\/broj\/24213\">https:\/\/hrcak.srce.hr\/broj\/24213<\/a><\/p>\n\n\n\n<hr class=\"wp-block-separator\"\/>\n\n\n\n<p><strong>\u010casopis za suvremenu povijest<\/strong>, Vol. 55 No. 3, 2023.<\/p>\n\n\n\n<p><a href=\"https:\/\/hrcak.srce.hr\/broj\/24225\">https:\/\/hrcak.srce.hr\/broj\/24225<\/a><\/p>\n\n\n\n<hr class=\"wp-block-separator\"\/>\n\n\n\n<p><strong>Polemika<\/strong><\/p>\n\n\n\n<hr class=\"wp-block-separator\"\/>\n\n\n\n<p><strong>Matko Globa\u010dnik<\/strong><\/p>\n\n\n\n<p>Recenzija<\/p>\n\n\n\n<p>Stefan Gu\u017evica, Prije Tita. Frakcijske borbe u Komunisti\u010dkoj partiji Jugoslavije 1936-1940., prevela Dora Kosor\u010di\u0107 (Zagreb: Srednja Europa, 2020), 156 str.<\/p>\n\n\n\n<p><em>\u010casopis za suvremenu povijest<\/em>, Vol. 55 No. 1, 2023.<\/p>\n\n\n\n<p><a href=\"https:\/\/hrcak.srce.hr\/308914\">https:\/\/hrcak.srce.hr\/308914<\/a><\/p>\n\n\n\n<hr class=\"wp-block-separator\"\/>\n\n\n\n<p><strong>Stefan Gu\u017evica<\/strong><\/p>\n\n\n\n<p>Reagiranje, polemika<\/p>\n\n\n\n<p>Smiju li marksisti biti povjesni\u010dari? Odgovor na kritiku Matka Globa\u010dnika<\/p>\n\n\n\n<p><em>\u010casopis za suvremenu povijest<\/em>, Vol. 55 No. 2, 2023.<\/p>\n\n\n\n<p><a href=\"https:\/\/hrcak.srce.hr\/313164\">https:\/\/hrcak.srce.hr\/313164<\/a><\/p>\n\n\n\n<hr class=\"wp-block-separator\"\/>\n\n\n\n<p><strong>Matko Globa\u010dnik<\/strong><\/p>\n\n\n\n<p>Reagiranje, polemika<\/p>\n\n\n\n<p>Odgovor na reakciju autora u povodu recenzije knjige Prije Tita. Frakcijske borbe u Komunisti\u010dkoj partiji Jugoslavije 1936-1940., objavljenom u br. 55\/1 \u010casopisa za suvremenu povijest<\/p>\n\n\n\n<p><em>\u010casopis za suvremenu povijest<\/em>, Vol. 55 No. 3, 2023.<\/p>\n\n\n\n<p><a href=\"https:\/\/hrcak.srce.hr\/313262\">https:\/\/hrcak.srce.hr\/313262<\/a><\/p>\n\n\n\n<hr class=\"wp-block-separator\"\/>\n\n\n\n<p><strong>Odjeci:<\/strong><\/p>\n\n\n\n<p><a href=\"https:\/\/historiografija.ba\/article.php?id=2211\">https:\/\/historiografija.ba\/article.php?id=2211<\/a><\/p>\n\n\n\n<p><a href=\"https:\/\/historiografija.ba\/article.php?id=2231\">https:\/\/historiografija.ba\/article.php?id=2231<\/a><\/p>\n\n\n\n<hr class=\"wp-block-separator\"\/>\n\n\n\n<p><a href=\"https:\/\/www.portalnovosti.com\/stefan-guzvica-marksizam-je-neophodan-za-razumevanje-savremenih-problema\">https:\/\/www.portalnovosti.com\/stefan-guzvica-marksizam-je-neophodan-za-razumevanje-savremenih-problema<\/a><\/p>\n\n\n\n<hr class=\"wp-block-separator\"\/>\n","protected":false},"excerpt":{"rendered":"","protected":false},"author":2,"featured_media":39290,"comment_status":"open","ping_status":"open","sticky":false,"template":"","format":"standard","meta":{"_acf_changed":false,"jetpack_post_was_ever_published":false,"_jetpack_newsletter_access":"","_jetpack_dont_email_post_to_subs":false,"_jetpack_newsletter_tier_id":0,"_jetpack_memberships_contains_paywalled_content":false,"_jetpack_memberships_contains_paid_content":false,"footnotes":"","jetpack_publicize_message":"","jetpack_publicize_feature_enabled":true,"jetpack_social_post_already_shared":true,"jetpack_social_options":{"image_generator_settings":{"template":"highway","default_image_id":0,"font":"","enabled":false},"version":2}},"categories":[21,3,17],"tags":[],"class_list":["post-39289","post","type-post","status-publish","format-standard","has-post-thumbnail","hentry","category-casopisi","category-novosti","category-rasprave"],"acf":{"facebook_opis":""},"jetpack_publicize_connections":[],"jetpack_featured_media_url":"https:\/\/i0.wp.com\/historiografija.hr\/wp-content\/uploads\/2024\/01\/casopis-za-suvremenu-povijest-3-2023.jpg?fit=450%2C598&ssl=1","jetpack_sharing_enabled":true,"jetpack-related-posts":[],"_links":{"self":[{"href":"https:\/\/historiografija.hr\/index.php?rest_route=\/wp\/v2\/posts\/39289","targetHints":{"allow":["GET"]}}],"collection":[{"href":"https:\/\/historiografija.hr\/index.php?rest_route=\/wp\/v2\/posts"}],"about":[{"href":"https:\/\/historiografija.hr\/index.php?rest_route=\/wp\/v2\/types\/post"}],"author":[{"embeddable":true,"href":"https:\/\/historiografija.hr\/index.php?rest_route=\/wp\/v2\/users\/2"}],"replies":[{"embeddable":true,"href":"https:\/\/historiografija.hr\/index.php?rest_route=%2Fwp%2Fv2%2Fcomments&post=39289"}],"version-history":[{"count":3,"href":"https:\/\/historiografija.hr\/index.php?rest_route=\/wp\/v2\/posts\/39289\/revisions"}],"predecessor-version":[{"id":40232,"href":"https:\/\/historiografija.hr\/index.php?rest_route=\/wp\/v2\/posts\/39289\/revisions\/40232"}],"wp:featuredmedia":[{"embeddable":true,"href":"https:\/\/historiografija.hr\/index.php?rest_route=\/wp\/v2\/media\/39290"}],"wp:attachment":[{"href":"https:\/\/historiografija.hr\/index.php?rest_route=%2Fwp%2Fv2%2Fmedia&parent=39289"}],"wp:term":[{"taxonomy":"category","embeddable":true,"href":"https:\/\/historiografija.hr\/index.php?rest_route=%2Fwp%2Fv2%2Fcategories&post=39289"},{"taxonomy":"post_tag","embeddable":true,"href":"https:\/\/historiografija.hr\/index.php?rest_route=%2Fwp%2Fv2%2Ftags&post=39289"}],"curies":[{"name":"wp","href":"https:\/\/api.w.org\/{rel}","templated":true}]}}