{"id":39271,"date":"2024-01-24T15:45:55","date_gmt":"2024-01-24T15:45:55","guid":{"rendered":"http:\/\/historiografija.hr\/?p=39271"},"modified":"2024-01-24T15:45:55","modified_gmt":"2024-01-24T15:45:55","slug":"der-korper-in-der-fruhen-neuzeit-praktiken-rituale-performanz","status":"publish","type":"post","link":"https:\/\/historiografija.hr\/?p=39271","title":{"rendered":"Der K\u00f6rper in der Fr\u00fchen Neuzeit. Praktiken, Rituale, Performanz"},"content":{"rendered":"\n<p>Objavljen je 2023. godine zbornik \u201eTijelo u ranom novom vijeku. Prakse, rituali, izvedba\u201c koji je uredio Mark Hengerer, kao jo\u0161 jedan prilog u polju historije tijela. U Zborniku je objavljen i rad Zrinke Bla\u017eevi\u0107 o transkulturnom maskulinitetu u autobiografiji Osman-age Temi\u0161varskog.<\/p>\n\n\n\n<hr class=\"wp-block-separator\"\/>\n\n\n\n<p>Vergesellschaftung in der Fr\u00fchen Neuzeit verlief ganz wesentlich \u00fcber das Arrangement und die semiotische Aufladung von menschlichen K\u00f6rpern. Im Zentrum der letzten Tagung des Wolfenb\u00fctteler Barock-Arbeitskreises standen K\u00f6rperpraktiken im gesamten Spektrum von eher instrumentellen K\u00f6rpertechniken bis hin zu zeichenhaft-performativen Ritualen und Inszenierungen. In den Blick r\u00fcckten so Fragen nach der Historizit\u00e4t von K\u00f6rperpraktiken, nach dem Spannungsfeld von Normativit\u00e4t und Alltagshandeln, nach dem Wechselspiel von der nur scheinbaren Statik der Rituale und gesellschaftlicher Dynamik, nach dem Gegensatz von Stabilisierung und Legitimierung sozialer Ordnung sowie den M\u00f6glichkeiten von Ironisierung und Subversion.<\/p>\n\n\n\n<p>Die Beitr\u00e4ge des aus der Tagung hervorgegangenen Bandes dokumentieren eine interdisziplin\u00e4re Sicht auf relevante Aspekte des K\u00f6rpers im Barock und lassen sich vier inhaltlichen Sektionen zuordnen: den K\u00f6rperpraktiken in den Feldern von Reli\u00adgion und Magie, den K\u00f6rperpraktiken in den Feldern von Recht und Politik, den K\u00f6rperpraktiken in Narrativen und Visualisierungen sowie den K\u00f6rperpraktiken in den Bereichen inszenierter Performanz und B\u00fchne.<br><br>Der K\u00f6rper der Fr\u00fchen Neuzeit ist der letzte Band der Reihe Wolfenb\u00fctteler <em>Arbeiten zur Barockforschung<\/em>.<\/p>\n\n\n\n<hr class=\"wp-block-separator\"\/>\n\n\n\n<p>Inhaltsverzeichnis:<\/p>\n\n\n\n<p><a href=\"https:\/\/www.harrassowitz-verlag.de\/Der_K%C3%B6rper_in_der_Fr%C3%BChen_Neuzeit\/titel_7315.ahtml\">https:\/\/www.harrassowitz-verlag.de\/Der_K%C3%B6rper_in_der_Fr%C3%BChen_Neuzeit\/titel_7315.ahtml<\/a><\/p>\n\n\n\n<hr class=\"wp-block-separator\"\/>\n","protected":false},"excerpt":{"rendered":"","protected":false},"author":2,"featured_media":39272,"comment_status":"open","ping_status":"open","sticky":false,"template":"","format":"standard","meta":{"_acf_changed":false,"jetpack_post_was_ever_published":false,"_jetpack_newsletter_access":"","_jetpack_dont_email_post_to_subs":false,"_jetpack_newsletter_tier_id":0,"_jetpack_memberships_contains_paywalled_content":false,"_jetpack_memberships_contains_paid_content":false,"footnotes":"","jetpack_publicize_message":"","jetpack_publicize_feature_enabled":true,"jetpack_social_post_already_shared":true,"jetpack_social_options":{"image_generator_settings":{"template":"highway","default_image_id":0,"font":"","enabled":false},"version":2}},"categories":[8,3],"tags":[],"class_list":["post-39271","post","type-post","status-publish","format-standard","has-post-thumbnail","hentry","category-knjige","category-novosti"],"acf":{"facebook_opis":""},"jetpack_publicize_connections":[],"jetpack_featured_media_url":"https:\/\/i0.wp.com\/historiografija.hr\/wp-content\/uploads\/2024\/01\/Korper.png?fit=439%2C600&ssl=1","jetpack_sharing_enabled":true,"jetpack-related-posts":[],"_links":{"self":[{"href":"https:\/\/historiografija.hr\/index.php?rest_route=\/wp\/v2\/posts\/39271","targetHints":{"allow":["GET"]}}],"collection":[{"href":"https:\/\/historiografija.hr\/index.php?rest_route=\/wp\/v2\/posts"}],"about":[{"href":"https:\/\/historiografija.hr\/index.php?rest_route=\/wp\/v2\/types\/post"}],"author":[{"embeddable":true,"href":"https:\/\/historiografija.hr\/index.php?rest_route=\/wp\/v2\/users\/2"}],"replies":[{"embeddable":true,"href":"https:\/\/historiografija.hr\/index.php?rest_route=%2Fwp%2Fv2%2Fcomments&post=39271"}],"version-history":[{"count":1,"href":"https:\/\/historiografija.hr\/index.php?rest_route=\/wp\/v2\/posts\/39271\/revisions"}],"predecessor-version":[{"id":39273,"href":"https:\/\/historiografija.hr\/index.php?rest_route=\/wp\/v2\/posts\/39271\/revisions\/39273"}],"wp:featuredmedia":[{"embeddable":true,"href":"https:\/\/historiografija.hr\/index.php?rest_route=\/wp\/v2\/media\/39272"}],"wp:attachment":[{"href":"https:\/\/historiografija.hr\/index.php?rest_route=%2Fwp%2Fv2%2Fmedia&parent=39271"}],"wp:term":[{"taxonomy":"category","embeddable":true,"href":"https:\/\/historiografija.hr\/index.php?rest_route=%2Fwp%2Fv2%2Fcategories&post=39271"},{"taxonomy":"post_tag","embeddable":true,"href":"https:\/\/historiografija.hr\/index.php?rest_route=%2Fwp%2Fv2%2Ftags&post=39271"}],"curies":[{"name":"wp","href":"https:\/\/api.w.org\/{rel}","templated":true}]}}