{"id":39238,"date":"2024-01-23T14:14:11","date_gmt":"2024-01-23T14:14:11","guid":{"rendered":"http:\/\/historiografija.hr\/?p=39238"},"modified":"2024-01-23T14:14:11","modified_gmt":"2024-01-23T14:14:11","slug":"predstavljanje-knjige-ivana-mancea-kosinjska-tiskara-u-karlovcu","status":"publish","type":"post","link":"https:\/\/historiografija.hr\/?p=39238","title":{"rendered":"Predstavljanje knjige Ivana Mancea \u201cKosinjska tiskara\u201d u Karlovcu"},"content":{"rendered":"\n<p>Predstavljanje knjige Ivana Mancea \u201cKosinjska tiskara \u2013 povijesna, informacijska i kartografska studija\u201d bit \u0107e u petak, 26. sije\u010dnja 2024. u 18 sati u Gradskoj knji\u017enici \u201eIvan Goran Kova\u010di\u0107\u201c u Karlovcu. Osim autora knjigu \u0107e predstaviti i Tomislav Beroni\u0107 i Goran Majeti\u0107.<\/p>\n\n\n\n<hr class=\"wp-block-separator\"\/>\n\n\n\n<p>Izvor i dodatne obavijesti:<\/p>\n\n\n\n<figure class=\"wp-block-embed-wordpress wp-block-embed is-type-wp-embed is-provider-gradska-knjiznica\"><div class=\"wp-block-embed__wrapper\">\n<blockquote class=\"wp-embedded-content\" data-secret=\"Dj9GeJqPQZ\"><a href=\"https:\/\/gkka.hr\/kosinjska-tiskara-povijesna-informacijska-i-kartografska-studija\/\">\u201cKosinjska tiskara \u2013 povijesna, informacijska i kartografska studija\u201d<\/a><\/blockquote><iframe loading=\"lazy\" class=\"wp-embedded-content\" sandbox=\"allow-scripts\" security=\"restricted\" style=\"position: absolute; clip: rect(1px, 1px, 1px, 1px);\" title=\"&#8220;\u201cKosinjska tiskara \u2013 povijesna, informacijska i kartografska studija\u201d&#8221; &#8212; Gradska knji\u017enica\" src=\"https:\/\/gkka.hr\/kosinjska-tiskara-povijesna-informacijska-i-kartografska-studija\/embed\/#?secret=1z9u0WY7Nw#?secret=Dj9GeJqPQZ\" data-secret=\"Dj9GeJqPQZ\" width=\"600\" height=\"338\" frameborder=\"0\" marginwidth=\"0\" marginheight=\"0\" scrolling=\"no\"><\/iframe>\n<\/div><\/figure>\n\n\n\n<hr class=\"wp-block-separator\"\/>\n","protected":false},"excerpt":{"rendered":"","protected":false},"author":2,"featured_media":39239,"comment_status":"open","ping_status":"open","sticky":false,"template":"","format":"standard","meta":{"_acf_changed":false,"jetpack_post_was_ever_published":false,"_jetpack_newsletter_access":"","_jetpack_dont_email_post_to_subs":false,"_jetpack_newsletter_tier_id":0,"_jetpack_memberships_contains_paywalled_content":false,"_jetpack_memberships_contains_paid_content":false,"footnotes":"","jetpack_publicize_message":"","jetpack_publicize_feature_enabled":true,"jetpack_social_post_already_shared":true,"jetpack_social_options":{"image_generator_settings":{"template":"highway","default_image_id":0,"font":"","enabled":false},"version":2}},"categories":[3],"tags":[],"class_list":["post-39238","post","type-post","status-publish","format-standard","has-post-thumbnail","hentry","category-novosti"],"acf":{"facebook_opis":""},"jetpack_publicize_connections":[],"jetpack_featured_media_url":"https:\/\/i0.wp.com\/historiografija.hr\/wp-content\/uploads\/2024\/01\/Pozivnica-Karlovac.jpg?fit=2553%2C2560&ssl=1","jetpack_sharing_enabled":true,"jetpack-related-posts":[],"_links":{"self":[{"href":"https:\/\/historiografija.hr\/index.php?rest_route=\/wp\/v2\/posts\/39238","targetHints":{"allow":["GET"]}}],"collection":[{"href":"https:\/\/historiografija.hr\/index.php?rest_route=\/wp\/v2\/posts"}],"about":[{"href":"https:\/\/historiografija.hr\/index.php?rest_route=\/wp\/v2\/types\/post"}],"author":[{"embeddable":true,"href":"https:\/\/historiografija.hr\/index.php?rest_route=\/wp\/v2\/users\/2"}],"replies":[{"embeddable":true,"href":"https:\/\/historiografija.hr\/index.php?rest_route=%2Fwp%2Fv2%2Fcomments&post=39238"}],"version-history":[{"count":1,"href":"https:\/\/historiografija.hr\/index.php?rest_route=\/wp\/v2\/posts\/39238\/revisions"}],"predecessor-version":[{"id":39240,"href":"https:\/\/historiografija.hr\/index.php?rest_route=\/wp\/v2\/posts\/39238\/revisions\/39240"}],"wp:featuredmedia":[{"embeddable":true,"href":"https:\/\/historiografija.hr\/index.php?rest_route=\/wp\/v2\/media\/39239"}],"wp:attachment":[{"href":"https:\/\/historiografija.hr\/index.php?rest_route=%2Fwp%2Fv2%2Fmedia&parent=39238"}],"wp:term":[{"taxonomy":"category","embeddable":true,"href":"https:\/\/historiografija.hr\/index.php?rest_route=%2Fwp%2Fv2%2Fcategories&post=39238"},{"taxonomy":"post_tag","embeddable":true,"href":"https:\/\/historiografija.hr\/index.php?rest_route=%2Fwp%2Fv2%2Ftags&post=39238"}],"curies":[{"name":"wp","href":"https:\/\/api.w.org\/{rel}","templated":true}]}}