{"id":39218,"date":"2024-01-22T21:21:12","date_gmt":"2024-01-22T21:21:12","guid":{"rendered":"http:\/\/historiografija.hr\/?p=39218"},"modified":"2024-01-22T21:29:53","modified_gmt":"2024-01-22T21:29:53","slug":"urednistvo-casopisa-essehist-objavljuje-poziv-za-suradnju-na-petnaestom-broju-casopisa-medunarodne-udruge-studenata-povijesti-isha-e-osijek","status":"publish","type":"post","link":"https:\/\/historiografija.hr\/?p=39218","title":{"rendered":"UREDNI\u0160TVO \u010cASOPISA ESSEHIST OBJAVLJUJE POZIV za suradnju na petnaestom broju \u010dasopisa Me\u0111unarodne udruge studenata povijesti \u2013 ISHA-e Osijek"},"content":{"rendered":"\n<p>Pozivaju se studenti povijesti i drugih dru\u0161tveno-humanisti\u010dkih znanosti na suradnju pri oblikovanju ovogodi\u0161njega broja \u010dasopisa studenata povijesti <em>Essehist<\/em>. Studenti trebaju poslati svoje <strong>autorske \u010dlanke <\/strong>(stru\u010dne radove, pregledne radove, izvorne znanstvene radove)<strong> i recenzije <\/strong>(kriti\u010dke osvrte, komentare te prikaze)<strong> pisanih radova ili medijskih adaptacija koje se bave povijesnom ili srodnom tematikom<\/strong>.<\/p>\n\n\n\n<p>Uredni\u0161tvo \u010dasopisa poti\u010de pisanje <strong>interdisciplinarnih radova <\/strong>(sociolo\u0161kim, kulturolo\u0161kim, knji\u017eevno-znanstvenim, filozofskim, psiholo\u0161kim, pedago\u0161kim, teorijskim itd.) prema navedenoj temi u kasnijem tekstu. Prihva\u0107aju se radovi na <strong>hrvatskom<\/strong> i <strong>engleskom<\/strong> <strong>jeziku<\/strong>.<\/p>\n\n\n\n<p><strong>Tema je petnaestoga broja \u010dasopisa <em>Essehist <\/em>povijest Crkve.<\/strong><\/p>\n\n\n\n<p>Povijest Crkve intrigantna je tema koja progovara o povijesnom razvoju Crkve kao institucije od samih za\u010detaka pa sve do dana\u0161njice. Klerikalni sloj bio je prisutan u gotovo svim porama dru\u0161tva te su se tijekom povijesti odvijali brojni doga\u0111aji u kojima je Crkva imala odre\u0111enu ulogu. Utjecaj Crkve mo\u017ee se prou\u010davati od najni\u017eih slojeva dru\u0161tva, odnosno od mikrokontekstualnih zbivanja pa sve do dru\u0161tvenih doga\u0111aja koji su mijenjali globalnu povijest. Navedena institucija mo\u017ee se promatrati s brojnih gledi\u0161ta \u0161to doprinosi interdisciplinarnosti pri istra\u017eivanju ove teme. Pri prou\u010davanju crkvenoga utjecaja povjesni\u010dari se slu\u017ee brojnim izvorima poput kronika i dnevnika pojedinih sve\u0107enika i biskupa, mati\u010dnih knjiga, kanonskih vizitacija, arhivskih fondova i zbirki razli\u010ditih stvaratelja te drugim pisanim, ali i materijalnim te vizualnim izvorima. Povijest Crkve mo\u017ee se potencijalno istra\u017eivati prema sljede\u0107im temama:<\/p>\n\n\n\n<ul class=\"wp-block-list\"><li><strong>Djelovanje odabranih papa i ostalih pripadnika klera<\/strong><strong><\/strong><\/li><li><strong>Mikrokontektualni utjecaj odre\u0111enih fratara ili sve\u0107enika <\/strong><strong><\/strong><\/li><li><strong>Progoni klera (npr. represija protiv klera u SFRJ, avinjonsko su\u017eanjstvo i sl.)<\/strong><strong><\/strong><\/li><li><strong>Kri\u017earski te ratovi i doga\u0111aji u kojima je Crkva imala odre\u0111eni utjecaj (primjerice inkvizicija, Lateranski ugovori itd.)<\/strong><strong><\/strong><\/li><li><strong>Sveta\u010dki kultovi, hagiografija, hodo\u010da\u0161\u0107a i hodo\u010dasni\u010dka sredi\u0161ta, relikvije<\/strong><strong><\/strong><\/li><li><strong>Djelovanje (pripadnika) crkvenih redova u razli\u010ditim djelatnostima (odgoj i obrazovanje, knji\u017eevno-umjetni\u010dko podru\u010dje i sl.)<\/strong><strong><\/strong><\/li><li><strong>Materijalna ba\u0161tina (arhitektura i gra\u0111evine, spomeni\u010dka ba\u0161tina i sl.)<\/strong><strong><\/strong><\/li><li><strong>Primjeri klerikalnog djelovanja i \u017eivota u knji\u017eevno-umjetni\u010dkim prikazima<\/strong><strong><\/strong><\/li><\/ul>\n\n\n\n<p><strong>Uz ta podru\u010dja potencijalnog istra\u017eivanja, mogu\u0107e je istra\u017eiti brojne druge teme koje su povezane s temom povijesti Crkve.<\/strong><\/p>\n\n\n\n<p><strong>Rok za slanje radova do 6. svibnja 2024. godine. <\/strong>Isporu\u010deni radovi do tog roka bit \u0107e pregledani od \u010dlanova uredni\u0161tva te \u0107e, ako ispunjavaju uvjete, biti objavljeni u <em>Essehistu<\/em>.<\/p>\n\n\n\n<p>Radovi se \u0161alju na e-mail adresu <a href=\"mailto:essehist@gmail.com\">essehist@gmail.com<\/a>.<\/p>\n\n\n\n<p>Autori koji po\u0161alju radove bit \u0107e obavije\u0161teni o rezultatima natje\u010daja po isteku roka za slanje.<\/p>\n\n\n\n<hr class=\"wp-block-separator\"\/>\n\n\n\n<p>Osijek, sije\u010danj 2024.<\/p>\n\n\n\n<p>Uredni\u0161tvo \u010dasopisa <em>Essehist<\/em><\/p>\n\n\n\n<hr class=\"wp-block-separator\"\/>\n\n\n\n<p><strong>Upute za autore<\/strong> mogu se prona\u0107i na profilu \u010dasopisa <em>Essehist<\/em> na stranicama Hr\u010dka \u2013 Portala znanstvenih \u010dasopisa Republike Hrvatske, na sljede\u0107oj poveznici: <a href=\"https:\/\/hrcak.srce.hr\/essehist\">https:\/\/hrcak.srce.hr\/essehist<\/a>, ili u ostatku poziva.<\/p>\n\n\n\n<hr class=\"wp-block-separator\"\/>\n\n\n\n<div class=\"wp-block-file\"><a href=\"https:\/\/historiografija.hr\/wp-content\/uploads\/2024\/01\/Essehist_2024_poziv.pdf\">Essehist_2024_poziv<\/a><a href=\"https:\/\/historiografija.hr\/wp-content\/uploads\/2024\/01\/Essehist_2024_poziv.pdf\" class=\"wp-block-file__button\" download>Preuzmi<\/a><\/div>\n\n\n\n<hr class=\"wp-block-separator\"\/>\n","protected":false},"excerpt":{"rendered":"","protected":false},"author":2,"featured_media":18618,"comment_status":"open","ping_status":"open","sticky":false,"template":"","format":"standard","meta":{"_acf_changed":false,"jetpack_post_was_ever_published":false,"_jetpack_newsletter_access":"","_jetpack_dont_email_post_to_subs":false,"_jetpack_newsletter_tier_id":0,"_jetpack_memberships_contains_paywalled_content":false,"_jetpack_memberships_contains_paid_content":false,"footnotes":"","jetpack_publicize_message":"","jetpack_publicize_feature_enabled":true,"jetpack_social_post_already_shared":true,"jetpack_social_options":{"image_generator_settings":{"template":"highway","default_image_id":0,"font":"","enabled":false},"version":2}},"categories":[21,3],"tags":[],"class_list":["post-39218","post","type-post","status-publish","format-standard","has-post-thumbnail","hentry","category-casopisi","category-novosti"],"acf":{"facebook_opis":""},"jetpack_publicize_connections":[],"jetpack_featured_media_url":"https:\/\/i0.wp.com\/historiografija.hr\/wp-content\/uploads\/2020\/01\/ISHA-OS.jpg?fit=209%2C210&ssl=1","jetpack_sharing_enabled":true,"jetpack-related-posts":[],"_links":{"self":[{"href":"https:\/\/historiografija.hr\/index.php?rest_route=\/wp\/v2\/posts\/39218","targetHints":{"allow":["GET"]}}],"collection":[{"href":"https:\/\/historiografija.hr\/index.php?rest_route=\/wp\/v2\/posts"}],"about":[{"href":"https:\/\/historiografija.hr\/index.php?rest_route=\/wp\/v2\/types\/post"}],"author":[{"embeddable":true,"href":"https:\/\/historiografija.hr\/index.php?rest_route=\/wp\/v2\/users\/2"}],"replies":[{"embeddable":true,"href":"https:\/\/historiografija.hr\/index.php?rest_route=%2Fwp%2Fv2%2Fcomments&post=39218"}],"version-history":[{"count":5,"href":"https:\/\/historiografija.hr\/index.php?rest_route=\/wp\/v2\/posts\/39218\/revisions"}],"predecessor-version":[{"id":39226,"href":"https:\/\/historiografija.hr\/index.php?rest_route=\/wp\/v2\/posts\/39218\/revisions\/39226"}],"wp:featuredmedia":[{"embeddable":true,"href":"https:\/\/historiografija.hr\/index.php?rest_route=\/wp\/v2\/media\/18618"}],"wp:attachment":[{"href":"https:\/\/historiografija.hr\/index.php?rest_route=%2Fwp%2Fv2%2Fmedia&parent=39218"}],"wp:term":[{"taxonomy":"category","embeddable":true,"href":"https:\/\/historiografija.hr\/index.php?rest_route=%2Fwp%2Fv2%2Fcategories&post=39218"},{"taxonomy":"post_tag","embeddable":true,"href":"https:\/\/historiografija.hr\/index.php?rest_route=%2Fwp%2Fv2%2Ftags&post=39218"}],"curies":[{"name":"wp","href":"https:\/\/api.w.org\/{rel}","templated":true}]}}