{"id":39215,"date":"2024-01-22T21:08:27","date_gmt":"2024-01-22T21:08:27","guid":{"rendered":"http:\/\/historiografija.hr\/?p=39215"},"modified":"2024-03-01T09:33:10","modified_gmt":"2024-03-01T09:33:10","slug":"reakcije-na-pokretanje-prekrsajnog-postupka-protiv-povjesnicara-bobana-batricevica","status":"publish","type":"post","link":"https:\/\/historiografija.hr\/?p=39215","title":{"rendered":"Reakcije na pokretanje prekr\u0161ajnog postupka protiv povjesni\u010dara Bobana Batri\u0107evi\u0107a"},"content":{"rendered":"\n<p>Dana\u0161nje prvo ro\u010di\u0161te na Sudu za prekr\u0161aje u Podgorici protiv povjesni\u010dara Bobana Batri\u0107evi\u0107a (Fakultet za crnogorski jezik i knji\u017eevnost) zbog teksta kolumne odgo\u0111eno je za o\u017eujak. \u010citav je slu\u010daj izazvao veliku medijsku pozornost, kao i mnoge reakcije, priop\u0107enja i apele povjesni\u010dara i drugih, ne samo u zemlji nego i inozemstvu.<\/p>\n\n\n\n<hr class=\"wp-block-separator\"\/>\n\n\n\n<p>Apeli, priop\u0107enja, reakcije:<\/p>\n\n\n\n<p><a href=\"https:\/\/www.cdm.me\/drustvo\/apel-za-slobodu-kriticke-misli-i-protiv-sudskog-progona-batricevica\/\">https:\/\/www.cdm.me\/drustvo\/apel-za-slobodu-kriticke-misli-i-protiv-sudskog-progona-batricevica\/<\/a><\/p>\n\n\n\n<p><a href=\"https:\/\/www.cdm.me\/drustvo\/sistek-gradani-se-moraju-izboriti-za-slobodnu-crnu-goru\/\">https:\/\/www.cdm.me\/drustvo\/sistek-gradani-se-moraju-izboriti-za-slobodnu-crnu-goru\/<\/a><\/p>\n\n\n\n<figure class=\"wp-block-embed-wordpress wp-block-embed is-type-wp-embed is-provider-centar-za-gradansko-obrazovanje\"><div class=\"wp-block-embed__wrapper\">\n<blockquote class=\"wp-embedded-content\" data-secret=\"EdviIFFWif\"><a href=\"https:\/\/cgo-cce.org\/2023\/12\/21\/22-nvo-apeluju-na-drzavno-tuzilastvo-da-odustane-od-prekrsajnog-postupka-protiv-istoricara-bobana-batricevica\/\">22 NVO apeluju na dr\u017eavno tu\u017eila\u0161tvo da odustane od prekr\u0161ajnog postupka protiv istori\u010dara Bobana Batri\u0107evi\u0107a<\/a><\/blockquote><iframe loading=\"lazy\" class=\"wp-embedded-content\" sandbox=\"allow-scripts\" security=\"restricted\" style=\"position: absolute; clip: rect(1px, 1px, 1px, 1px);\" title=\"&#8220;22 NVO apeluju na dr\u017eavno tu\u017eila\u0161tvo da odustane od prekr\u0161ajnog postupka protiv istori\u010dara Bobana Batri\u0107evi\u0107a&#8221; &#8212; Centar za gra\u0111ansko obrazovanje\" src=\"https:\/\/cgo-cce.org\/2023\/12\/21\/22-nvo-apeluju-na-drzavno-tuzilastvo-da-odustane-od-prekrsajnog-postupka-protiv-istoricara-bobana-batricevica\/embed\/#?secret=v3ozZaltz2#?secret=EdviIFFWif\" data-secret=\"EdviIFFWif\" width=\"600\" height=\"338\" frameborder=\"0\" marginwidth=\"0\" marginheight=\"0\" scrolling=\"no\"><\/iframe>\n<\/div><\/figure>\n\n\n\n<figure class=\"wp-block-embed-wordpress wp-block-embed is-type-wp-embed is-provider-centar-za-gradansko-obrazovanje\"><div class=\"wp-block-embed__wrapper\">\n<blockquote class=\"wp-embedded-content\" data-secret=\"uUibvaF4he\"><a href=\"https:\/\/cgo-cce.org\/en\/2023\/12\/21\/22-ngos-appeal-to-the-state-prosecutors-office-to-drop-the-misdemeanour-proceedings-against-historian-boban-batricevic\/\">22 NGOs appeal to the State Prosecutor&#8217;s Office to drop the misdemeanour proceedings against historian Boban Batri\u0107evi\u0107<\/a><\/blockquote><iframe loading=\"lazy\" class=\"wp-embedded-content\" sandbox=\"allow-scripts\" security=\"restricted\" style=\"position: absolute; clip: rect(1px, 1px, 1px, 1px);\" title=\"&#8220;22 NGOs appeal to the State Prosecutor&#8217;s Office to drop the misdemeanour proceedings against historian Boban Batri\u0107evi\u0107&#8221; &#8212; Centar za gra\u0111ansko obrazovanje\" src=\"https:\/\/cgo-cce.org\/en\/2023\/12\/21\/22-ngos-appeal-to-the-state-prosecutors-office-to-drop-the-misdemeanour-proceedings-against-historian-boban-batricevic\/embed\/#?secret=kBM2508txv#?secret=uUibvaF4he\" data-secret=\"uUibvaF4he\" width=\"600\" height=\"338\" frameborder=\"0\" marginwidth=\"0\" marginheight=\"0\" scrolling=\"no\"><\/iframe>\n<\/div><\/figure>\n\n\n\n<figure class=\"wp-block-embed-wordpress wp-block-embed is-type-wp-embed is-provider-literary-review\"><div class=\"wp-block-embed__wrapper\">\n<blockquote class=\"wp-embedded-content\" data-secret=\"X2llKeO8fg\"><a href=\"https:\/\/literaryreview.co.uk\/boban-batricevic\">Boban Batri\u0107evi\u0107<\/a><\/blockquote><iframe loading=\"lazy\" class=\"wp-embedded-content\" sandbox=\"allow-scripts\" security=\"restricted\" style=\"position: absolute; clip: rect(1px, 1px, 1px, 1px);\" title=\"&#8220;Boban Batri\u0107evi\u0107&#8221; &#8212; Literary Review\" src=\"https:\/\/literaryreview.co.uk\/boban-batricevic\/embed#?secret=TkMcKtkJXt#?secret=X2llKeO8fg\" data-secret=\"X2llKeO8fg\" width=\"600\" height=\"338\" frameborder=\"0\" marginwidth=\"0\" marginheight=\"0\" scrolling=\"no\"><\/iframe>\n<\/div><\/figure>\n\n\n\n<p><a href=\"https:\/\/www.pen-international.org\/news\/montenegro-charges-against-pen-member-boban-batrievi-must-be-dropped\">https:\/\/www.pen-international.org\/news\/montenegro-charges-against-pen-member-boban-batrievi-must-be-dropped<\/a><\/p>\n\n\n\n<p><a href=\"https:\/\/www.standard.co.me\/drustvo\/internacionalni-pen-optuzbe-protiv-bobana-batricevica-moraju-biti-odbacene\/\">https:\/\/www.standard.co.me\/drustvo\/internacionalni-pen-optuzbe-protiv-bobana-batricevica-moraju-biti-odbacene\/<\/a><\/p>\n\n\n\n<hr class=\"wp-block-separator\"\/>\n\n\n\n<p>Iz medija:<\/p>\n\n\n\n<figure class=\"wp-block-embed-wordpress wp-block-embed is-type-wp-embed is-provider-nacional-hr\"><div class=\"wp-block-embed__wrapper\">\n<blockquote class=\"wp-embedded-content\" data-secret=\"zbkZMbBlfR\"><a href=\"https:\/\/www.nacional.hr\/crnogorski-povjesnicar-na-optuzenickoj-klupi-zbog-kolumne-napisao-da-popovi-spc-a-propovijedaju-srpski-nacionalizam\/\">Crnogorski povjesni\u010dar na optu\u017eeni\u010dkoj klupi zbog kolumne, napisao da &#8220;popovi SPC-a propovijedaju srpski nacionalizam&#8221;<\/a><\/blockquote><iframe loading=\"lazy\" class=\"wp-embedded-content\" sandbox=\"allow-scripts\" security=\"restricted\" style=\"position: absolute; clip: rect(1px, 1px, 1px, 1px);\" title=\"&#8220;Crnogorski povjesni\u010dar na optu\u017eeni\u010dkoj klupi zbog kolumne, napisao da &#8220;popovi SPC-a propovijedaju srpski nacionalizam&#8221;&#8221; &#8212; NACIONAL.HR\" src=\"https:\/\/www.nacional.hr\/crnogorski-povjesnicar-na-optuzenickoj-klupi-zbog-kolumne-napisao-da-popovi-spc-a-propovijedaju-srpski-nacionalizam\/embed\/#?secret=QZxx4WIB8w#?secret=zbkZMbBlfR\" data-secret=\"zbkZMbBlfR\" width=\"600\" height=\"338\" frameborder=\"0\" marginwidth=\"0\" marginheight=\"0\" scrolling=\"no\"><\/iframe>\n<\/div><\/figure>\n\n\n\n<p><a href=\"https:\/\/www.portalanalitika.me\/clanak\/pusic-drzava-koja-zeli-eu-i-demokratiju-mora-se-hitno-iskrcati-iz-ovog-vremeplova-bezumlja-montiranih-politickih-procesa\">https:\/\/www.portalanalitika.me\/clanak\/pusic-drzava-koja-zeli-eu-i-demokratiju-mora-se-hitno-iskrcati-iz-ovog-vremeplova-bezumlja-montiranih-politickih-procesa<\/a><\/p>\n\n\n\n<hr class=\"wp-block-separator\"\/>\n\n\n\n<p><a href=\"https:\/\/www.pobjeda.me\/clanak\/batricevic-ovo-je-pitanje-cijele-generacije-aktivista-najvaznija-pravna-pobjeda\">https:\/\/www.pobjeda.me\/clanak\/batricevic-ovo-je-pitanje-cijele-generacije-aktivista-najvaznija-pravna-pobjeda<\/a><\/p>\n\n\n\n<p><a href=\"https:\/\/www.cdm.me\/hronika\/ispred-suda-u-podgorici-skup-podrske-bobanu-batricevicu\/\">https:\/\/www.cdm.me\/hronika\/ispred-suda-u-podgorici-skup-podrske-bobanu-batricevicu\/<\/a><\/p>\n\n\n\n<p><a href=\"https:\/\/rtcg.me\/vijesti\/drustvo\/511318\/odgodjeno-sudjenje-batricevicu-protest-podrske-ispred-osnovnog-suda.html\">https:\/\/rtcg.me\/vijesti\/drustvo\/511318\/odgodjeno-sudjenje-batricevicu-protest-podrske-ispred-osnovnog-suda.html<\/a><\/p>\n\n\n\n<p><a href=\"https:\/\/www.vijesti.me\/vijesti\/politika\/690727\/tuziteljka-cuti-sudjenje-krece\">https:\/\/www.vijesti.me\/vijesti\/politika\/690727\/tuziteljka-cuti-sudjenje-krece<\/a><\/p>\n\n\n\n<hr class=\"wp-block-separator\"\/>\n\n\n\n<figure class=\"wp-block-embed-wordpress wp-block-embed is-type-wp-embed is-provider-dnevni-list-danas\"><div class=\"wp-block-embed__wrapper\">\n<blockquote class=\"wp-embedded-content\" data-secret=\"NsgZzIuAUp\"><a href=\"https:\/\/www.danas.rs\/kolumna\/aleksej-kisjuhas\/pogled-sa-cetinja\/\">Pogled sa Cetinja<\/a><\/blockquote><iframe loading=\"lazy\" class=\"wp-embedded-content\" sandbox=\"allow-scripts\" security=\"restricted\" style=\"position: absolute; clip: rect(1px, 1px, 1px, 1px);\" title=\"&#132;Pogled sa Cetinja&#147; &#8212; Dnevni list Danas\" src=\"https:\/\/www.danas.rs\/kolumna\/aleksej-kisjuhas\/pogled-sa-cetinja\/embed\/#?secret=0lqLSeqWjc#?secret=NsgZzIuAUp\" data-secret=\"NsgZzIuAUp\" width=\"600\" height=\"338\" frameborder=\"0\" marginwidth=\"0\" marginheight=\"0\" scrolling=\"no\"><\/iframe>\n<\/div><\/figure>\n\n\n\n<p><a href=\"https:\/\/www.slobodnaevropa.org\/a\/boban-batricevic-sud-crkva\/32786601.html\">https:\/\/www.slobodnaevropa.org\/a\/boban-batricevic-sud-crkva\/32786601.html<\/a><\/p>\n\n\n\n<p><a href=\"https:\/\/www.slobodna-bosna.ba\/vijest\/337340\/batricevic_nakon_danasnjeg_sudjenja_ovo_nije_pitanje_bobana_batricevica_vec_cijele_jedne_generacije_aktivista_koji_nastoje_da_ukazu_na_probleme_u_crnogorskom_drustvu.html\">https:\/\/www.slobodna-bosna.ba\/vijest\/337340\/batricevic_nakon_danasnjeg_sudjenja_ovo_nije_pitanje_bobana_batricevica_vec_cijele_jedne_generacije_aktivista_koji_nastoje_da_ukazu_na_probleme_u_crnogorskom_drustvu.html<\/a><\/p>\n\n\n\n<hr class=\"wp-block-separator\"\/>\n\n\n\n<p>Dodatak:<\/p>\n\n\n\n<p><a href=\"https:\/\/www.helsinki.org.rs\/serbian\/doc\/Cas%20anatemije.pdf\">https:\/\/www.helsinki.org.rs\/serbian\/doc\/Cas%20anatemije.pdf<\/a><\/p>\n\n\n\n<figure class=\"wp-block-embed-wordpress wp-block-embed is-type-wp-embed is-provider-autonomija\"><div class=\"wp-block-embed__wrapper\">\n<blockquote class=\"wp-embedded-content\" data-secret=\"QTVgKtU0sN\"><a href=\"https:\/\/autonomija.info\/boban-batricevic-cas-anatemije\/\">BOBAN BATRI\u0106EVI\u0106: \u010cas anatemije<\/a><\/blockquote><iframe loading=\"lazy\" class=\"wp-embedded-content\" sandbox=\"allow-scripts\" security=\"restricted\" style=\"position: absolute; clip: rect(1px, 1px, 1px, 1px);\" title=\"&#132;BOBAN BATRI\u0106EVI\u0106: \u010cas anatemije&#147; &#8212; Autonomija\" src=\"https:\/\/autonomija.info\/boban-batricevic-cas-anatemije\/embed\/#?secret=FGvTRZb01T#?secret=QTVgKtU0sN\" data-secret=\"QTVgKtU0sN\" width=\"600\" height=\"338\" frameborder=\"0\" marginwidth=\"0\" marginheight=\"0\" scrolling=\"no\"><\/iframe>\n<\/div><\/figure>\n\n\n\n<hr class=\"wp-block-separator\"\/>\n","protected":false},"excerpt":{"rendered":"","protected":false},"author":2,"featured_media":39216,"comment_status":"open","ping_status":"open","sticky":false,"template":"","format":"standard","meta":{"_acf_changed":false,"_jetpack_newsletter_access":"","_jetpack_dont_email_post_to_subs":false,"_jetpack_newsletter_tier_id":0,"_jetpack_memberships_contains_paywalled_content":false,"_jetpack_memberships_contains_paid_content":false,"footnotes":"","jetpack_publicize_message":"","jetpack_publicize_feature_enabled":true,"jetpack_social_post_already_shared":true,"jetpack_social_options":{"image_generator_settings":{"template":"highway","default_image_id":0,"font":"","enabled":false},"version":2},"jetpack_post_was_ever_published":false},"categories":[3],"tags":[],"class_list":["post-39215","post","type-post","status-publish","format-standard","has-post-thumbnail","hentry","category-novosti"],"acf":{"facebook_opis":""},"jetpack_publicize_connections":[],"jetpack_featured_media_url":"https:\/\/i0.wp.com\/historiografija.hr\/wp-content\/uploads\/2024\/01\/BB.png?fit=1142%2C738&ssl=1","jetpack_sharing_enabled":true,"jetpack-related-posts":[{"id":53183,"url":"https:\/\/historiografija.hr\/?p=53183","url_meta":{"origin":39215,"position":0},"title":"Komemoracija za dr. sc. Snje\u0161ku Kne\u017eevi\u0107","author":"Branimir Jankovi\u0107","date":"12. svibnja 2026.","format":false,"excerpt":"Komemoracija za dr. sc. Snje\u0161ku Kne\u017eevi\u0107 (Zagreb, 9. 12. 1938. \u2013 Zagreb, 16. 10. 2025.), istaknutu povjesni\u010darku umjetnosti, znanstvenu savjetnicu, knji\u017eevnu prevoditeljicu i radijsku urednicu, odr\u017eat \u0107e se u srijedu, 13. svibnja 2026. godine s po\u010detkom u 19:00 sati u Dru\u0161tvu arhitekata Zagreba (Trg bana Jela\u010di\u0107a 3\/1). O znanstvenom, umjetni\u010dkom\u2026","rel":"","context":"U &quot;Novosti&quot;","block_context":{"text":"Novosti","link":"https:\/\/historiografija.hr\/?cat=3"},"img":{"alt_text":"","src":"https:\/\/i0.wp.com\/historiografija.hr\/wp-content\/uploads\/2026\/05\/snjeska-knezevic-sasa-zinaja.jpg?fit=900%2C563&ssl=1&resize=350%2C200","width":350,"height":200,"srcset":"https:\/\/i0.wp.com\/historiografija.hr\/wp-content\/uploads\/2026\/05\/snjeska-knezevic-sasa-zinaja.jpg?fit=900%2C563&ssl=1&resize=350%2C200 1x, https:\/\/i0.wp.com\/historiografija.hr\/wp-content\/uploads\/2026\/05\/snjeska-knezevic-sasa-zinaja.jpg?fit=900%2C563&ssl=1&resize=525%2C300 1.5x, https:\/\/i0.wp.com\/historiografija.hr\/wp-content\/uploads\/2026\/05\/snjeska-knezevic-sasa-zinaja.jpg?fit=900%2C563&ssl=1&resize=700%2C400 2x"},"classes":[]},{"id":54218,"url":"https:\/\/historiografija.hr\/?p=54218","url_meta":{"origin":39215,"position":1},"title":"Dodijeljene nagrade Dru\u0161tva povjesni\u010dara umjetnosti Hrvatske za 2025. godinu","author":"Branimir Jankovi\u0107","date":"19. lipnja 2026.","format":false,"excerpt":"Nagrade Dru\u0161tva povjesni\u010dara umjetnosti Hrvatske dodjeljuju se ve\u0107 20 godina, s ciljem prepoznavanja i vrednovanja izvrsnosti u podru\u010dju povijesti umjetnosti, za\u0161tite ba\u0161tine, znanstvenog, pedago\u0161kog i stru\u010dnog rada. Nagrada za \u017eivotno djelo \u201eRadovan Ivan\u010devi\u0107\u201c 2025. godine dodijeljena je Ivanu Matej\u010di\u0107u. Godi\u0161nju nagradu za knjigu dobio je Laris Bori\u0107 za knjigu In\u2026","rel":"","context":"U &quot;Novosti&quot;","block_context":{"text":"Novosti","link":"https:\/\/historiografija.hr\/?cat=3"},"img":{"alt_text":"","src":"https:\/\/i0.wp.com\/historiografija.hr\/wp-content\/uploads\/2026\/06\/543.jpeg?fit=1200%2C1035&ssl=1&resize=350%2C200","width":350,"height":200,"srcset":"https:\/\/i0.wp.com\/historiografija.hr\/wp-content\/uploads\/2026\/06\/543.jpeg?fit=1200%2C1035&ssl=1&resize=350%2C200 1x, https:\/\/i0.wp.com\/historiografija.hr\/wp-content\/uploads\/2026\/06\/543.jpeg?fit=1200%2C1035&ssl=1&resize=525%2C300 1.5x, https:\/\/i0.wp.com\/historiografija.hr\/wp-content\/uploads\/2026\/06\/543.jpeg?fit=1200%2C1035&ssl=1&resize=700%2C400 2x, https:\/\/i0.wp.com\/historiografija.hr\/wp-content\/uploads\/2026\/06\/543.jpeg?fit=1200%2C1035&ssl=1&resize=1050%2C600 3x"},"classes":[]},{"id":5696,"url":"https:\/\/historiografija.hr\/?p=5696","url_meta":{"origin":39215,"position":2},"title":"Branimir Jankovi\u0107 \u2013 kolumna \u201cJavna povijest\u201d \u2013 Jesu li povjesni\u010dari u Hrvatskoj celebrity?","author":"Branimir Jankovi\u0107","date":"24. kolovoza 2017.","format":false,"excerpt":"Pitanje iz naslova vrijedi postaviti za bolje razumijevanje lokalnih specifi\u010dnosti kada ih su\u010delimo s odre\u0111enim globalnim procesima. Naime, etablirani specijalist javne povijesti Jerome de Groot u knjizi Consuming History: Historians and Heritage in Contemporary Popular Culture (2008; usp. osvrt S. Treskanice, Historijski zbornik, 2, 2013) \u2013 u kojoj identificira mnogobrojne\u2026","rel":"","context":"U &quot;Prikazi i osvrti&quot;","block_context":{"text":"Prikazi i osvrti","link":"https:\/\/historiografija.hr\/?cat=4"},"img":{"alt_text":"","src":"","width":0,"height":0},"classes":[]},{"id":26186,"url":"https:\/\/historiografija.hr\/?p=26186","url_meta":{"origin":39215,"position":3},"title":"Kliofest 2021: Konferencija \u201cPROTIV historijskog revizionizma, ZA reviziju povijesnih spoznaja\u201d","author":"Branimir Jankovi\u0107","date":"10. svibnja 2021.","format":false,"excerpt":"PROTIV historijskog revizionizma, ZA reviziju povijesnih spoznaja naslov je konferencije planirane ove godine u okviru festivala Kliofest (odr\u017eat \u0107e se 12. svibnja izme\u0111u 11 i 14 sati), u sklopu projekta Histoire pour la libert\u00e9, koji financira Europska komisija iz programa \u201eEuropa za gra\u0111ane\u201c. Njezina je temeljna ideja upravo poticanje rasprave\u2026","rel":"","context":"U &quot;Novosti&quot;","block_context":{"text":"Novosti","link":"https:\/\/historiografija.hr\/?cat=3"},"img":{"alt_text":"","src":"https:\/\/i0.wp.com\/historiografija.hr\/wp-content\/uploads\/2021\/05\/ZG-histoire.jpg?fit=1024%2C1024&ssl=1&resize=350%2C200","width":350,"height":200,"srcset":"https:\/\/i0.wp.com\/historiografija.hr\/wp-content\/uploads\/2021\/05\/ZG-histoire.jpg?fit=1024%2C1024&ssl=1&resize=350%2C200 1x, https:\/\/i0.wp.com\/historiografija.hr\/wp-content\/uploads\/2021\/05\/ZG-histoire.jpg?fit=1024%2C1024&ssl=1&resize=525%2C300 1.5x, https:\/\/i0.wp.com\/historiografija.hr\/wp-content\/uploads\/2021\/05\/ZG-histoire.jpg?fit=1024%2C1024&ssl=1&resize=700%2C400 2x"},"classes":[]},{"id":53939,"url":"https:\/\/historiografija.hr\/?p=53939","url_meta":{"origin":39215,"position":4},"title":"6. kongres hrvatskih povjesni\u010dara umjetnosti \u2013 11. do 13. lipnja 2026.","author":"Filip \u0160imunjak","date":"9. lipnja 2026.","format":false,"excerpt":"Dru\u0161tvo povjesni\u010dara umjetnosti Hrvatske poziva Vas na 6. kongres hrvatskih povjesni\u010dara umjetnosti, koji se ove godine odr\u017eava pod temom\u00a0Povjesni\u010dar umjetnosti kao autor. Kongres se odvija od 11. do 13. lipnja 2026. u Muzeju suvremene umjetnosti u Zagrebu te okuplja vi\u0161e od 120 sudionika iz Hrvatske i inozemstva. Program uklju\u010duje pozvana\u2026","rel":"","context":"U &quot;Novosti&quot;","block_context":{"text":"Novosti","link":"https:\/\/historiografija.hr\/?cat=3"},"img":{"alt_text":"","src":"https:\/\/i0.wp.com\/historiografija.hr\/wp-content\/uploads\/2026\/06\/DPUH-6-kongres-2026.png?fit=1200%2C630&ssl=1&resize=350%2C200","width":350,"height":200,"srcset":"https:\/\/i0.wp.com\/historiografija.hr\/wp-content\/uploads\/2026\/06\/DPUH-6-kongres-2026.png?fit=1200%2C630&ssl=1&resize=350%2C200 1x, https:\/\/i0.wp.com\/historiografija.hr\/wp-content\/uploads\/2026\/06\/DPUH-6-kongres-2026.png?fit=1200%2C630&ssl=1&resize=525%2C300 1.5x, https:\/\/i0.wp.com\/historiografija.hr\/wp-content\/uploads\/2026\/06\/DPUH-6-kongres-2026.png?fit=1200%2C630&ssl=1&resize=700%2C400 2x, https:\/\/i0.wp.com\/historiografija.hr\/wp-content\/uploads\/2026\/06\/DPUH-6-kongres-2026.png?fit=1200%2C630&ssl=1&resize=1050%2C600 3x"},"classes":[]},{"id":54480,"url":"https:\/\/historiografija.hr\/?p=54480","url_meta":{"origin":39215,"position":5},"title":"&#8220;Ve\u010dernji list&#8221; &#8211; Damir Stani\u0107: Zanemareno i prezreno naslje\u0111e Vojne krajine","author":"Branimir Jankovi\u0107","date":"7. srpnja 2026.","format":false,"excerpt":"\"Malo nas je toga kao dru\u0161tvo u tolikoj mjeri definiralo, a danas je toliko zanemareno i prezreno, kao na\u0161e vojnokraji\u0161ko naslje\u0111e. Osim nekolicine povjesni\u010dara i znanstvenika srodnih profila vojnokraji\u0161kom povije\u0161\u0107u gotovo se nitko ne bavi, a \u010dini se da malo koga uop\u0107e i zanima. Ta se tema rijetko spominje u\u2026","rel":"","context":"U &quot;Novosti&quot;","block_context":{"text":"Novosti","link":"https:\/\/historiografija.hr\/?cat=3"},"img":{"alt_text":"","src":"https:\/\/i0.wp.com\/historiografija.hr\/wp-content\/uploads\/2026\/07\/Vecernji.jpeg?fit=1200%2C906&ssl=1&resize=350%2C200","width":350,"height":200,"srcset":"https:\/\/i0.wp.com\/historiografija.hr\/wp-content\/uploads\/2026\/07\/Vecernji.jpeg?fit=1200%2C906&ssl=1&resize=350%2C200 1x, https:\/\/i0.wp.com\/historiografija.hr\/wp-content\/uploads\/2026\/07\/Vecernji.jpeg?fit=1200%2C906&ssl=1&resize=525%2C300 1.5x, https:\/\/i0.wp.com\/historiografija.hr\/wp-content\/uploads\/2026\/07\/Vecernji.jpeg?fit=1200%2C906&ssl=1&resize=700%2C400 2x, https:\/\/i0.wp.com\/historiografija.hr\/wp-content\/uploads\/2026\/07\/Vecernji.jpeg?fit=1200%2C906&ssl=1&resize=1050%2C600 3x"},"classes":[]}],"_links":{"self":[{"href":"https:\/\/historiografija.hr\/index.php?rest_route=\/wp\/v2\/posts\/39215","targetHints":{"allow":["GET"]}}],"collection":[{"href":"https:\/\/historiografija.hr\/index.php?rest_route=\/wp\/v2\/posts"}],"about":[{"href":"https:\/\/historiografija.hr\/index.php?rest_route=\/wp\/v2\/types\/post"}],"author":[{"embeddable":true,"href":"https:\/\/historiografija.hr\/index.php?rest_route=\/wp\/v2\/users\/2"}],"replies":[{"embeddable":true,"href":"https:\/\/historiografija.hr\/index.php?rest_route=%2Fwp%2Fv2%2Fcomments&post=39215"}],"version-history":[{"count":3,"href":"https:\/\/historiografija.hr\/index.php?rest_route=\/wp\/v2\/posts\/39215\/revisions"}],"predecessor-version":[{"id":39898,"href":"https:\/\/historiografija.hr\/index.php?rest_route=\/wp\/v2\/posts\/39215\/revisions\/39898"}],"wp:featuredmedia":[{"embeddable":true,"href":"https:\/\/historiografija.hr\/index.php?rest_route=\/wp\/v2\/media\/39216"}],"wp:attachment":[{"href":"https:\/\/historiografija.hr\/index.php?rest_route=%2Fwp%2Fv2%2Fmedia&parent=39215"}],"wp:term":[{"taxonomy":"category","embeddable":true,"href":"https:\/\/historiografija.hr\/index.php?rest_route=%2Fwp%2Fv2%2Fcategories&post=39215"},{"taxonomy":"post_tag","embeddable":true,"href":"https:\/\/historiografija.hr\/index.php?rest_route=%2Fwp%2Fv2%2Ftags&post=39215"}],"curies":[{"name":"wp","href":"https:\/\/api.w.org\/{rel}","templated":true}]}}