{"id":39211,"date":"2024-01-22T19:04:14","date_gmt":"2024-01-22T19:04:14","guid":{"rendered":"http:\/\/historiografija.hr\/?p=39211"},"modified":"2024-01-22T19:06:03","modified_gmt":"2024-01-22T19:06:03","slug":"17-festival-tolerancije-u-zagrebu","status":"publish","type":"post","link":"https:\/\/historiografija.hr\/?p=39211","title":{"rendered":"17. Festival tolerancije u Zagrebu"},"content":{"rendered":"\n<p>Festival tolerancije odr\u017eat \u0107e se od 23. do 27. sije\u010dnja u Muzeju suvremene umjetnosti i od 24. do 28. sije\u010dnja 2024. u Dokukinu KIC u Zagrebu. Na programu su &#8211; uz mnoge filmove &#8211; i nekoliko rasprava, kao \u0161to je:  \u201eNije to bilo ba\u0161 tako.\u201c \u2013 O poricanju, iskrivljavanju i suo\u010davanju, u kojoj sudjeluju Tvrtko Jakovina, Ernest Herzog i Dario \u0160peli\u0107.<\/p>\n\n\n\n<hr class=\"wp-block-separator\"\/>\n\n\n\n<p>Izvor, program i dodatne obavijesti:<\/p>\n\n\n\n<p><a href=\"https:\/\/www.culturenet.hr\/hr\/17-festival-tolerancije-u-zagrebu\/203418\">https:\/\/www.culturenet.hr\/hr\/17-festival-tolerancije-u-zagrebu\/203418<\/a><\/p>\n\n\n\n<p><a href=\"https:\/\/festivaloftolerance.com\/news\/tolerance-talk-tri-snazne-rasprave-o-drustvenim-fenomenima-i-s-odlicnim-gostima\">https:\/\/festivaloftolerance.com\/news\/tolerance-talk-tri-snazne-rasprave-o-drustvenim-fenomenima-i-s-odlicnim-gostima<\/a><\/p>\n\n\n\n<p><a href=\"https:\/\/festivaloftolerance.com\/\">https:\/\/festivaloftolerance.com\/<\/a><\/p>\n\n\n\n<hr class=\"wp-block-separator\"\/>\n","protected":false},"excerpt":{"rendered":"","protected":false},"author":2,"featured_media":39212,"comment_status":"open","ping_status":"open","sticky":false,"template":"","format":"standard","meta":{"_acf_changed":false,"jetpack_post_was_ever_published":false,"_jetpack_newsletter_access":"","_jetpack_dont_email_post_to_subs":false,"_jetpack_newsletter_tier_id":0,"_jetpack_memberships_contains_paywalled_content":false,"_jetpack_memberships_contains_paid_content":false,"footnotes":"","jetpack_publicize_message":"","jetpack_publicize_feature_enabled":true,"jetpack_social_post_already_shared":true,"jetpack_social_options":{"image_generator_settings":{"template":"highway","default_image_id":0,"font":"","enabled":false},"version":2}},"categories":[13,3],"tags":[],"class_list":["post-39211","post","type-post","status-publish","format-standard","has-post-thumbnail","hentry","category-filmovi-i-serije","category-novosti"],"acf":{"facebook_opis":""},"jetpack_publicize_connections":[],"jetpack_featured_media_url":"https:\/\/i0.wp.com\/historiografija.hr\/wp-content\/uploads\/2024\/01\/Reckonings-Photo-credit-Anna-Wloch-scaled.jpg?fit=2560%2C1440&ssl=1","jetpack_sharing_enabled":true,"jetpack-related-posts":[],"_links":{"self":[{"href":"https:\/\/historiografija.hr\/index.php?rest_route=\/wp\/v2\/posts\/39211","targetHints":{"allow":["GET"]}}],"collection":[{"href":"https:\/\/historiografija.hr\/index.php?rest_route=\/wp\/v2\/posts"}],"about":[{"href":"https:\/\/historiografija.hr\/index.php?rest_route=\/wp\/v2\/types\/post"}],"author":[{"embeddable":true,"href":"https:\/\/historiografija.hr\/index.php?rest_route=\/wp\/v2\/users\/2"}],"replies":[{"embeddable":true,"href":"https:\/\/historiografija.hr\/index.php?rest_route=%2Fwp%2Fv2%2Fcomments&post=39211"}],"version-history":[{"count":2,"href":"https:\/\/historiografija.hr\/index.php?rest_route=\/wp\/v2\/posts\/39211\/revisions"}],"predecessor-version":[{"id":39214,"href":"https:\/\/historiografija.hr\/index.php?rest_route=\/wp\/v2\/posts\/39211\/revisions\/39214"}],"wp:featuredmedia":[{"embeddable":true,"href":"https:\/\/historiografija.hr\/index.php?rest_route=\/wp\/v2\/media\/39212"}],"wp:attachment":[{"href":"https:\/\/historiografija.hr\/index.php?rest_route=%2Fwp%2Fv2%2Fmedia&parent=39211"}],"wp:term":[{"taxonomy":"category","embeddable":true,"href":"https:\/\/historiografija.hr\/index.php?rest_route=%2Fwp%2Fv2%2Fcategories&post=39211"},{"taxonomy":"post_tag","embeddable":true,"href":"https:\/\/historiografija.hr\/index.php?rest_route=%2Fwp%2Fv2%2Ftags&post=39211"}],"curies":[{"name":"wp","href":"https:\/\/api.w.org\/{rel}","templated":true}]}}