{"id":39192,"date":"2024-01-19T22:47:47","date_gmt":"2024-01-19T22:47:47","guid":{"rendered":"http:\/\/historiografija.hr\/?p=39192"},"modified":"2024-01-19T22:47:47","modified_gmt":"2024-01-19T22:47:47","slug":"temat-istorijska-misao-u-21-veku-izmedu-fragmentacije-i-velikih-pripovesti","status":"publish","type":"post","link":"https:\/\/historiografija.hr\/?p=39192","title":{"rendered":"Temat \u201eIstorijska misao u 21. veku \u2013 izme\u0111u fragmentacije i velikih pripovesti\u201c"},"content":{"rendered":"\n<p>U \u010dasopisu \u201eKultura\u201c (br. 180 \/ 2023) objavljen je temat \u201eIstorijska misao u 21. veku \u2013 izme\u0111u fragmentacije i velikih pripovesti\u201c koji je uredio Michael Antolovi\u0107. Temat sadr\u017ei radove Zrinke Bla\u017eevi\u0107 o metamodernizmu, Petra S. \u0106ur\u010di\u0107a o svjetskoj i globalnoj historiji, Vuka\u0161ina Mari\u0107a o historiji me\u0111unarodnih odnosa, Michaela Antolovi\u0107a o historiji ideja i intelektualnoj historiji, Branimira Jankovi\u0107a o javnoj i primijenjenoj povijesti i Vuka\u0161ina Zori\u0107a o historiji sje\u0107anja i pam\u0107enja.<\/p>\n\n\n\n<hr class=\"wp-block-separator\"\/>\n\n\n\n<p><em>Kultura<\/em> (br. 180 \/ 2023)<\/p>\n\n\n\n<hr class=\"wp-block-separator\"\/>\n\n\n\n<p><strong>Istorijska misao u 21. veku \u2013 izme\u0111u fragmentacije i velikih pripovesti<\/strong><\/p>\n\n\n\n<hr class=\"wp-block-separator\"\/>\n\n\n\n<p>Mihael Antolovi\u0107<\/p>\n\n\n\n<p>UVODNA RE\u010c<\/p>\n\n\n\n<hr class=\"wp-block-separator\"\/>\n\n\n\n<p>Zrinka Bla\u017eevi\u0107<\/p>\n\n\n\n<p>SUSPENZIJA NEVJERICE \u2013 HISTORIJSKA ZNANOST PRED IZAZOVIMA METAMODERNIZMA<\/p>\n\n\n\n<hr class=\"wp-block-separator\"\/>\n\n\n\n<p>Petar S. \u0106ur\u010di\u0107<\/p>\n\n\n\n<p>SVETSKA I GLOBALNA ISTORIJA<\/p>\n\n\n\n<hr class=\"wp-block-separator\"\/>\n\n\n\n<p>Vuka\u0161in Mari\u0107<\/p>\n\n\n\n<p>OD PRISLU\u0160KIVANJA \u010cINOVNIKA DO ISTRA\u017dIVANJA ME\u0110UNARODNOG DRU\u0160TVA \u2013 RAZVOJNI TOKOVI ISTORIJE ME\u0110UNARODNIH ODNOSA<\/p>\n\n\n\n<hr class=\"wp-block-separator\"\/>\n\n\n\n<p>Mihael Antolovi\u0107<\/p>\n\n\n\n<p>ISTORIJA IDEJA I INTELEKTUALNA ISTORIJA \u2013 IZME\u0110U MARGINALIZACIJE I INOVATIVNOG TRANSDISCIPLINARNOG POLJA<\/p>\n\n\n\n<hr class=\"wp-block-separator\"\/>\n\n\n\n<p>Branimir Jankovi\u0107<\/p>\n\n\n\n<p>JAVNA I PRIMIJENJENA POVIJEST<\/p>\n\n\n\n<hr class=\"wp-block-separator\"\/>\n\n\n\n<p>Vuka\u0161in Zori\u0107<\/p>\n\n\n\n<p>RASPRAVLJANJA SA MNEMOSINOM<\/p>\n\n\n\n<hr class=\"wp-block-separator\"\/>\n\n\n\n<p>Op\u0161irnije:<\/p>\n\n\n\n<figure class=\"wp-block-embed-wordpress wp-block-embed is-type-wp-embed is-provider-casopis-kultura\"><div class=\"wp-block-embed__wrapper\">\n<blockquote class=\"wp-embedded-content\" data-secret=\"1EywXkt9N0\"><a href=\"https:\/\/www.casopiskultura.rs\/casopisi\/istorijska-misao-u-21-veku-izmedju-fragmentacije-i-velikih-pripovesti\/\">\u0418\u0441\u0442\u043e\u0440\u0438\u0458\u0441\u043a\u0430 \u043c\u0438\u0441\u0430\u043e \u0443 21. \u0432\u0435\u043a\u0443 \u2013 \u0438\u0437\u043c\u0435\u0452\u0443 \u0444\u0440\u0430\u0433\u043c\u0435\u043d\u0442\u0430\u0446\u0438\u0458\u0435 \u0438 \u0432\u0435\u043b\u0438\u043a\u0438\u0445 \u043f\u0440\u0438\u043f\u043e\u0432\u0435\u0441\u0442\u0438<\/a><\/blockquote><iframe loading=\"lazy\" class=\"wp-embedded-content\" sandbox=\"allow-scripts\" security=\"restricted\" style=\"position: absolute; clip: rect(1px, 1px, 1px, 1px);\" title=\"&#132;\u0418\u0441\u0442\u043e\u0440\u0438\u0458\u0441\u043a\u0430 \u043c\u0438\u0441\u0430\u043e \u0443 21. \u0432\u0435\u043a\u0443 \u2013 \u0438\u0437\u043c\u0435\u0452\u0443 \u0444\u0440\u0430\u0433\u043c\u0435\u043d\u0442\u0430\u0446\u0438\u0458\u0435 \u0438 \u0432\u0435\u043b\u0438\u043a\u0438\u0445 \u043f\u0440\u0438\u043f\u043e\u0432\u0435\u0441\u0442\u0438&#147; &#8212; \u010casopis Kultura\" src=\"https:\/\/www.casopiskultura.rs\/casopisi\/istorijska-misao-u-21-veku-izmedju-fragmentacije-i-velikih-pripovesti\/embed\/#?secret=Eva9l3lf4Z#?secret=1EywXkt9N0\" data-secret=\"1EywXkt9N0\" width=\"600\" height=\"338\" frameborder=\"0\" marginwidth=\"0\" marginheight=\"0\" scrolling=\"no\"><\/iframe>\n<\/div><\/figure>\n\n\n\n<hr class=\"wp-block-separator\"\/>\n","protected":false},"excerpt":{"rendered":"","protected":false},"author":2,"featured_media":39193,"comment_status":"open","ping_status":"open","sticky":false,"template":"","format":"standard","meta":{"_acf_changed":false,"jetpack_post_was_ever_published":false,"_jetpack_newsletter_access":"","_jetpack_dont_email_post_to_subs":false,"_jetpack_newsletter_tier_id":0,"_jetpack_memberships_contains_paywalled_content":false,"_jetpack_memberships_contains_paid_content":false,"footnotes":"","jetpack_publicize_message":"","jetpack_publicize_feature_enabled":true,"jetpack_social_post_already_shared":true,"jetpack_social_options":{"image_generator_settings":{"template":"highway","default_image_id":0,"font":"","enabled":false},"version":2}},"categories":[21,3],"tags":[],"class_list":["post-39192","post","type-post","status-publish","format-standard","has-post-thumbnail","hentry","category-casopisi","category-novosti"],"acf":{"facebook_opis":""},"jetpack_publicize_connections":[],"jetpack_featured_media_url":"https:\/\/i0.wp.com\/historiografija.hr\/wp-content\/uploads\/2024\/01\/Kultura-broj-180.jpg?fit=784%2C1028&ssl=1","jetpack_sharing_enabled":true,"jetpack-related-posts":[],"_links":{"self":[{"href":"https:\/\/historiografija.hr\/index.php?rest_route=\/wp\/v2\/posts\/39192","targetHints":{"allow":["GET"]}}],"collection":[{"href":"https:\/\/historiografija.hr\/index.php?rest_route=\/wp\/v2\/posts"}],"about":[{"href":"https:\/\/historiografija.hr\/index.php?rest_route=\/wp\/v2\/types\/post"}],"author":[{"embeddable":true,"href":"https:\/\/historiografija.hr\/index.php?rest_route=\/wp\/v2\/users\/2"}],"replies":[{"embeddable":true,"href":"https:\/\/historiografija.hr\/index.php?rest_route=%2Fwp%2Fv2%2Fcomments&post=39192"}],"version-history":[{"count":1,"href":"https:\/\/historiografija.hr\/index.php?rest_route=\/wp\/v2\/posts\/39192\/revisions"}],"predecessor-version":[{"id":39194,"href":"https:\/\/historiografija.hr\/index.php?rest_route=\/wp\/v2\/posts\/39192\/revisions\/39194"}],"wp:featuredmedia":[{"embeddable":true,"href":"https:\/\/historiografija.hr\/index.php?rest_route=\/wp\/v2\/media\/39193"}],"wp:attachment":[{"href":"https:\/\/historiografija.hr\/index.php?rest_route=%2Fwp%2Fv2%2Fmedia&parent=39192"}],"wp:term":[{"taxonomy":"category","embeddable":true,"href":"https:\/\/historiografija.hr\/index.php?rest_route=%2Fwp%2Fv2%2Fcategories&post=39192"},{"taxonomy":"post_tag","embeddable":true,"href":"https:\/\/historiografija.hr\/index.php?rest_route=%2Fwp%2Fv2%2Ftags&post=39192"}],"curies":[{"name":"wp","href":"https:\/\/api.w.org\/{rel}","templated":true}]}}