{"id":39178,"date":"2024-01-19T19:49:51","date_gmt":"2024-01-19T19:49:51","guid":{"rendered":"http:\/\/historiografija.hr\/?p=39178"},"modified":"2024-01-19T19:49:51","modified_gmt":"2024-01-19T19:49:51","slug":"otvorenje-izlozbe-neizdane-diplome","status":"publish","type":"post","link":"https:\/\/historiografija.hr\/?p=39178","title":{"rendered":"Otvorenje izlo\u017ebe \u201eNeizdane diplome\u201c"},"content":{"rendered":"\n<p>U srijedu 24. sije\u010dnja 2024. na prvom katu zgrade B Hrvatskog katoli\u010dkog sveu\u010dili\u0161ta u 13 sati odr\u017eat \u0107e se otvorenje izlo\u017ebe \u201eNeizdane diplome\u201c posve\u0107ene poginulim studentima u ruskoj agresiji na Ukrajinu. Inicijator projekta<em> \u201eUnissued Diplomas\u201c <\/em>je Ukrajinsko-kanadski studentski savez, a vi\u0161e o projektu mo\u017eete prona\u0107i <strong><a href=\"https:\/\/www.unissueddiplomas.org\/\">ovdje<\/a><\/strong>. &nbsp;<\/p>\n\n\n\n<p>Izlo\u017ebu je izradilo vi\u0161e od 50 autora \u2013 studentica i studenata iz Ukrajine i bliskih zemalja koji su ovim putem \u017eeljeli dodatno ukazati na tragi\u010dnu dimenziju gubitka \u017eivota, poglavito mladih \u017eivota, uslijed ruske invazije Ukrajine. Izlo\u017eba je osim na Hrvatskom katoli\u010dkom sveu\u010dili\u0161tu predstavljena na vi\u0161e od 45 sveu\u010dili\u0161ta diljem svijeta \u2013 u Japanu, Australiji i Kanadi, Danskoj, Irskoj, Norve\u0161koj, SAD-u i Indiji.<\/p>\n\n\n\n<p>Izlo\u017ebu \u0107e otvoriti rektor Hrvatskog katoli\u010dkog sveu\u010dili\u0161ta prof. dr. sc. \u017deljko Tanji\u0107 i student komunikologije s Ukrajinskog katoli\u010dkog sveu\u010dili\u0161ta Mykhailo Dziubii koji je ujedno i jedan od autora izlo\u017ebe te trenutno boravi na Erasmus razmjeni na na\u0161em Sveu\u010dili\u0161tu.<\/p>\n\n\n\n<hr class=\"wp-block-separator\"\/>\n\n\n\n<p>Izvor:<\/p>\n\n\n\n<figure class=\"wp-block-embed-wordpress wp-block-embed is-type-wp-embed is-provider-hrvatsko-katolicko-sveuciliste\"><div class=\"wp-block-embed__wrapper\">\n<blockquote class=\"wp-embedded-content\" data-secret=\"ZaGU3WxTCi\"><a href=\"https:\/\/www.unicath.hr\/hks-najave\/otvorenje-izlozbe-neizdane-diplome\">Otvorenje izlo\u017ebe \u201eNeizdane diplome\u201c<\/a><\/blockquote><iframe loading=\"lazy\" class=\"wp-embedded-content\" sandbox=\"allow-scripts\" security=\"restricted\" style=\"position: absolute; clip: rect(1px, 1px, 1px, 1px);\" title=\"&#8220;Otvorenje izlo\u017ebe \u201eNeizdane diplome\u201c&#8221; &#8212; Hrvatsko katoli\u010dko sveu\u010dili\u0161te\" src=\"https:\/\/www.unicath.hr\/hks-najave\/otvorenje-izlozbe-neizdane-diplome\/embed#?secret=imFjj5HXEU#?secret=ZaGU3WxTCi\" data-secret=\"ZaGU3WxTCi\" width=\"600\" height=\"338\" frameborder=\"0\" marginwidth=\"0\" marginheight=\"0\" scrolling=\"no\"><\/iframe>\n<\/div><\/figure>\n\n\n\n<hr class=\"wp-block-separator\"\/>\n","protected":false},"excerpt":{"rendered":"","protected":false},"author":2,"featured_media":39179,"comment_status":"open","ping_status":"open","sticky":false,"template":"","format":"standard","meta":{"_acf_changed":false,"jetpack_post_was_ever_published":false,"_jetpack_newsletter_access":"","_jetpack_dont_email_post_to_subs":false,"_jetpack_newsletter_tier_id":0,"_jetpack_memberships_contains_paywalled_content":false,"_jetpack_memberships_contains_paid_content":false,"footnotes":"","jetpack_publicize_message":"","jetpack_publicize_feature_enabled":true,"jetpack_social_post_already_shared":true,"jetpack_social_options":{"image_generator_settings":{"template":"highway","default_image_id":0,"font":"","enabled":false},"version":2}},"categories":[10,3],"tags":[],"class_list":["post-39178","post","type-post","status-publish","format-standard","has-post-thumbnail","hentry","category-izlozbe","category-novosti"],"acf":{"facebook_opis":""},"jetpack_publicize_connections":[],"jetpack_featured_media_url":"https:\/\/i0.wp.com\/historiografija.hr\/wp-content\/uploads\/2024\/01\/Unissued-diplomas-logo.png?fit=896%2C427&ssl=1","jetpack_sharing_enabled":true,"jetpack-related-posts":[],"_links":{"self":[{"href":"https:\/\/historiografija.hr\/index.php?rest_route=\/wp\/v2\/posts\/39178","targetHints":{"allow":["GET"]}}],"collection":[{"href":"https:\/\/historiografija.hr\/index.php?rest_route=\/wp\/v2\/posts"}],"about":[{"href":"https:\/\/historiografija.hr\/index.php?rest_route=\/wp\/v2\/types\/post"}],"author":[{"embeddable":true,"href":"https:\/\/historiografija.hr\/index.php?rest_route=\/wp\/v2\/users\/2"}],"replies":[{"embeddable":true,"href":"https:\/\/historiografija.hr\/index.php?rest_route=%2Fwp%2Fv2%2Fcomments&post=39178"}],"version-history":[{"count":1,"href":"https:\/\/historiografija.hr\/index.php?rest_route=\/wp\/v2\/posts\/39178\/revisions"}],"predecessor-version":[{"id":39180,"href":"https:\/\/historiografija.hr\/index.php?rest_route=\/wp\/v2\/posts\/39178\/revisions\/39180"}],"wp:featuredmedia":[{"embeddable":true,"href":"https:\/\/historiografija.hr\/index.php?rest_route=\/wp\/v2\/media\/39179"}],"wp:attachment":[{"href":"https:\/\/historiografija.hr\/index.php?rest_route=%2Fwp%2Fv2%2Fmedia&parent=39178"}],"wp:term":[{"taxonomy":"category","embeddable":true,"href":"https:\/\/historiografija.hr\/index.php?rest_route=%2Fwp%2Fv2%2Fcategories&post=39178"},{"taxonomy":"post_tag","embeddable":true,"href":"https:\/\/historiografija.hr\/index.php?rest_route=%2Fwp%2Fv2%2Ftags&post=39178"}],"curies":[{"name":"wp","href":"https:\/\/api.w.org\/{rel}","templated":true}]}}