{"id":39169,"date":"2024-01-19T19:24:11","date_gmt":"2024-01-19T19:24:11","guid":{"rendered":"http:\/\/historiografija.hr\/?p=39169"},"modified":"2024-01-19T19:25:01","modified_gmt":"2024-01-19T19:25:01","slug":"medunarodna-znanstveno-strucna-konferencija-kontinentalna-hrvatska-povijesni-kontekst-aktualnosti-i-perspektive-u-buducnosti","status":"publish","type":"post","link":"https:\/\/historiografija.hr\/?p=39169","title":{"rendered":"Me\u0111unarodna znanstveno-stru\u010dna konferencija \u201eKontinentalna Hrvatska: povijesni kontekst, aktualnosti i perspektive u budu\u0107nosti\u201c (2024)"},"content":{"rendered":"\n<p>U tijeku je organizacija druge me\u0111unarodne znanstveno-stru\u010dne konferencije<strong> \u201eKontinentalna Hrvatska: povijesni kontekst, aktualnosti i perspektive u budu\u0107nosti\u201c <\/strong>koja se odr\u017eava uz suorganizatorstvo Zavoda za znanstveni i umjetni\u010dki rad Hrvatske akademije znanosti i umjetnosti u \u0110akovu, Instituta za istra\u017eivanje migracija, Instituta za razvoj i me\u0111unarodne odnose, Veleu\u010dili\u0161ta \u201eNikola Tesla\u201c u Gospi\u0107u, Veleu\u010dili\u0161ta u Virovitici, Akademije za umjetnost i kulturu u Osijeku, Veleu\u010dili\u0161ta PAR, Fakulteta za odgojne i obrazovne znanosti u Osijeku, Filozofskog fakulteta u Mostaru, Turisti\u010dke zajednice Grada \u0110akova i potencijalne druge suorganizatore.<\/p>\n\n\n\n<p><strong>Cilj konferencije <\/strong>je na tematski sveobuhvatan na\u010din staviti kontinentalnu Hrvatsku u fokus znanosti i struke u Republici Hrvatskoj, ali i \u0161ire<strong>.<\/strong><\/p>\n\n\n\n<p>Konferencija <strong>tematski pokriva razli\u010dite aspekte koji se ti\u010du \u017eivota u kontinentalnoj Hrvatskoj (od ekonomskih, dru\u0161tvenih, demografskih i migracijskih pa do povijesnih, kulturnih, identitetskih i drugih aspekata). <\/strong>Uredni\u0161tvo \u0107e prihva\u0107ati i radove koji se ne odnose isklju\u010divo na podru\u010dje kontinentalne Hrvatske, ako se iz njih mogu izvu\u0107i relevantne pouke primjenjive za podru\u010dje kontinentalne Hrvatske.<\/p>\n\n\n\n<p><strong>Mjesto i datumi odr\u017eavanja konferencije:<\/strong> \u0110akovo, 23., 24. i 25. listopada 2024.<\/p>\n\n\n\n<p>Pozivamo sve zainteresirane znanstvenike i stru\u010dnjake da se prijave na konferenciju i da svojim radovima doprinesu kvaliteti konferencije i znanstveno-stru\u010dnoj raspravi o temama va\u017enima za \u017eivot u kontinentalnoj Hrvatskoj.<\/p>\n\n\n\n<p><strong>Va\u017eni datumi:<\/strong><\/p>\n\n\n\n<ul class=\"wp-block-list\"><li><strong>Predaja sa\u017eetaka radova (do 300 rije\u010di):<\/strong> 30. travnja 2024.<\/li><\/ul>\n\n\n\n<p>Obavijest o prihvatu sa\u017eetka slijedi ubrzo nakon njegove predaje. Uz obavijest o prihvatu sa\u017eetka, autori \u0107e dobiti i upute za izradu radova.<\/p>\n\n\n\n<ul class=\"wp-block-list\"><li><strong>Predaja cjelokupnog rada:<\/strong> 30. lipnja 2024.<\/li><\/ul>\n\n\n\n<p>Planirano je odr\u017eavanje konferencije u barem pet izdanja (2023., 2024., 2025., 2026. i 2027. godine). Radovi koji pristignu nakon navedenih datuma mogu biti razmotreni za konferenciju u 2025. godini.<\/p>\n\n\n\n<p>Molimo vas da prijave i sa\u017eetke po\u0161aljete elektroni\u010dkom po\u0161tom na: <a href=\"mailto:kontinentalna.konferencija@gmail.com\">kontinentalna.konferencija@gmail.com<\/a><\/p>\n\n\n\n<ul class=\"wp-block-list\"><li>Slu\u017ebeni jezici skupa su hrvatski i engleski.<\/li><li>Za prijavu teme potrebno je poslati naslov teme, afilijaciju autora (za svakog autora), sa\u017eetak do 300 rije\u010di i do 5 klju\u010dnih rije\u010di na hrvatskom i engleskom jeziku.<\/li><li>Radovi se \u0161alju na dvostruke recenzije, a nakon pozitivnih recenzija za sudjelovanje na skupu potrebno je uplatiti kotizaciju od 250,00 eura na ra\u010dun: HR2424020061140484759 (Erste&amp;Steierm\u00e4rkische Bank d.d.) sa svrhom uplate: kotizacija za konferenciju. U slu\u010daju da je jedna recenzija pozitivna, a druga negativna, uredni\u0161tvo \u0107e donijeti odluku o radu.<\/li><li>Studentima i umirovljenicima omogu\u0107en je popust od 50 % (kotizacija iznosi 125,00 eura).<\/li><\/ul>\n\n\n\n<hr class=\"wp-block-separator\"\/>\n\n\n\n<p>Izvor:<\/p>\n\n\n\n<p><a href=\"https:\/\/www.foozos.hr\/obavijesti\/item\/1335-medunarodna-znanstveno-strucna-konferencija-kontinentalna-hrvatska-povijesni-kontekst-aktualnosti-i-perspektive-u-buducnosti\">https:\/\/www.foozos.hr\/obavijesti\/item\/1335-medunarodna-znanstveno-strucna-konferencija-kontinentalna-hrvatska-povijesni-kontekst-aktualnosti-i-perspektive-u-buducnosti<\/a><\/p>\n\n\n\n<p><a href=\"https:\/\/www.kon.hr\/\">https:\/\/www.kon.hr\/<\/a><\/p>\n\n\n\n<hr class=\"wp-block-separator\"\/>\n","protected":false},"excerpt":{"rendered":"","protected":false},"author":2,"featured_media":39170,"comment_status":"open","ping_status":"open","sticky":false,"template":"","format":"standard","meta":{"_acf_changed":false,"jetpack_post_was_ever_published":false,"_jetpack_newsletter_access":"","_jetpack_dont_email_post_to_subs":false,"_jetpack_newsletter_tier_id":0,"_jetpack_memberships_contains_paywalled_content":false,"_jetpack_memberships_contains_paid_content":false,"footnotes":"","jetpack_publicize_message":"","jetpack_publicize_feature_enabled":true,"jetpack_social_post_already_shared":true,"jetpack_social_options":{"image_generator_settings":{"template":"highway","default_image_id":0,"font":"","enabled":false},"version":2}},"categories":[3,9],"tags":[],"class_list":["post-39169","post","type-post","status-publish","format-standard","has-post-thumbnail","hentry","category-novosti","category-skupovi"],"acf":{"facebook_opis":""},"jetpack_publicize_connections":[],"jetpack_featured_media_url":"https:\/\/i0.wp.com\/historiografija.hr\/wp-content\/uploads\/2024\/01\/Kon.jpg?fit=1079%2C720&ssl=1","jetpack_sharing_enabled":true,"jetpack-related-posts":[],"_links":{"self":[{"href":"https:\/\/historiografija.hr\/index.php?rest_route=\/wp\/v2\/posts\/39169","targetHints":{"allow":["GET"]}}],"collection":[{"href":"https:\/\/historiografija.hr\/index.php?rest_route=\/wp\/v2\/posts"}],"about":[{"href":"https:\/\/historiografija.hr\/index.php?rest_route=\/wp\/v2\/types\/post"}],"author":[{"embeddable":true,"href":"https:\/\/historiografija.hr\/index.php?rest_route=\/wp\/v2\/users\/2"}],"replies":[{"embeddable":true,"href":"https:\/\/historiografija.hr\/index.php?rest_route=%2Fwp%2Fv2%2Fcomments&post=39169"}],"version-history":[{"count":2,"href":"https:\/\/historiografija.hr\/index.php?rest_route=\/wp\/v2\/posts\/39169\/revisions"}],"predecessor-version":[{"id":39172,"href":"https:\/\/historiografija.hr\/index.php?rest_route=\/wp\/v2\/posts\/39169\/revisions\/39172"}],"wp:featuredmedia":[{"embeddable":true,"href":"https:\/\/historiografija.hr\/index.php?rest_route=\/wp\/v2\/media\/39170"}],"wp:attachment":[{"href":"https:\/\/historiografija.hr\/index.php?rest_route=%2Fwp%2Fv2%2Fmedia&parent=39169"}],"wp:term":[{"taxonomy":"category","embeddable":true,"href":"https:\/\/historiografija.hr\/index.php?rest_route=%2Fwp%2Fv2%2Fcategories&post=39169"},{"taxonomy":"post_tag","embeddable":true,"href":"https:\/\/historiografija.hr\/index.php?rest_route=%2Fwp%2Fv2%2Ftags&post=39169"}],"curies":[{"name":"wp","href":"https:\/\/api.w.org\/{rel}","templated":true}]}}