{"id":39154,"date":"2024-01-18T21:44:29","date_gmt":"2024-01-18T21:44:29","guid":{"rendered":"http:\/\/historiografija.hr\/?p=39154"},"modified":"2024-01-18T21:45:06","modified_gmt":"2024-01-18T21:45:06","slug":"cfa-empires-religions-mobilities-mediterranean-spring-school-2024","status":"publish","type":"post","link":"https:\/\/historiografija.hr\/?p=39154","title":{"rendered":"CfA: Empires, Religions, Mobilities: Mediterranean Spring School 2024"},"content":{"rendered":"\n<p>19-21 March 2024, Universit\u00e4t Konstanz, K7 and Bischofsvilla<\/p>\n\n\n\n<hr class=\"wp-block-separator\"\/>\n\n\n\n<p><em>Organizers<\/em>: Manuel Borutta, Jovo Miladinovi\u0107 (Konstanz)&nbsp;<\/p>\n\n\n\n<p><em>Featuring<\/em>: Eric B\u00f6hme, Marc Gehrmann, Ulrich Gotter, Achim Landwehr, Alejandro Pel\u00e1ez Mart\u00edn, Sven Reichardt, James Wilson, Ann-Sophie Andelfinger<\/p>\n\n\n\n<hr class=\"wp-block-separator\"\/>\n\n\n\n<p>This Spring School brings together researchers and students from Konstanz and abroad. Starting with keynote lectures by distinguished experts of individual epochs (Antiquity, Middle Ages, Early Modern Period, 19th-21st century), we will analyze crucial problems of Mediterranean history based on selected sources and literature: processes of imperial expansion and techniques of imperial governance, the emergence and relationship of monotheistic religions as well as the infrastructural preconditions and cultural practices of different forms of mobility (e.g., pilgrimage, tourism, and migration). Therefore, our guiding questions are as follows:<\/p>\n\n\n\n<ol class=\"wp-block-list\" type=\"1\"><li>What kinds of spatial orders did empires, religions, and mobilities establish?<\/li><li>How did empires manage diversity?<\/li><li>How did religions function within imperial frameworks?<\/li><li>What kind of mobilities did empires and religions produce?<\/li><\/ol>\n\n\n\n<p>By looking at the similarities and differences, transfers, and transitions between different periods, we aim to identify phenomena of long duration, reciprocal references, ruptures, and turning points in order to understand what constituted and transformed the Mediterranean across the ages.<\/p>\n\n\n\n<p>The Spring School is primarily aimed at advanced BA students from various disciplines (e.g., History, Islamic, Jewish or Ottoman studies, Arabic or Romance studies) who are interested in the new Master\u2019s program Mediterranean History at the University of Konstanz, which is expected to start in the winter term 2024\/25. An attractive cultural program will accompany the Spring School. Travel and accommodation costs for external participants can be covered to a certain extent. For the external participants from Europe and the Mediterranean region, a subsidy will be provided (up to 50% of the costs), whereas, in the case of participants, e.g., from Canada or the USA, the subsidy will vary depending on the expenditures.<\/p>\n\n\n\n<p>Please send your application (Short CV, letter of motivation, transcript of records) to <a href=\"mailto:jovo-miladinovic@uni-konstanz.de\">jovo-miladinovic@uni-konstanz.de<\/a> by February 4, 2024.<\/p>\n\n\n\n<p>For updated information on the program, see <a href=\"https:\/\/www.geschichte.uni-konstanz.de\/studium\/ba-spring-summer-schools\/\">https:\/\/www.geschichte.uni-konstanz.de\/studium\/ba-spring-summer-schools\/<\/a><\/p>\n\n\n\n<p>19.03. Tuesday: K7&nbsp;<\/p>\n\n\n\n<p><strong>Arrival<\/strong>&nbsp;<\/p>\n\n\n\n<p>17:00&nbsp;&nbsp;&nbsp;&nbsp;&nbsp;&nbsp;&nbsp;&nbsp;&nbsp;&nbsp;&nbsp;&nbsp;&nbsp;&nbsp;&nbsp;&nbsp;&nbsp;&nbsp;&nbsp; Welcome &amp; Introduction&nbsp;<\/p>\n\n\n\n<p>17:30&nbsp;&nbsp;&nbsp;&nbsp;&nbsp;&nbsp;&nbsp;&nbsp;&nbsp;&nbsp;&nbsp;&nbsp;&nbsp;&nbsp;&nbsp;&nbsp;&nbsp;&nbsp;&nbsp;&nbsp; Presentation of New Master Program \u201cMediterranean History\u201d<\/p>\n\n\n\n<p>18:30&nbsp;&nbsp;&nbsp;&nbsp;&nbsp;&nbsp;&nbsp;&nbsp;&nbsp;&nbsp;&nbsp;&nbsp;&nbsp;&nbsp;&nbsp;&nbsp;&nbsp;&nbsp;&nbsp; Buffet&nbsp;<\/p>\n\n\n\n<p>20.03. Wednesday: K7&nbsp;and Bischofsvilla<\/p>\n\n\n\n<p><strong>Ancient Mediterranean<\/strong>&nbsp;<\/p>\n\n\n\n<p>09:00&nbsp;&nbsp;&nbsp;&nbsp;&nbsp;&nbsp;&nbsp;&nbsp;&nbsp;&nbsp;&nbsp;&nbsp;&nbsp;&nbsp;&nbsp;&nbsp;&nbsp;&nbsp;&nbsp; Keynote Lecture: Ulrich Gotter<\/p>\n\n\n\n<p>10:00&nbsp;&nbsp;&nbsp;&nbsp;&nbsp;&nbsp;&nbsp;&nbsp;&nbsp;&nbsp;&nbsp;&nbsp;&nbsp;&nbsp;&nbsp;&nbsp;&nbsp;&nbsp;&nbsp; Group Work with Sources&nbsp;(Marc Gehrmann &amp; Ulrich Gotter)<\/p>\n\n\n\n<p>12:00&nbsp;&nbsp;&nbsp;&nbsp;&nbsp;&nbsp;&nbsp;&nbsp;&nbsp;&nbsp;&nbsp;&nbsp;&nbsp;&nbsp;&nbsp;&nbsp;&nbsp;&nbsp;&nbsp; Lunch at Mensa&nbsp;<\/p>\n\n\n\n<p><strong>Medieval Mediterranean<\/strong>&nbsp;<\/p>\n\n\n\n<p>13:00&nbsp;&nbsp;&nbsp;&nbsp;&nbsp;&nbsp;&nbsp;&nbsp;&nbsp;&nbsp;&nbsp;&nbsp;&nbsp;&nbsp;&nbsp;&nbsp;&nbsp;&nbsp;&nbsp; Keynote Lecture: Eric B\u00f6hme<\/p>\n\n\n\n<p>14:00&nbsp;&nbsp;&nbsp;&nbsp;&nbsp;&nbsp;&nbsp;&nbsp;&nbsp;&nbsp;&nbsp;&nbsp;&nbsp;&nbsp;&nbsp;&nbsp;&nbsp;&nbsp;&nbsp;&nbsp; Group Work with Sources&nbsp;(Eric B\u00f6hme, Alejandro Pel\u00e1ez Mart\u00edn &amp; James Wilson)<\/p>\n\n\n\n<p>16:30&nbsp;&nbsp;&nbsp;&nbsp;&nbsp;&nbsp;&nbsp;&nbsp;&nbsp;&nbsp;&nbsp;&nbsp;&nbsp;&nbsp;&nbsp;&nbsp;&nbsp;&nbsp;&nbsp; Bus to Konstanz&nbsp;<\/p>\n\n\n\n<p>17:00&nbsp;&nbsp;&nbsp;&nbsp;&nbsp;&nbsp;&nbsp;&nbsp;&nbsp;&nbsp;&nbsp;&nbsp;&nbsp;&nbsp;&nbsp;&nbsp;&nbsp;&nbsp;&nbsp; Guided Historical Walking Tour&nbsp;<\/p>\n\n\n\n<p>19:00&nbsp;&nbsp;&nbsp;&nbsp;&nbsp;&nbsp;&nbsp;&nbsp;&nbsp;&nbsp;&nbsp;&nbsp;&nbsp;&nbsp;&nbsp;&nbsp; Keynote Speech (<em>Bischofsvilla<\/em>): Prof. Dr. Gudrun Kr\u00e4mer, <em>A Land Without People for a People Without Land? Palestine from Ottoman to British Rule<\/em>, together with the ZKF<\/p>\n\n\n\n<p>21:00&nbsp;&nbsp;&nbsp;&nbsp;&nbsp;&nbsp;&nbsp;&nbsp;&nbsp;&nbsp;&nbsp;&nbsp;&nbsp;&nbsp;&nbsp; Dinner, Constanzer Wirtshaus<\/p>\n\n\n\n<p>21.03. Thursday: K7<\/p>\n\n\n\n<p><strong>Early Modern Mediterranean<\/strong>&nbsp;<\/p>\n\n\n\n<p>09:00&nbsp;&nbsp;&nbsp;&nbsp;&nbsp;&nbsp;&nbsp;&nbsp;&nbsp;&nbsp;&nbsp;&nbsp;&nbsp;&nbsp;&nbsp;&nbsp;&nbsp;&nbsp;&nbsp; Keynote Lecture: Achim Landwehr &amp; Jovo Miladinovi\u0107<\/p>\n\n\n\n<p>10:00&nbsp;&nbsp;&nbsp;&nbsp;&nbsp;&nbsp;&nbsp;&nbsp;&nbsp;&nbsp;&nbsp;&nbsp;&nbsp;&nbsp;&nbsp;&nbsp;&nbsp;&nbsp;&nbsp; Group Work with Sources&nbsp;(Achim Landwehr &amp; Jovo Miladinovi\u0107)<\/p>\n\n\n\n<p>12:00&nbsp;&nbsp;&nbsp;&nbsp;&nbsp;&nbsp;&nbsp;&nbsp;&nbsp;&nbsp;&nbsp;&nbsp;&nbsp;&nbsp;&nbsp;&nbsp;&nbsp;&nbsp;&nbsp; Lunch at Mensa&nbsp;<\/p>\n\n\n\n<p><strong>Modern &amp; Contemporary Mediterranean<\/strong>&nbsp;<\/p>\n\n\n\n<p>13:00&nbsp;&nbsp;&nbsp;&nbsp;&nbsp;&nbsp;&nbsp;&nbsp;&nbsp;&nbsp;&nbsp;&nbsp;&nbsp;&nbsp;&nbsp;&nbsp;&nbsp;&nbsp;&nbsp; Keynote Lecture: Manuel Borutta &amp; Sven Reichardt<\/p>\n\n\n\n<p>14:00&nbsp;&nbsp;&nbsp;&nbsp;&nbsp;&nbsp;&nbsp;&nbsp;&nbsp;&nbsp;&nbsp;&nbsp;&nbsp;&nbsp;&nbsp;&nbsp;&nbsp;&nbsp;&nbsp;&nbsp; Group Work with Sources (Manuel Borutta, Sven Reichardt &amp; Ann-Sophie Andelfinger)<\/p>\n\n\n\n<p>16:30&nbsp;&nbsp;&nbsp;&nbsp;&nbsp;&nbsp;&nbsp;&nbsp;&nbsp;&nbsp;&nbsp;&nbsp;&nbsp;&nbsp;&nbsp;&nbsp;&nbsp;&nbsp;&nbsp; Coffee Break<\/p>\n\n\n\n<p>17:00&nbsp;&nbsp;&nbsp;&nbsp;&nbsp;&nbsp;&nbsp;&nbsp;&nbsp;&nbsp;&nbsp;&nbsp;&nbsp;&nbsp;&nbsp; Conclusions and Feedback<\/p>\n\n\n\n<p>18:00&nbsp;&nbsp;&nbsp;&nbsp;&nbsp;&nbsp;&nbsp;&nbsp;&nbsp;&nbsp;&nbsp;&nbsp;&nbsp;&nbsp;&nbsp; End<\/p>\n\n\n\n<p>22.03. Friday<\/p>\n\n\n\n<p><strong>Departure<\/strong><\/p>\n\n\n\n<hr class=\"wp-block-separator\"\/>\n","protected":false},"excerpt":{"rendered":"","protected":false},"author":2,"featured_media":39155,"comment_status":"open","ping_status":"open","sticky":false,"template":"","format":"standard","meta":{"_acf_changed":false,"jetpack_post_was_ever_published":false,"_jetpack_newsletter_access":"","_jetpack_dont_email_post_to_subs":false,"_jetpack_newsletter_tier_id":0,"_jetpack_memberships_contains_paywalled_content":false,"_jetpack_memberships_contains_paid_content":false,"footnotes":"","jetpack_publicize_message":"","jetpack_publicize_feature_enabled":true,"jetpack_social_post_already_shared":true,"jetpack_social_options":{"image_generator_settings":{"template":"highway","default_image_id":0,"font":"","enabled":false},"version":2}},"categories":[3,9],"tags":[],"class_list":["post-39154","post","type-post","status-publish","format-standard","has-post-thumbnail","hentry","category-novosti","category-skupovi"],"acf":{"facebook_opis":""},"jetpack_publicize_connections":[],"jetpack_featured_media_url":"https:\/\/i0.wp.com\/historiografija.hr\/wp-content\/uploads\/2024\/01\/Keyvisual_Schiff.jpg?fit=1181%2C886&ssl=1","jetpack_sharing_enabled":true,"jetpack-related-posts":[],"_links":{"self":[{"href":"https:\/\/historiografija.hr\/index.php?rest_route=\/wp\/v2\/posts\/39154","targetHints":{"allow":["GET"]}}],"collection":[{"href":"https:\/\/historiografija.hr\/index.php?rest_route=\/wp\/v2\/posts"}],"about":[{"href":"https:\/\/historiografija.hr\/index.php?rest_route=\/wp\/v2\/types\/post"}],"author":[{"embeddable":true,"href":"https:\/\/historiografija.hr\/index.php?rest_route=\/wp\/v2\/users\/2"}],"replies":[{"embeddable":true,"href":"https:\/\/historiografija.hr\/index.php?rest_route=%2Fwp%2Fv2%2Fcomments&post=39154"}],"version-history":[{"count":2,"href":"https:\/\/historiografija.hr\/index.php?rest_route=\/wp\/v2\/posts\/39154\/revisions"}],"predecessor-version":[{"id":39157,"href":"https:\/\/historiografija.hr\/index.php?rest_route=\/wp\/v2\/posts\/39154\/revisions\/39157"}],"wp:featuredmedia":[{"embeddable":true,"href":"https:\/\/historiografija.hr\/index.php?rest_route=\/wp\/v2\/media\/39155"}],"wp:attachment":[{"href":"https:\/\/historiografija.hr\/index.php?rest_route=%2Fwp%2Fv2%2Fmedia&parent=39154"}],"wp:term":[{"taxonomy":"category","embeddable":true,"href":"https:\/\/historiografija.hr\/index.php?rest_route=%2Fwp%2Fv2%2Fcategories&post=39154"},{"taxonomy":"post_tag","embeddable":true,"href":"https:\/\/historiografija.hr\/index.php?rest_route=%2Fwp%2Fv2%2Ftags&post=39154"}],"curies":[{"name":"wp","href":"https:\/\/api.w.org\/{rel}","templated":true}]}}