{"id":39145,"date":"2024-01-18T21:19:07","date_gmt":"2024-01-18T21:19:07","guid":{"rendered":"http:\/\/historiografija.hr\/?p=39145"},"modified":"2024-01-18T21:19:07","modified_gmt":"2024-01-18T21:19:07","slug":"zbornik-identitet-hrvata-boke-kotorske","status":"publish","type":"post","link":"https:\/\/historiografija.hr\/?p=39145","title":{"rendered":"Zbornik \u201eIdentitet Hrvata Boke kotorske\u201c"},"content":{"rendered":"\n<p>U Biblioteci Posebna izdanja Instituta dru\u0161tvenih znanosti Ivo Pilar objavljen je zbornik IDENTITET HRVATA BOKE KOTORSKE koji su uredili Vanda Babi\u0107 Gali\u0107 i \u017deljko Holjevac.<\/p>\n\n\n\n<p><strong>IDENTITET HRVATA BOKE KOTORSKE<\/strong><br><strong>Uredili: Vanda Babi\u0107 Gali\u0107 i \u017deljko Holjevac<\/strong><br><strong>Biblioteka Posebna izdanja<\/strong><br><strong>Institut dru\u0161tvenih znanosti Ivo Pilar<\/strong><br><strong>Zagreb, 2023. \u2013 264 str.<\/strong><br><strong>ISBN 978-953-8404-13-9<\/strong><\/p>\n\n\n\n<p>Sadr\u017eaj<\/p>\n\n\n\n<p>Predgovor<\/p>\n\n\n\n<p>Milan Bo\u0161njak: Sustavna komunikacija i suradnja institucija Republike Hrvatske s Hrvatima u Boki kotorskoj<br>Darko Mar\u010dinko: Uloga nesvjesnog i arhetipova u odr\u017eavanju identiteta<br>Grozdana Franov-\u017divkovi\u0107: Glagolja\u0161tvo Boke kotorske kao znak kulturnog i nacionalnog identiteta i veze sa zadarskim podru\u010djem<br>Lovorka \u010corali\u0107: Bokelji u Mletcima kao sastavni dio hrvatske iseljeni\u010dke zajednice: primjer iseljenika iz Herceg-Novoga<br>Maja Katu\u0161i\u0107: Boka kotorska i me\u0111ukulturalne migracije: vjen\u010danja u Kotoru tijekom 18. stolje\u0107a<br>Sa\u0161a Mrdulja\u0161: Zna\u010daj katolicizma u crnogorskoj nacionalnoj identifikaciji<br>Ivana Prijatelj Pavi\u010di\u0107, Sandra \u0160usti\u0107 Cvetkovi\u0107: Prilog poznavanju cavtatske slike pripisane Bo\u017eidaru Vlatkovi\u0107u i pitanju trajanja utjecaja Lovre Dobri\u010devi\u0107a u dubrova\u010dkom slikarstvu<br>Domagoj Vidovi\u0107: Pogled u toponimiju sredi\u0161njega dijela Boke kotorske<br>Matilda Koli\u0107 Stani\u0107: Luka Brajnovi\u0107 \u2013 Bokelj me\u0111u za\u010detnicima komunikologije<br>\u017deljko Brguljan: Predci sv. Leopolda Bogdana Mandi\u0107a: novljanski Mandi\u0107i i Carevi\u0107i i pera\u0161ki Bujovi\u0107i u arhivskim vrelima<br>Lana Hude\u010dek, Milica Mihaljevi\u0107: \u0160to nam mre\u017eni izvori Instituta za hrvatski jezik govore o Boki<br>Ozana Ramljak: Mo\u017ee li se re\u0107i zbogom \u2013 nostalgija u pjesni\u0161tvu Viktora Vide<br>Josip Ugle\u0161i\u0107, Josip Reni\u0107, Jakov Momirovi\u0107: Boka kotorska, biser hrvatske kulture koji treba poznavati \u2013 vi\u0111enje studenata zadarske Kroatistike<\/p>\n\n\n\n<p>Iz Predgovora<\/p>\n\n\n\n<p>U Zagrebu i Tivtu odr\u017ean je od 6. do 9. svibnja 2021. znanstveni skup Identitet Hrvata Boke kotorske. Skup je organizirao Institut dru\u0161tvenih znanosti Ivo Pilar u suradnji s Hrvatskim katoli\u010dkim sveu\u010dili\u0161tem, Fakultetom hrvatskih studija Sveu\u010dili\u0161ta u Zagrebu, Institutom za hrvatski jezik i Zavodom za povijesne znanosti Hrvatske akademije znanosti i umjetnosti u Zadru. Prvi dio skupa odr\u017ean je 6. svibnja u prostorijama Instituta Pilar u Zagrebu, a drugi dio 8. svibnja u Hotelu Palma u Tivtu. Pokrovitelji skupa bila su tri hrvatska ministarstva \u2013 Ministarstvo znanosti i obrazovanja, Ministarstvo vanjskih i europskih poslova i Ministarstvo kulture i medija \u2013 kao i Sredi\u0161nji dr\u017eavni ured za Hrvate izvan Republike Hrvatske. Supokrovitelji su bili Croatia Airlines i Hrvatsko nacionalno vije\u0107e Crne Gore. Duhovnu potporu skupu pru\u017eila je Biskupska konferencija Bosne i Hercegovine na \u010delu s uzoritim kardinalom Vinkom Pulji\u0107em. (\u2026)<\/p>\n\n\n\n<p>Polazni cilj znanstvenoga skupa bila je izrada kriti\u010dki provjerene javne slike o identitetu Hrvata Boke s ba\u0161tinskim upori\u0161tima i razvojnim horizontima. Drugi je cilj bio suradnjom iskusnih eksperata s razli\u010ditih znanstvenih podru\u010dja interdisciplinarno umre\u017eiti dobivene rezultate koji se odnose na Boku kotorsku i hrvatsku zajednicu u njoj. A tre\u0107i i sredi\u0161nji cilj bio je donijeti Zaklju\u010dke koji bi sadr\u017eavali znanstveno provjerene i utemeljene \u010dinjenice iz hrvatske kulture Boke kotorske s preporukom njihova uklju\u010divanja u predmetne kurikule u Hrvatskoj. Planiranim dolaskom u Boku kotorsku nakana je bila pru\u017eiti intelektualnu potporu bokeljskim Hrvatima u njihovoj sada\u0161njoj i budu\u0107oj odr\u017eivosti i perspektivama u Crnoj Gori. (\u2026)<\/p>\n\n\n\n<p>Objavljivanje zbornika znanstvenih radova o pojedinim aspektima identiteta Hrvata Boke kotorske poticaj je za pouzdaniju razradu mogu\u0107ih daljnjih koraka, a ve\u0107ina se odnosi na za\u0161titu bogate sakralne ba\u0161tine Boke kotorske i sre\u0111ivanje Biskupijskog arhiva u Kotoru te digitalizaciju gra\u0111e kao i pripremu <em>Enciklopedije Boke kotorsk<\/em>e, \u0161to je izazovan, iako ne i nemogu\u0107 posao.<\/p>\n\n\n\n<hr class=\"wp-block-separator\"\/>\n\n\n\n<p>Izvor i dodatne obavijesti:<\/p>\n\n\n\n<figure class=\"wp-block-embed-wordpress wp-block-embed is-type-wp-embed is-provider-institut-drustvenih-znanosti-ivo-pilar\"><div class=\"wp-block-embed__wrapper\">\n<blockquote class=\"wp-embedded-content\" data-secret=\"7kAEsq3vay\"><a href=\"https:\/\/www.pilar.hr\/2023\/12\/objavljen-zbornik-identitet-hrvata-boke-kotorske\/\">Objavljen zbornik IDENTITET HRVATA BOKE KOTORSKE<\/a><\/blockquote><iframe loading=\"lazy\" class=\"wp-embedded-content\" sandbox=\"allow-scripts\" security=\"restricted\" style=\"position: absolute; clip: rect(1px, 1px, 1px, 1px);\" title=\"&#8220;Objavljen zbornik IDENTITET HRVATA BOKE KOTORSKE&#8221; &#8212; Institut dru\u0161tvenih znanosti Ivo Pilar\" src=\"https:\/\/www.pilar.hr\/2023\/12\/objavljen-zbornik-identitet-hrvata-boke-kotorske\/embed\/#?secret=TJsa2xkZ6W#?secret=7kAEsq3vay\" data-secret=\"7kAEsq3vay\" width=\"600\" height=\"338\" frameborder=\"0\" marginwidth=\"0\" marginheight=\"0\" scrolling=\"no\"><\/iframe>\n<\/div><\/figure>\n\n\n\n<hr class=\"wp-block-separator\"\/>\n","protected":false},"excerpt":{"rendered":"","protected":false},"author":2,"featured_media":39146,"comment_status":"open","ping_status":"open","sticky":false,"template":"","format":"standard","meta":{"_acf_changed":false,"jetpack_post_was_ever_published":false,"_jetpack_newsletter_access":"","_jetpack_dont_email_post_to_subs":false,"_jetpack_newsletter_tier_id":0,"_jetpack_memberships_contains_paywalled_content":false,"_jetpack_memberships_contains_paid_content":false,"footnotes":"","jetpack_publicize_message":"","jetpack_publicize_feature_enabled":true,"jetpack_social_post_already_shared":true,"jetpack_social_options":{"image_generator_settings":{"template":"highway","default_image_id":0,"font":"","enabled":false},"version":2}},"categories":[8,3],"tags":[],"class_list":["post-39145","post","type-post","status-publish","format-standard","has-post-thumbnail","hentry","category-knjige","category-novosti"],"acf":{"facebook_opis":""},"jetpack_publicize_connections":[],"jetpack_featured_media_url":"https:\/\/i0.wp.com\/historiografija.hr\/wp-content\/uploads\/2024\/01\/Naslovnica_Identitet.jpg?fit=620%2C922&ssl=1","jetpack_sharing_enabled":true,"jetpack-related-posts":[],"_links":{"self":[{"href":"https:\/\/historiografija.hr\/index.php?rest_route=\/wp\/v2\/posts\/39145","targetHints":{"allow":["GET"]}}],"collection":[{"href":"https:\/\/historiografija.hr\/index.php?rest_route=\/wp\/v2\/posts"}],"about":[{"href":"https:\/\/historiografija.hr\/index.php?rest_route=\/wp\/v2\/types\/post"}],"author":[{"embeddable":true,"href":"https:\/\/historiografija.hr\/index.php?rest_route=\/wp\/v2\/users\/2"}],"replies":[{"embeddable":true,"href":"https:\/\/historiografija.hr\/index.php?rest_route=%2Fwp%2Fv2%2Fcomments&post=39145"}],"version-history":[{"count":1,"href":"https:\/\/historiografija.hr\/index.php?rest_route=\/wp\/v2\/posts\/39145\/revisions"}],"predecessor-version":[{"id":39147,"href":"https:\/\/historiografija.hr\/index.php?rest_route=\/wp\/v2\/posts\/39145\/revisions\/39147"}],"wp:featuredmedia":[{"embeddable":true,"href":"https:\/\/historiografija.hr\/index.php?rest_route=\/wp\/v2\/media\/39146"}],"wp:attachment":[{"href":"https:\/\/historiografija.hr\/index.php?rest_route=%2Fwp%2Fv2%2Fmedia&parent=39145"}],"wp:term":[{"taxonomy":"category","embeddable":true,"href":"https:\/\/historiografija.hr\/index.php?rest_route=%2Fwp%2Fv2%2Fcategories&post=39145"},{"taxonomy":"post_tag","embeddable":true,"href":"https:\/\/historiografija.hr\/index.php?rest_route=%2Fwp%2Fv2%2Ftags&post=39145"}],"curies":[{"name":"wp","href":"https:\/\/api.w.org\/{rel}","templated":true}]}}