{"id":39115,"date":"2024-01-17T18:05:37","date_gmt":"2024-01-17T18:05:37","guid":{"rendered":"http:\/\/historiografija.hr\/?p=39115"},"modified":"2024-01-17T18:05:37","modified_gmt":"2024-01-17T18:05:37","slug":"izlozba-sisacki-mirovnjaci-sudionici-mirovne-misije-unef-1956-1967","status":"publish","type":"post","link":"https:\/\/historiografija.hr\/?p=39115","title":{"rendered":"Izlo\u017eba \u201eSisa\u010dki mirovnjaci, sudionici mirovne misije UNEF 1956.-1967.\u201c"},"content":{"rendered":"\n<p>U \u010detvrtak, 18. sije\u010dnja 2024. u Gradskom muzeju Siska u 19,00 sati otvara se izlo\u017eba Sisa\u010dki mirovnjaci, sudionici mirovne misije UNEF 1956.-1967.<\/p>\n\n\n\n<p>O izlo\u017ebi:<\/p>\n\n\n\n<p>Izlo\u017eba se bavi prvom modernom mirovnom misijom OUN te sudionicima te misije iz Siska i okolice. Misija se odvijala na Sinajskom poluotoku i, danas ponovo aktualnom, pojasu Gaze u periodu 1956.- 1967. Tijekom istra\u017eivanja i priprema za ovu izlo\u017ebu jedan od primarnih ciljeva bio je prona\u0107i sudionike mirovne misije UNEF-a iz Siska i okolice te obaviti razgovore s njima te tako prikupiti \u0161to je mogu\u0107e vi\u0161e informacija \u201eiz prve ruke\u201c o \u017eivotnim i radnim uvjetima tijekom njihova boravka na Sinaju. Njihova iskustva i sje\u0107anja opisana su u katalogu izlo\u017ebe, a mnoge fotografije iz privatnih albuma i osobni predmeti \u010dine okosnicu muzejskog postava izlo\u017ebe.<\/p>\n\n\n\n<p>Autor izlo\u017ebe je mr.sc. Predrag Jeli\u0107, kustos Kulturno-povijesnog odjela Gradskog muzeja Sisak<\/p>\n\n\n\n<hr class=\"wp-block-separator\"\/>\n\n\n\n<p>Izvor:<\/p>\n\n\n\n<figure class=\"wp-block-embed-wordpress wp-block-embed is-type-wp-embed is-provider-gradski-muzej-sisak\"><div class=\"wp-block-embed__wrapper\">\n<blockquote class=\"wp-embedded-content\" data-secret=\"hAUbhszKRe\"><a href=\"https:\/\/muzej-sisak.hr\/izlozbe\/sisacki-mirovnjaci-sudionici-mirovne-misije-unef-1956-1967\/\">SISA\u010cKI MIROVNJACI, sudionici mirovne misije UNEF 1956.-1967.<\/a><\/blockquote><iframe loading=\"lazy\" class=\"wp-embedded-content\" sandbox=\"allow-scripts\" security=\"restricted\" style=\"position: absolute; clip: rect(1px, 1px, 1px, 1px);\" title=\"&#8220;SISA\u010cKI MIROVNJACI, sudionici mirovne misije UNEF 1956.-1967.&#8221; &#8212; Gradski muzej Sisak\" src=\"https:\/\/muzej-sisak.hr\/izlozbe\/sisacki-mirovnjaci-sudionici-mirovne-misije-unef-1956-1967\/embed\/#?secret=hAUbhszKRe\" data-secret=\"hAUbhszKRe\" width=\"600\" height=\"338\" frameborder=\"0\" marginwidth=\"0\" marginheight=\"0\" scrolling=\"no\"><\/iframe>\n<\/div><\/figure>\n\n\n\n<hr class=\"wp-block-separator\"\/>\n","protected":false},"excerpt":{"rendered":"","protected":false},"author":2,"featured_media":39116,"comment_status":"open","ping_status":"open","sticky":false,"template":"","format":"standard","meta":{"_acf_changed":false,"jetpack_post_was_ever_published":false,"_jetpack_newsletter_access":"","_jetpack_dont_email_post_to_subs":false,"_jetpack_newsletter_tier_id":0,"_jetpack_memberships_contains_paywalled_content":false,"_jetpack_memberships_contains_paid_content":false,"footnotes":"","jetpack_publicize_message":"","jetpack_publicize_feature_enabled":true,"jetpack_social_post_already_shared":true,"jetpack_social_options":{"image_generator_settings":{"template":"highway","default_image_id":0,"font":"","enabled":false},"version":2}},"categories":[10,3],"tags":[],"class_list":["post-39115","post","type-post","status-publish","format-standard","has-post-thumbnail","hentry","category-izlozbe","category-novosti"],"acf":{"facebook_opis":""},"jetpack_publicize_connections":[],"jetpack_featured_media_url":"https:\/\/i0.wp.com\/historiografija.hr\/wp-content\/uploads\/2024\/01\/plakat-izlo%C5%BEba-Sisak.jpg?fit=1086%2C1536&ssl=1","jetpack_sharing_enabled":true,"jetpack-related-posts":[],"_links":{"self":[{"href":"https:\/\/historiografija.hr\/index.php?rest_route=\/wp\/v2\/posts\/39115","targetHints":{"allow":["GET"]}}],"collection":[{"href":"https:\/\/historiografija.hr\/index.php?rest_route=\/wp\/v2\/posts"}],"about":[{"href":"https:\/\/historiografija.hr\/index.php?rest_route=\/wp\/v2\/types\/post"}],"author":[{"embeddable":true,"href":"https:\/\/historiografija.hr\/index.php?rest_route=\/wp\/v2\/users\/2"}],"replies":[{"embeddable":true,"href":"https:\/\/historiografija.hr\/index.php?rest_route=%2Fwp%2Fv2%2Fcomments&post=39115"}],"version-history":[{"count":1,"href":"https:\/\/historiografija.hr\/index.php?rest_route=\/wp\/v2\/posts\/39115\/revisions"}],"predecessor-version":[{"id":39117,"href":"https:\/\/historiografija.hr\/index.php?rest_route=\/wp\/v2\/posts\/39115\/revisions\/39117"}],"wp:featuredmedia":[{"embeddable":true,"href":"https:\/\/historiografija.hr\/index.php?rest_route=\/wp\/v2\/media\/39116"}],"wp:attachment":[{"href":"https:\/\/historiografija.hr\/index.php?rest_route=%2Fwp%2Fv2%2Fmedia&parent=39115"}],"wp:term":[{"taxonomy":"category","embeddable":true,"href":"https:\/\/historiografija.hr\/index.php?rest_route=%2Fwp%2Fv2%2Fcategories&post=39115"},{"taxonomy":"post_tag","embeddable":true,"href":"https:\/\/historiografija.hr\/index.php?rest_route=%2Fwp%2Fv2%2Ftags&post=39115"}],"curies":[{"name":"wp","href":"https:\/\/api.w.org\/{rel}","templated":true}]}}