{"id":39053,"date":"2024-01-15T19:41:05","date_gmt":"2024-01-15T19:41:05","guid":{"rendered":"http:\/\/historiografija.hr\/?p=39053"},"modified":"2024-01-15T20:05:14","modified_gmt":"2024-01-15T20:05:14","slug":"iz-povijesti-napada-na-udzbenike-povijesti-zahtjevi-za-povlacenjem-udzbenika-2007-godine-otvorena-pisma-i-polemike","status":"publish","type":"post","link":"https:\/\/historiografija.hr\/?p=39053","title":{"rendered":"Iz povijesti napada na ud\u017ebenike povijesti (2): Zahtjevi za povla\u010denjem ud\u017ebenika 2007. godine, otvorena pisma i polemike"},"content":{"rendered":"\n<p>U nastavku upu\u0107ujemo na obavijesti o slu\u010daju napada na ud\u017ebenike povijesti Kre\u0161imira Erdelje i Igora Stojakovi\u0107a (\u0160kolska knjiga) i Snje\u017eane Koren (Profil) iz 2007. godine, pra\u0107enima otvorenim pismima i polemikama.<\/p>\n\n\n\n<p>Svi koji prate aktualnu polemiku (2023-2024) o povu\u010denom ud\u017ebeniku povijesti \u201eZa\u0161to je povijest va\u017ena?\u201c mo\u017eda \u0107e uvidjeti sli\u010dne <strong>prigovore<\/strong> (\u201eOvako, neupu\u0107en u\u010denik mo\u017ee pomisliti da ih je protjerala Hrvatska vojska, \u0161to uostalom zastupaju u ha\u0161kom tu\u017eiteljstvu i u <em>Veritasu<\/em> Save \u0160trpca. (\u2026) Rije\u010d je o tipi\u010dnome stereotipu i izvla\u010denju Tu\u0111manove re\u010denice iz konteksta njegova govora. (\u2026) Mislimo ipak da velika ve\u0107ina hrvatskih povjesni\u010dara i javnih osoba ne dvoji o Stepin\u010devoj ulozi, pa ne vidimo potrebe da se u djelu kakvo je ud\u017ebenik za osnovnu \u0161kolu isti\u010du takva pitanja.\u201c) i sli\u010dne <strong>odgovore<\/strong> (\u201eDovoljno je spomenuti da se jo\u0161 od 1996. godine ustalio pluralizam ud\u017ebenika povijesti. Neosporno je da je upravo taj pluralizam doveo do vidnog pobolj\u0161anja i ud\u017ebenika i nastave povijesti u cijelosti. (\u2026) Ovih smo dana svjedoci poku\u0161aja da se metodama \u201cmoralno-politi\u010dke podobnosti\u201d diskvalificiraju neki autori nedavno odobrenih ud\u017ebenika povijesti za osmi razred osnovne \u0161kole. (\u2026) Smatramo da je o svemu mogu\u0107e i potrebno raspravljati, ne samo na polju historiografije ili publicistike, nego i na polju nastave povijesti\u201c) u <strong>dvama otvorenim pismima<\/strong> iz 2007. godine.<\/p>\n\n\n\n<p>Dio tih argumenata i pozicija iz 2007. prisutan je i u aktualnoj polemici iz 2023-2024. godine, dakako uz neke nove elemente i promijenjene kontekste. U svakom slu\u010daju, ve\u0107 sad je mogu\u0107e poduzimati odre\u0111ene komparacije.<\/p>\n\n\n\n<hr class=\"wp-block-separator\"\/>\n\n\n\n<p>Otvorena pisma (2007):<\/p>\n\n\n\n<p><a href=\"https:\/\/hrcak.srce.hr\/clanak\/39236\">https:\/\/hrcak.srce.hr\/clanak\/39236<\/a><\/p>\n\n\n\n<hr class=\"wp-block-separator\"\/>\n\n\n\n<p>Iz medija (2007):<\/p>\n\n\n\n<p><a href=\"https:\/\/www.jutarnji.hr\/naslovnica\/7-povjesnicara-o-domovinskom-ratu-u-udzbenicima-3771180\">https:\/\/www.jutarnji.hr\/naslovnica\/7-povjesnicara-o-domovinskom-ratu-u-udzbenicima-3771180<\/a><\/p>\n\n\n\n<hr class=\"wp-block-separator\"\/>\n\n\n\n<p><a href=\"https:\/\/www.jutarnji.hr\/naslovnica\/udzbenik-koji-presucuje-ili-navodi-srpske-zrtve-u-oluji-3853974\">https:\/\/www.jutarnji.hr\/naslovnica\/udzbenik-koji-presucuje-ili-navodi-srpske-zrtve-u-oluji-3853974<\/a><\/p>\n\n\n\n<p><a href=\"https:\/\/dnevnik.hr\/vijesti\/hrvatska\/dio-akademika-i-povjesnicara-trazi-povlacenje-udzbenika.html\">https:\/\/dnevnik.hr\/vijesti\/hrvatska\/dio-akademika-i-povjesnicara-trazi-povlacenje-udzbenika.html<\/a><\/p>\n\n\n\n<p><a href=\"https:\/\/www.jutarnji.hr\/naslovnica\/ministarstvo-akademicima-povjerenstvo-za-udzbenike-radilo-strucno-3766200\">https:\/\/www.jutarnji.hr\/naslovnica\/ministarstvo-akademicima-povjerenstvo-za-udzbenike-radilo-strucno-3766200<\/a><\/p>\n\n\n\n<hr class=\"wp-block-separator\"\/>\n\n\n\n<p><a href=\"https:\/\/www.hkv.hr\/kultura\/udbenici\/824-jutarnji-list-najkroatocentrini-udbenik-iz-povijesti.html\">https:\/\/www.hkv.hr\/kultura\/udbenici\/824-jutarnji-list-najkroatocentrini-udbenik-iz-povijesti.html<\/a><\/p>\n\n\n\n<p><a href=\"https:\/\/www.hkv.hr\/kultura\/udbenici\/664-otvoreno-pismo-20-akademika-i-10-povjesniara.html\">https:\/\/www.hkv.hr\/kultura\/udbenici\/664-otvoreno-pismo-20-akademika-i-10-povjesniara.html<\/a><\/p>\n\n\n\n<p><a href=\"https:\/\/www.hkv.hr\/kultura\/udbenici\/750-josip-peari-akademici-protiv-povijesne-fantastike.html\">https:\/\/www.hkv.hr\/kultura\/udbenici\/750-josip-peari-akademici-protiv-povijesne-fantastike.html<\/a><\/p>\n\n\n\n<p><a href=\"https:\/\/www.hkv.hr\/kultura\/udbenici\/823-akademik-josip-peari-je-li-nekim-naim-povjesniarima-povijest-znanost.html\">https:\/\/www.hkv.hr\/kultura\/udbenici\/823-akademik-josip-peari-je-li-nekim-naim-povjesniarima-povijest-znanost.html<\/a><\/p>\n\n\n\n<p><a href=\"https:\/\/www.hkv.hr\/kultura\/udbenici\/708-povucite-protuhrvatski-udbenik-povijesti.html\">https:\/\/www.hkv.hr\/kultura\/udbenici\/708-povucite-protuhrvatski-udbenik-povijesti.html<\/a><\/p>\n\n\n\n<p><a href=\"https:\/\/www.hkv.hr\/kultura\/udbenici\/722-ega-sve-nema-u-udbeniku-retuirane-nam-povijesti.html\">https:\/\/www.hkv.hr\/kultura\/udbenici\/722-ega-sve-nema-u-udbeniku-retuirane-nam-povijesti.html<\/a><\/p>\n\n\n\n<p><a href=\"https:\/\/www.hkv.hr\/kultura\/udbenici\/916-kolstvo-dobro-koliko-nastavnici-izdre.html\">https:\/\/www.hkv.hr\/kultura\/udbenici\/916-kolstvo-dobro-koliko-nastavnici-izdre.html<\/a><\/p>\n\n\n\n<hr class=\"wp-block-separator\"\/>\n\n\n\n<p>Prethodne obavijesti na portalu Historiografija.hr:<\/p>\n\n\n\n<figure class=\"wp-block-embed-wordpress wp-block-embed is-type-wp-embed is-provider-historiografija-hr\"><div class=\"wp-block-embed__wrapper\">\n<blockquote class=\"wp-embedded-content\" data-secret=\"j6XHlKLRGb\"><a href=\"https:\/\/historiografija.hr\/?p=13534\">\u201cPovijest u nastavi\u201d (2007): Povjesni\u010dari, ud\u017ebenici i nastava povijesti u suvremenoj Hrvatskoj<\/a><\/blockquote><iframe loading=\"lazy\" class=\"wp-embedded-content\" sandbox=\"allow-scripts\" security=\"restricted\" style=\"position: absolute; clip: rect(1px, 1px, 1px, 1px);\" title=\"&#8220;\u201cPovijest u nastavi\u201d (2007): Povjesni\u010dari, ud\u017ebenici i nastava povijesti u suvremenoj Hrvatskoj&#8221; &#8212; Historiografija.hr\" src=\"https:\/\/historiografija.hr\/?p=13534&#038;embed=true#?secret=j6XHlKLRGb\" data-secret=\"j6XHlKLRGb\" width=\"600\" height=\"338\" frameborder=\"0\" marginwidth=\"0\" marginheight=\"0\" scrolling=\"no\"><\/iframe>\n<\/div><\/figure>\n\n\n\n<hr class=\"wp-block-separator\"\/>\n\n\n\n<figure class=\"wp-block-embed-wordpress wp-block-embed is-type-wp-embed is-provider-historiografija-hr\"><div class=\"wp-block-embed__wrapper\">\n<blockquote class=\"wp-embedded-content\" data-secret=\"iXZ0ebmkXC\"><a href=\"https:\/\/historiografija.hr\/?p=38903\">Iz povijesti napada na ud\u017ebenike povijesti (1): Nedavni primjeri napada na Meridijanove i Alfine te ud\u017ebenike \u0160kolske knjige<\/a><\/blockquote><iframe loading=\"lazy\" class=\"wp-embedded-content\" sandbox=\"allow-scripts\" security=\"restricted\" style=\"position: absolute; clip: rect(1px, 1px, 1px, 1px);\" title=\"&#8220;Iz povijesti napada na ud\u017ebenike povijesti (1): Nedavni primjeri napada na Meridijanove i Alfine te ud\u017ebenike \u0160kolske knjige&#8221; &#8212; Historiografija.hr\" src=\"https:\/\/historiografija.hr\/?p=38903&#038;embed=true#?secret=iXZ0ebmkXC\" data-secret=\"iXZ0ebmkXC\" width=\"600\" height=\"338\" frameborder=\"0\" marginwidth=\"0\" marginheight=\"0\" scrolling=\"no\"><\/iframe>\n<\/div><\/figure>\n\n\n\n<hr class=\"wp-block-separator\"\/>\n","protected":false},"excerpt":{"rendered":"","protected":false},"author":2,"featured_media":39054,"comment_status":"open","ping_status":"open","sticky":false,"template":"","format":"standard","meta":{"_acf_changed":false,"jetpack_post_was_ever_published":false,"_jetpack_newsletter_access":"","_jetpack_dont_email_post_to_subs":false,"_jetpack_newsletter_tier_id":0,"_jetpack_memberships_contains_paywalled_content":false,"_jetpack_memberships_contains_paid_content":false,"footnotes":"","jetpack_publicize_message":"","jetpack_publicize_feature_enabled":true,"jetpack_social_post_already_shared":true,"jetpack_social_options":{"image_generator_settings":{"template":"highway","default_image_id":0,"font":"","enabled":false},"version":2}},"categories":[3,17],"tags":[],"class_list":["post-39053","post","type-post","status-publish","format-standard","has-post-thumbnail","hentry","category-novosti","category-rasprave"],"acf":{"facebook_opis":""},"jetpack_publicize_connections":[],"jetpack_featured_media_url":"https:\/\/i0.wp.com\/historiografija.hr\/wp-content\/uploads\/2024\/01\/PUN-scaled.jpg?fit=2560%2C1920&ssl=1","jetpack_sharing_enabled":true,"jetpack-related-posts":[],"_links":{"self":[{"href":"https:\/\/historiografija.hr\/index.php?rest_route=\/wp\/v2\/posts\/39053","targetHints":{"allow":["GET"]}}],"collection":[{"href":"https:\/\/historiografija.hr\/index.php?rest_route=\/wp\/v2\/posts"}],"about":[{"href":"https:\/\/historiografija.hr\/index.php?rest_route=\/wp\/v2\/types\/post"}],"author":[{"embeddable":true,"href":"https:\/\/historiografija.hr\/index.php?rest_route=\/wp\/v2\/users\/2"}],"replies":[{"embeddable":true,"href":"https:\/\/historiografija.hr\/index.php?rest_route=%2Fwp%2Fv2%2Fcomments&post=39053"}],"version-history":[{"count":5,"href":"https:\/\/historiografija.hr\/index.php?rest_route=\/wp\/v2\/posts\/39053\/revisions"}],"predecessor-version":[{"id":39061,"href":"https:\/\/historiografija.hr\/index.php?rest_route=\/wp\/v2\/posts\/39053\/revisions\/39061"}],"wp:featuredmedia":[{"embeddable":true,"href":"https:\/\/historiografija.hr\/index.php?rest_route=\/wp\/v2\/media\/39054"}],"wp:attachment":[{"href":"https:\/\/historiografija.hr\/index.php?rest_route=%2Fwp%2Fv2%2Fmedia&parent=39053"}],"wp:term":[{"taxonomy":"category","embeddable":true,"href":"https:\/\/historiografija.hr\/index.php?rest_route=%2Fwp%2Fv2%2Fcategories&post=39053"},{"taxonomy":"post_tag","embeddable":true,"href":"https:\/\/historiografija.hr\/index.php?rest_route=%2Fwp%2Fv2%2Ftags&post=39053"}],"curies":[{"name":"wp","href":"https:\/\/api.w.org\/{rel}","templated":true}]}}