{"id":39048,"date":"2024-01-15T17:46:43","date_gmt":"2024-01-15T17:46:43","guid":{"rendered":"http:\/\/historiografija.hr\/?p=39048"},"modified":"2024-01-15T17:48:59","modified_gmt":"2024-01-15T17:48:59","slug":"dzebra-ibrahim-dzebra-u-potrazi-za-velidom-mesudom","status":"publish","type":"post","link":"https:\/\/historiografija.hr\/?p=39048","title":{"rendered":"D\u017eebra Ibrahim D\u017eebra, \u201eU potrazi za Velidom Mesudom\u201c"},"content":{"rendered":"\n<p>\u201eIzdava\u010dko-grafi\u010dka ku\u0107a \u201cPlanjax\u201d (Te\u0161anj) objavila je roman \u201eU potrazi za Velidom Mesudom\u201c \u010diji je autor svjetski poznati palestinsko-ira\u010dki pisac D\u017eebra Ibrahim D\u017eebra, a u prijevodu akademika Esada Durakovi\u0107a. Prvo izdanje ovog djela u prijevodu akademika Durakovi\u0107a objavljeno je 1995. godine u Izdava\u010dkoj ku\u0107i \u201eZID\u201c u Sarajevu.\u201c (Historiografija.ba)<\/p>\n\n\n\n<hr class=\"wp-block-separator\"\/>\n\n\n\n<p>Izvori i dodatne obavijesti:<\/p>\n\n\n\n<p><a href=\"https:\/\/radiosarajevo.ba\/metromahala\/kultura\/iz-stampe-izasao-roman-u-potrazi-za-velidom-mesudom-velikog-palestinskog-pisca\/523195\">https:\/\/radiosarajevo.ba\/metromahala\/kultura\/iz-stampe-izasao-roman-u-potrazi-za-velidom-mesudom-velikog-palestinskog-pisca\/523195<\/a><\/p>\n\n\n\n<p><a href=\"https:\/\/federalna.ba\/roman-u-potrazi-za-velidom-mesudom-8aww5\">https:\/\/federalna.ba\/roman-u-potrazi-za-velidom-mesudom-8aww5<\/a><\/p>\n\n\n\n<p><a href=\"https:\/\/www.enciklopedija.hr\/natuknica.aspx?id=69947\">https:\/\/www.enciklopedija.hr\/natuknica.aspx?id=69947<\/a><\/p>\n\n\n\n<p><a href=\"https:\/\/historiografija.ba\/article.php?id=2190\">https:\/\/historiografija.ba\/article.php?id=2190<\/a><\/p>\n\n\n\n<hr class=\"wp-block-separator\"\/>\n","protected":false},"excerpt":{"rendered":"","protected":false},"author":2,"featured_media":39049,"comment_status":"open","ping_status":"open","sticky":false,"template":"","format":"standard","meta":{"_acf_changed":false,"jetpack_post_was_ever_published":false,"_jetpack_newsletter_access":"","_jetpack_dont_email_post_to_subs":false,"_jetpack_newsletter_tier_id":0,"_jetpack_memberships_contains_paywalled_content":false,"_jetpack_memberships_contains_paid_content":false,"footnotes":"","jetpack_publicize_message":"","jetpack_publicize_feature_enabled":true,"jetpack_social_post_already_shared":true,"jetpack_social_options":{"image_generator_settings":{"template":"highway","default_image_id":0,"font":"","enabled":false},"version":2}},"categories":[3,12],"tags":[],"class_list":["post-39048","post","type-post","status-publish","format-standard","has-post-thumbnail","hentry","category-novosti","category-knjizevnost"],"acf":{"facebook_opis":""},"jetpack_publicize_connections":[],"jetpack_featured_media_url":"https:\/\/i0.wp.com\/historiografija.hr\/wp-content\/uploads\/2024\/01\/u-potrazi-za-velidom-mesudom.jpg?fit=450%2C412&ssl=1","jetpack_sharing_enabled":true,"jetpack-related-posts":[],"_links":{"self":[{"href":"https:\/\/historiografija.hr\/index.php?rest_route=\/wp\/v2\/posts\/39048","targetHints":{"allow":["GET"]}}],"collection":[{"href":"https:\/\/historiografija.hr\/index.php?rest_route=\/wp\/v2\/posts"}],"about":[{"href":"https:\/\/historiografija.hr\/index.php?rest_route=\/wp\/v2\/types\/post"}],"author":[{"embeddable":true,"href":"https:\/\/historiografija.hr\/index.php?rest_route=\/wp\/v2\/users\/2"}],"replies":[{"embeddable":true,"href":"https:\/\/historiografija.hr\/index.php?rest_route=%2Fwp%2Fv2%2Fcomments&post=39048"}],"version-history":[{"count":2,"href":"https:\/\/historiografija.hr\/index.php?rest_route=\/wp\/v2\/posts\/39048\/revisions"}],"predecessor-version":[{"id":39051,"href":"https:\/\/historiografija.hr\/index.php?rest_route=\/wp\/v2\/posts\/39048\/revisions\/39051"}],"wp:featuredmedia":[{"embeddable":true,"href":"https:\/\/historiografija.hr\/index.php?rest_route=\/wp\/v2\/media\/39049"}],"wp:attachment":[{"href":"https:\/\/historiografija.hr\/index.php?rest_route=%2Fwp%2Fv2%2Fmedia&parent=39048"}],"wp:term":[{"taxonomy":"category","embeddable":true,"href":"https:\/\/historiografija.hr\/index.php?rest_route=%2Fwp%2Fv2%2Fcategories&post=39048"},{"taxonomy":"post_tag","embeddable":true,"href":"https:\/\/historiografija.hr\/index.php?rest_route=%2Fwp%2Fv2%2Ftags&post=39048"}],"curies":[{"name":"wp","href":"https:\/\/api.w.org\/{rel}","templated":true}]}}