{"id":39046,"date":"2024-01-15T17:32:26","date_gmt":"2024-01-15T17:32:26","guid":{"rendered":"http:\/\/historiografija.hr\/?p=39046"},"modified":"2024-01-15T17:32:26","modified_gmt":"2024-01-15T17:32:26","slug":"diskussion-universitaten-auf-irrwegen-postkolonialismus-und-antisemitismus-in-der-wissenschaft","status":"publish","type":"post","link":"https:\/\/historiografija.hr\/?p=39046","title":{"rendered":"Diskussion \u201eUniversit\u00e4ten auf Irrwegen? Postkolonialismus und Antisemitismus in der Wissenschaft\u201c"},"content":{"rendered":"\n<p>16.01.2024 16:00 Uhr \u2013 18:00 Uhr<\/p>\n\n\n\n<p>Universit\u00e4t Regensburg, Vielberth-Geb\u00e4ude, H 24 \u00a0<\/p>\n\n\n\n<hr class=\"wp-block-separator\"\/>\n\n\n\n<p>Podiumsdiskussion in der Reihe &#8220;Security \u2013 Strategy \u2013 War: Europe and America in the Modern World&#8221;. Mit Volker Depkat (Regensburg), J\u00f6rg Skriebeleit (Zentrum Erinnerungskultur UR\/KZ-Gedenkst\u00e4tte Flossenb\u00fcrg), Stephan Bierling (Regensburg). Moderation: Gerlinde Groitl (Regensburg).<\/p>\n\n\n\n<hr class=\"wp-block-separator\"\/>\n\n\n\n<p>Organisiert vom Leibniz-WissenschaftsCampus \u201eEuropa und Amerika in der modernen Welt\u201c.<\/p>\n\n\n\n<hr class=\"wp-block-separator\"\/>\n\n\n\n<p><a href=\"https:\/\/leibniz-ios.de\/veranstaltungen\/detail\/universitaeten-auf-irrwegen\">https:\/\/leibniz-ios.de\/veranstaltungen\/detail\/universitaeten-auf-irrwegen<\/a><\/p>\n\n\n\n<hr class=\"wp-block-separator\"\/>\n","protected":false},"excerpt":{"rendered":"","protected":false},"author":2,"featured_media":26674,"comment_status":"open","ping_status":"open","sticky":false,"template":"","format":"standard","meta":{"_acf_changed":false,"_jetpack_newsletter_access":"","_jetpack_dont_email_post_to_subs":false,"_jetpack_newsletter_tier_id":0,"_jetpack_memberships_contains_paywalled_content":false,"_jetpack_memberships_contains_paid_content":false,"footnotes":"","jetpack_publicize_message":"","jetpack_publicize_feature_enabled":true,"jetpack_social_post_already_shared":true,"jetpack_social_options":{"image_generator_settings":{"template":"highway","default_image_id":0,"font":"","enabled":false},"version":2},"jetpack_post_was_ever_published":false},"categories":[3],"tags":[],"class_list":["post-39046","post","type-post","status-publish","format-standard","has-post-thumbnail","hentry","category-novosti"],"acf":{"facebook_opis":""},"jetpack_publicize_connections":[],"jetpack_featured_media_url":"https:\/\/i0.wp.com\/historiografija.hr\/wp-content\/uploads\/2021\/06\/IOS_Institut.jpg?fit=800%2C533&ssl=1","jetpack_sharing_enabled":true,"jetpack-related-posts":[{"id":51481,"url":"https:\/\/historiografija.hr\/?p=51481","url_meta":{"origin":39046,"position":0},"title":"CfP: New Approaches to the Study of the ICTY Archives","author":"Branimir Jankovi\u0107","date":"13. velja\u010de 2026.","format":false,"excerpt":"In April 2008, the International Criminal Tribunal for the former Yugoslavia (ICTY) launched its online Court Records Database, making documents from Tribunal proceedings broadly accessible for research and teaching. Early expectations were high: the evidentiary record introduced at trial was hoped to help future generations \"understand the region's history and\u2026","rel":"","context":"U &quot;Novosti&quot;","block_context":{"text":"Novosti","link":"https:\/\/historiografija.hr\/?cat=3"},"img":{"alt_text":"","src":"https:\/\/i0.wp.com\/historiografija.hr\/wp-content\/uploads\/2026\/02\/Icty.jpg?fit=550%2C367&ssl=1&resize=350%2C200","width":350,"height":200,"srcset":"https:\/\/i0.wp.com\/historiografija.hr\/wp-content\/uploads\/2026\/02\/Icty.jpg?fit=550%2C367&ssl=1&resize=350%2C200 1x, https:\/\/i0.wp.com\/historiografija.hr\/wp-content\/uploads\/2026\/02\/Icty.jpg?fit=550%2C367&ssl=1&resize=525%2C300 1.5x"},"classes":[]},{"id":54635,"url":"https:\/\/historiografija.hr\/?p=54635","url_meta":{"origin":39046,"position":1},"title":"Call for Applications \u2013 Seed funding for junior post-doctoral scholars 2026\/2027","author":"Branimir Jankovi\u0107","date":"16. srpnja 2026.","format":false,"excerpt":"We are pleased to announce the call for applications for our 2026\/2027 seed funding programme to commence in January 2027 the earliest. This programme targets junior post-doctoral researchers, particularly (but not exclusively) from Southeastern Europe, who are historians, anthropologists, linguists, and\/or scholars of cognate disciplines. It aims to provide financial\u2026","rel":"","context":"U &quot;Novosti&quot;","block_context":{"text":"Novosti","link":"https:\/\/historiografija.hr\/?cat=3"},"img":{"alt_text":"","src":"https:\/\/i0.wp.com\/historiografija.hr\/wp-content\/uploads\/2026\/07\/werner-du-plessis.jpg?fit=1200%2C800&ssl=1&resize=350%2C200","width":350,"height":200,"srcset":"https:\/\/i0.wp.com\/historiografija.hr\/wp-content\/uploads\/2026\/07\/werner-du-plessis.jpg?fit=1200%2C800&ssl=1&resize=350%2C200 1x, https:\/\/i0.wp.com\/historiografija.hr\/wp-content\/uploads\/2026\/07\/werner-du-plessis.jpg?fit=1200%2C800&ssl=1&resize=525%2C300 1.5x, https:\/\/i0.wp.com\/historiografija.hr\/wp-content\/uploads\/2026\/07\/werner-du-plessis.jpg?fit=1200%2C800&ssl=1&resize=700%2C400 2x, https:\/\/i0.wp.com\/historiografija.hr\/wp-content\/uploads\/2026\/07\/werner-du-plessis.jpg?fit=1200%2C800&ssl=1&resize=1050%2C600 3x"},"classes":[]},{"id":54337,"url":"https:\/\/historiografija.hr\/?p=54337","url_meta":{"origin":39046,"position":2},"title":"Online-Lecture by Sophie Momzikoff: The Yugoslav Crisis and the Russian Place in the New European Architecture","author":"Branimir Jankovi\u0107","date":"26. lipnja 2026.","format":false,"excerpt":"01.07.2026 16:00 Uhr The aim of this presentation is to show how the Yugoslav crisis served as a test for Russia\u2019s place in the post-Cold War European order. Indeed, the wars in the former Yugoslavia began just as the Russian Federation was establishing strong ties with the West. When Yugoslavia\u2026","rel":"","context":"U &quot;Novosti&quot;","block_context":{"text":"Novosti","link":"https:\/\/historiografija.hr\/?cat=3"},"img":{"alt_text":"","src":"https:\/\/i0.wp.com\/historiografija.hr\/wp-content\/uploads\/2026\/06\/photo_sophie_momzikoff.jpeg?fit=300%2C300&ssl=1&resize=350%2C200","width":350,"height":200},"classes":[]},{"id":54420,"url":"https:\/\/historiografija.hr\/?p=54420","url_meta":{"origin":39046,"position":3},"title":"Anna H\u00e1jkov\u00e1, &#8220;Das letzte Ghetto. Eine Alltagsgeschichte von Theresienstadt&#8221;","author":"Branimir Jankovi\u0107","date":"2. srpnja 2026.","format":false,"excerpt":"W\u00e4hrend des Holocaust bildete sich in der H\u00e4ftlingsgesellschaft von Theresienstadt eine eigene soziale Hierarchie heraus. Dabei entschieden kleine Unterschiede zwischen den H\u00e4ftlingen \u2013 ihr Alter, ihre Herkunft oder ihre fr\u00fchere Arbeit \u2013 \u00fcber Leben und Tod. In den dreieinhalb Jahren des Bestehens des Lagers schufen die H\u00e4ftlinge ihre eigene Kultur\u2026","rel":"","context":"U &quot;Knjige&quot;","block_context":{"text":"Knjige","link":"https:\/\/historiografija.hr\/?cat=8"},"img":{"alt_text":"","src":"https:\/\/i0.wp.com\/historiografija.hr\/wp-content\/uploads\/2026\/07\/A_Hajkova.jpg?fit=789%2C685&ssl=1&resize=350%2C200","width":350,"height":200,"srcset":"https:\/\/i0.wp.com\/historiografija.hr\/wp-content\/uploads\/2026\/07\/A_Hajkova.jpg?fit=789%2C685&ssl=1&resize=350%2C200 1x, https:\/\/i0.wp.com\/historiografija.hr\/wp-content\/uploads\/2026\/07\/A_Hajkova.jpg?fit=789%2C685&ssl=1&resize=525%2C300 1.5x, https:\/\/i0.wp.com\/historiografija.hr\/wp-content\/uploads\/2026\/07\/A_Hajkova.jpg?fit=789%2C685&ssl=1&resize=700%2C400 2x"},"classes":[]},{"id":53604,"url":"https:\/\/historiografija.hr\/?p=53604","url_meta":{"origin":39046,"position":4},"title":"O budu\u0107nosti arhiva Ha\u0161kog suda","author":"Branimir Jankovi\u0107","date":"21. svibnja 2026.","format":false,"excerpt":"Savjet sigurnosti UN-a 2010. godine osnovao je Me\u0111unarodni rezidualni mehanizam za kaznene sudove (MRMKS) koji je preuzeo osnovne preostale funkcije Me\u0111unarodnog kaznenog suda za biv\u0161u Jugoslaviju (MKSJ) i Me\u0111unarodnog kaznenog suda za Ruandu (MKSR). Jedna od zada\u0107a Mehanizma jest \u010duvanje i vo\u0111enje arhiva te osiguravanje njegove dostupnosti javnosti. Baza podataka\u2026","rel":"","context":"U &quot;Novosti&quot;","block_context":{"text":"Novosti","link":"https:\/\/historiografija.hr\/?cat=3"},"img":{"alt_text":"","src":"https:\/\/i0.wp.com\/historiografija.hr\/wp-content\/uploads\/2026\/05\/Hag-zgrada.jpg?fit=1200%2C812&ssl=1&resize=350%2C200","width":350,"height":200,"srcset":"https:\/\/i0.wp.com\/historiografija.hr\/wp-content\/uploads\/2026\/05\/Hag-zgrada.jpg?fit=1200%2C812&ssl=1&resize=350%2C200 1x, https:\/\/i0.wp.com\/historiografija.hr\/wp-content\/uploads\/2026\/05\/Hag-zgrada.jpg?fit=1200%2C812&ssl=1&resize=525%2C300 1.5x, https:\/\/i0.wp.com\/historiografija.hr\/wp-content\/uploads\/2026\/05\/Hag-zgrada.jpg?fit=1200%2C812&ssl=1&resize=700%2C400 2x, https:\/\/i0.wp.com\/historiografija.hr\/wp-content\/uploads\/2026\/05\/Hag-zgrada.jpg?fit=1200%2C812&ssl=1&resize=1050%2C600 3x"},"classes":[]},{"id":54487,"url":"https:\/\/historiografija.hr\/?p=54487","url_meta":{"origin":39046,"position":5},"title":"Workshop &#8220;Experts in Transition: Political Epistemologies of 1980s\u20132000s East Central Europe&#8221;","author":"Branimir Jankovi\u0107","date":"7. srpnja 2026.","format":false,"excerpt":"On July 9\u201310, 2026, the Institute of Contemporary History in Ljubljana will host the international workshop: Experts in Transition: Political Epistemologies of 1980s\u20132000s East Central Europe The workshop is open to the public and to interested scholars. If you are planning to participate, please write to Adela H\u00eencu \u2013 adela.hincu@inz.si\u2026","rel":"","context":"U &quot;Novosti&quot;","block_context":{"text":"Novosti","link":"https:\/\/historiografija.hr\/?cat=3"},"img":{"alt_text":"","src":"https:\/\/i0.wp.com\/historiografija.hr\/wp-content\/uploads\/2026\/07\/01-INZ-logo-21-RGB-SLO_RGB.png?fit=685%2C291&ssl=1&resize=350%2C200","width":350,"height":200,"srcset":"https:\/\/i0.wp.com\/historiografija.hr\/wp-content\/uploads\/2026\/07\/01-INZ-logo-21-RGB-SLO_RGB.png?fit=685%2C291&ssl=1&resize=350%2C200 1x, https:\/\/i0.wp.com\/historiografija.hr\/wp-content\/uploads\/2026\/07\/01-INZ-logo-21-RGB-SLO_RGB.png?fit=685%2C291&ssl=1&resize=525%2C300 1.5x"},"classes":[]}],"_links":{"self":[{"href":"https:\/\/historiografija.hr\/index.php?rest_route=\/wp\/v2\/posts\/39046","targetHints":{"allow":["GET"]}}],"collection":[{"href":"https:\/\/historiografija.hr\/index.php?rest_route=\/wp\/v2\/posts"}],"about":[{"href":"https:\/\/historiografija.hr\/index.php?rest_route=\/wp\/v2\/types\/post"}],"author":[{"embeddable":true,"href":"https:\/\/historiografija.hr\/index.php?rest_route=\/wp\/v2\/users\/2"}],"replies":[{"embeddable":true,"href":"https:\/\/historiografija.hr\/index.php?rest_route=%2Fwp%2Fv2%2Fcomments&post=39046"}],"version-history":[{"count":1,"href":"https:\/\/historiografija.hr\/index.php?rest_route=\/wp\/v2\/posts\/39046\/revisions"}],"predecessor-version":[{"id":39047,"href":"https:\/\/historiografija.hr\/index.php?rest_route=\/wp\/v2\/posts\/39046\/revisions\/39047"}],"wp:featuredmedia":[{"embeddable":true,"href":"https:\/\/historiografija.hr\/index.php?rest_route=\/wp\/v2\/media\/26674"}],"wp:attachment":[{"href":"https:\/\/historiografija.hr\/index.php?rest_route=%2Fwp%2Fv2%2Fmedia&parent=39046"}],"wp:term":[{"taxonomy":"category","embeddable":true,"href":"https:\/\/historiografija.hr\/index.php?rest_route=%2Fwp%2Fv2%2Fcategories&post=39046"},{"taxonomy":"post_tag","embeddable":true,"href":"https:\/\/historiografija.hr\/index.php?rest_route=%2Fwp%2Fv2%2Ftags&post=39046"}],"curies":[{"name":"wp","href":"https:\/\/api.w.org\/{rel}","templated":true}]}}