{"id":39042,"date":"2024-01-15T17:22:02","date_gmt":"2024-01-15T17:22:02","guid":{"rendered":"http:\/\/historiografija.hr\/?p=39042"},"modified":"2024-01-27T23:14:52","modified_gmt":"2024-01-27T23:14:52","slug":"izlozba-i-predavanje-o-lei-deutsch-poljska-auschwitz-17-sijecnja-2023","status":"publish","type":"post","link":"https:\/\/historiografija.hr\/?p=39042","title":{"rendered":"Izlo\u017eba i predavanje o Lei Deutsch (Poljska, Auschwitz, 17. sije\u010dnja 2023.)"},"content":{"rendered":"\n<p>Otvorenje izlo\u017ebe i predavanje o Lei Deutsch u International Youth Meeting Center u O\u015bwi\u0119cim\/Auschwitzu odr\u017eat \u0107e se u srijedu, 17. sije\u010dnja 2024. s po\u010detkom u 18.30 sati.<\/p>\n\n\n\n<p>Autori izlo\u017ebe, po prvi puta predstavljene u Nacionalnoj i sveu\u010dili\u0161noj knji\u017enici u Zagrebu u sklopu Festivala povijesti Kliofest u svibnju 2023. godine su Martina Bitunjac i Damir Agi\u010di\u0107.<\/p>\n\n\n\n<p>Izlo\u017eba <strong>Izme\u0111u slave i zaborava<\/strong> u 2023. godini bila je, osim u Zagrebu, postavljena u Berlinu i Krakovu.<\/p>\n\n\n\n<p>Temelji se na knjizi Martine Bitunjac <strong>Lea Deutsch. Dijete glume, glazbe i plesa<\/strong> objavljene 2021. godine u izdanju Srednje Europe.<\/p>\n\n\n\n<hr class=\"wp-block-separator\"\/>\n\n\n\n<p>Dijelimo poveznicu:<\/p>\n\n\n\n<p><a href=\"https:\/\/mdsm.pl\/aktualnosci\/post\/miedzy-slawa-a-zapomnieniem-lea-deutsch-cudowne-dziecko-i-ofiara-holokaustu\">https:\/\/mdsm.pl\/aktualnosci\/post\/miedzy-slawa-a-zapomnieniem-lea-deutsch-cudowne-dziecko-i-ofiara-holokaustu<\/a><\/p>\n\n\n\n<p><a href=\"https:\/\/mdsm.pl\/de\/aktuell\/post\/zwischen-ruhm-und-vergessenheit-lea-deutsch-wunderkind-und-holocaust-opfer\">Zwischen Ruhm und Vergessenheit. Lea Deutsch: Wunderkind und Holocaust-Opfer \u2013 MDSM<\/a><\/p>\n\n\n\n<hr class=\"wp-block-separator\"\/>\n\n\n\n<p>Izvor i dodatne obavijesti:<\/p>\n\n\n\n<figure class=\"wp-block-embed-wordpress wp-block-embed is-type-wp-embed is-provider-srednja-europa\"><div class=\"wp-block-embed__wrapper\">\n<blockquote class=\"wp-embedded-content\" data-secret=\"ARscc4eKIE\"><a href=\"https:\/\/srednja-europa.hr\/dogadaji\/poljska-auschwitz-17-sijecnja-2023-izlozba-i-predavanje-o-lei-deutsch\/\">Poljska, Auschwitz, 17. sije\u010dnja 2023. Izlo\u017eba i predavanje o Lei Deutsch<\/a><\/blockquote><iframe loading=\"lazy\" class=\"wp-embedded-content\" sandbox=\"allow-scripts\" security=\"restricted\" style=\"position: absolute; clip: rect(1px, 1px, 1px, 1px);\" title=\"&#8220;Poljska, Auschwitz, 17. sije\u010dnja 2023. Izlo\u017eba i predavanje o Lei Deutsch&#8221; &#8212; Srednja Europa\" src=\"https:\/\/srednja-europa.hr\/dogadaji\/poljska-auschwitz-17-sijecnja-2023-izlozba-i-predavanje-o-lei-deutsch\/embed\/#?secret=ARscc4eKIE\" data-secret=\"ARscc4eKIE\" width=\"600\" height=\"338\" frameborder=\"0\" marginwidth=\"0\" marginheight=\"0\" scrolling=\"no\"><\/iframe>\n<\/div><\/figure>\n\n\n\n<p><a href=\"https:\/\/www.facebook.com\/p\/Srednja-Europa-100064795953767\/\">https:\/\/www.facebook.com\/p\/Srednja-Europa-100064795953767\/<\/a><\/p>\n\n\n\n<hr class=\"wp-block-separator\"\/>\n\n\n\n<p>Odjeci:<\/p>\n\n\n\n<p><a href=\"https:\/\/www.dw.com\/bs\/%C5%BErtve-holokausta-iz-jugoslavije-ponovno-dobivaju-izlo%C5%BEbu-u-auschwitzu\/a-68100324\">https:\/\/www.dw.com\/bs\/%C5%BErtve-holokausta-iz-jugoslavije-ponovno-dobivaju-izlo%C5%BEbu-u-auschwitzu\/a-68100324<\/a><\/p>\n\n\n\n<hr class=\"wp-block-separator\"\/>\n","protected":false},"excerpt":{"rendered":"","protected":false},"author":2,"featured_media":39043,"comment_status":"open","ping_status":"open","sticky":false,"template":"","format":"standard","meta":{"_acf_changed":false,"jetpack_post_was_ever_published":false,"_jetpack_newsletter_access":"","_jetpack_dont_email_post_to_subs":false,"_jetpack_newsletter_tier_id":0,"_jetpack_memberships_contains_paywalled_content":false,"_jetpack_memberships_contains_paid_content":false,"footnotes":"","jetpack_publicize_message":"","jetpack_publicize_feature_enabled":true,"jetpack_social_post_already_shared":true,"jetpack_social_options":{"image_generator_settings":{"template":"highway","default_image_id":0,"font":"","enabled":false},"version":2}},"categories":[10,3],"tags":[],"class_list":["post-39042","post","type-post","status-publish","format-standard","has-post-thumbnail","hentry","category-izlozbe","category-novosti"],"acf":{"facebook_opis":""},"jetpack_publicize_connections":[],"jetpack_featured_media_url":"https:\/\/i0.wp.com\/historiografija.hr\/wp-content\/uploads\/2024\/01\/Izlozba_Poljska.jpg?fit=956%2C941&ssl=1","jetpack_sharing_enabled":true,"jetpack-related-posts":[],"_links":{"self":[{"href":"https:\/\/historiografija.hr\/index.php?rest_route=\/wp\/v2\/posts\/39042","targetHints":{"allow":["GET"]}}],"collection":[{"href":"https:\/\/historiografija.hr\/index.php?rest_route=\/wp\/v2\/posts"}],"about":[{"href":"https:\/\/historiografija.hr\/index.php?rest_route=\/wp\/v2\/types\/post"}],"author":[{"embeddable":true,"href":"https:\/\/historiografija.hr\/index.php?rest_route=\/wp\/v2\/users\/2"}],"replies":[{"embeddable":true,"href":"https:\/\/historiografija.hr\/index.php?rest_route=%2Fwp%2Fv2%2Fcomments&post=39042"}],"version-history":[{"count":4,"href":"https:\/\/historiografija.hr\/index.php?rest_route=\/wp\/v2\/posts\/39042\/revisions"}],"predecessor-version":[{"id":39353,"href":"https:\/\/historiografija.hr\/index.php?rest_route=\/wp\/v2\/posts\/39042\/revisions\/39353"}],"wp:featuredmedia":[{"embeddable":true,"href":"https:\/\/historiografija.hr\/index.php?rest_route=\/wp\/v2\/media\/39043"}],"wp:attachment":[{"href":"https:\/\/historiografija.hr\/index.php?rest_route=%2Fwp%2Fv2%2Fmedia&parent=39042"}],"wp:term":[{"taxonomy":"category","embeddable":true,"href":"https:\/\/historiografija.hr\/index.php?rest_route=%2Fwp%2Fv2%2Fcategories&post=39042"},{"taxonomy":"post_tag","embeddable":true,"href":"https:\/\/historiografija.hr\/index.php?rest_route=%2Fwp%2Fv2%2Ftags&post=39042"}],"curies":[{"name":"wp","href":"https:\/\/api.w.org\/{rel}","templated":true}]}}