{"id":39039,"date":"2024-01-15T17:16:08","date_gmt":"2024-01-15T17:16:08","guid":{"rendered":"http:\/\/historiografija.hr\/?p=39039"},"modified":"2024-01-15T17:16:08","modified_gmt":"2024-01-15T17:16:08","slug":"znanstveni-kolokvij-sjecanje-na-holokaust","status":"publish","type":"post","link":"https:\/\/historiografija.hr\/?p=39039","title":{"rendered":"Znanstveni kolokvij &#8220;Sje\u0107anje na Holokaust&#8221;"},"content":{"rendered":"\n<p>Centar za komparativnohistorijske i interkulturne studije poziva na znanstveni kolokvij\u00a0<strong><em>Sje\u0107anje na Holokaust<\/em><\/strong>\u00a0povodom Me\u0111unarodnog dana sje\u0107anja na \u017ertve Holokausta, koje \u0107e se odr\u017eati u srijedu, <strong>17. sije\u010dnja 2024.<\/strong> godine, s po\u010detkom u <strong>18 sati<\/strong>, u <strong>Vije\u0107nici Filozofskog fakulteta<\/strong>\u00a0Sveu\u010dili\u0161ta u Zagrebu. <\/p>\n\n\n\n<hr class=\"wp-block-separator\"\/>\n\n\n\n<p>Vi\u0161e detalja mo\u017eete saznati u pozivnici u prilogu:<\/p>\n\n\n\n<p><a href=\"http:\/\/ckhis.ffzg.unizg.hr\/hr\/novosti\/poziv-na-znanstveni-kolokvij-sje%C4%87anje-na-holokaust,71.html\">http:\/\/ckhis.ffzg.unizg.hr\/hr\/novosti\/poziv-na-znanstveni-kolokvij-sje%C4%87anje-na-holokaust,71.html<\/a><\/p>\n\n\n\n<hr class=\"wp-block-separator\"\/>\n","protected":false},"excerpt":{"rendered":"","protected":false},"author":2,"featured_media":39040,"comment_status":"open","ping_status":"open","sticky":false,"template":"","format":"standard","meta":{"_acf_changed":false,"jetpack_post_was_ever_published":false,"_jetpack_newsletter_access":"","_jetpack_dont_email_post_to_subs":false,"_jetpack_newsletter_tier_id":0,"_jetpack_memberships_contains_paywalled_content":false,"_jetpack_memberships_contains_paid_content":false,"footnotes":"","jetpack_publicize_message":"","jetpack_publicize_feature_enabled":true,"jetpack_social_post_already_shared":true,"jetpack_social_options":{"image_generator_settings":{"template":"highway","default_image_id":0,"font":"","enabled":false},"version":2}},"categories":[3,9],"tags":[],"class_list":["post-39039","post","type-post","status-publish","format-standard","has-post-thumbnail","hentry","category-novosti","category-skupovi"],"acf":{"facebook_opis":""},"jetpack_publicize_connections":[],"jetpack_featured_media_url":"https:\/\/i0.wp.com\/historiografija.hr\/wp-content\/uploads\/2024\/01\/sjecanje-pozivnica.jpg?fit=1080%2C1080&ssl=1","jetpack_sharing_enabled":true,"jetpack-related-posts":[],"_links":{"self":[{"href":"https:\/\/historiografija.hr\/index.php?rest_route=\/wp\/v2\/posts\/39039","targetHints":{"allow":["GET"]}}],"collection":[{"href":"https:\/\/historiografija.hr\/index.php?rest_route=\/wp\/v2\/posts"}],"about":[{"href":"https:\/\/historiografija.hr\/index.php?rest_route=\/wp\/v2\/types\/post"}],"author":[{"embeddable":true,"href":"https:\/\/historiografija.hr\/index.php?rest_route=\/wp\/v2\/users\/2"}],"replies":[{"embeddable":true,"href":"https:\/\/historiografija.hr\/index.php?rest_route=%2Fwp%2Fv2%2Fcomments&post=39039"}],"version-history":[{"count":1,"href":"https:\/\/historiografija.hr\/index.php?rest_route=\/wp\/v2\/posts\/39039\/revisions"}],"predecessor-version":[{"id":39041,"href":"https:\/\/historiografija.hr\/index.php?rest_route=\/wp\/v2\/posts\/39039\/revisions\/39041"}],"wp:featuredmedia":[{"embeddable":true,"href":"https:\/\/historiografija.hr\/index.php?rest_route=\/wp\/v2\/media\/39040"}],"wp:attachment":[{"href":"https:\/\/historiografija.hr\/index.php?rest_route=%2Fwp%2Fv2%2Fmedia&parent=39039"}],"wp:term":[{"taxonomy":"category","embeddable":true,"href":"https:\/\/historiografija.hr\/index.php?rest_route=%2Fwp%2Fv2%2Fcategories&post=39039"},{"taxonomy":"post_tag","embeddable":true,"href":"https:\/\/historiografija.hr\/index.php?rest_route=%2Fwp%2Fv2%2Ftags&post=39039"}],"curies":[{"name":"wp","href":"https:\/\/api.w.org\/{rel}","templated":true}]}}