{"id":39034,"date":"2024-01-15T17:03:04","date_gmt":"2024-01-15T17:03:04","guid":{"rendered":"http:\/\/historiografija.hr\/?p=39034"},"modified":"2024-01-15T17:05:02","modified_gmt":"2024-01-15T17:05:02","slug":"promocija-knjige-zidovi-u-bjelovaru-od-doseljavanja-do-holokausta","status":"publish","type":"post","link":"https:\/\/historiografija.hr\/?p=39034","title":{"rendered":"Promocija knjige \u017deljka Karaule &#8220;\u017didovi u Bjelovaru \u2013 od doseljavanja do Holokausta&#8221;"},"content":{"rendered":"\n<p>Dana 17. sije\u010dnja 2024. u knji\u017enici &#8220;Petar Preradovi\u0107&#8221; u Bjelovaru u 18.00 sati (Studijski odjel) bit \u0107e odr\u017eana promocija knjige dr. sc. \u017deljka Karaula, suradnika Zavoda HAZU Bjelovar i \u010dlana Dukljanske akademije nauka i umjetnosti (Crna Gora) pod naslovom &#8220;\u017didovi u Bjelovaru &#8211; od doseljavanja do Holokausta&#8221;. Izdava\u010di knjige su Dru\u017eba &#8220;Bra\u0107a Hrvatskog zmaja&#8221; &#8211; Zmajski stol Bjelovar, Udru\u017eenje \u017didova iz biv\u0161e Jugoslavije (Izrael), JOOD HUMANITAIR FONDS (Nizozemska) i Savez boraca i antifa\u0161ista Republike Hrvatske. Sudionici promocije su: dr. sc. Nata\u0161a Matau\u0161i\u0107, dr. sc. Vjenceslav Herout, Valerija Turk-Prese\u010dki, prof, Aron Bienenfeld (\u017didovska op\u0107ine Daruvar) i Nenad Nekvapil, dipl. ing. (Savez antifa\u0161ista Bjelovar).<\/p>\n\n\n\n<hr class=\"wp-block-separator\"\/>\n\n\n\n<figure data-wp-context=\"{&quot;imageId&quot;:&quot;6a968f24b0def&quot;}\" data-wp-interactive=\"core\/image\" data-wp-key=\"6a968f24b0def\" class=\"wp-block-image size-large wp-lightbox-container\"><img data-recalc-dims=\"1\" loading=\"lazy\" decoding=\"async\" width=\"724\" height=\"1024\" data-attachment-id=\"39035\" data-permalink=\"https:\/\/historiografija.hr\/?attachment_id=39035\" data-orig-file=\"https:\/\/i0.wp.com\/historiografija.hr\/wp-content\/uploads\/2024\/01\/Plakat.jpg?fit=1754%2C2481&amp;ssl=1\" data-orig-size=\"1754,2481\" data-comments-opened=\"1\" data-image-meta=\"{&quot;aperture&quot;:&quot;0&quot;,&quot;credit&quot;:&quot;&quot;,&quot;camera&quot;:&quot;&quot;,&quot;caption&quot;:&quot;&quot;,&quot;created_timestamp&quot;:&quot;0&quot;,&quot;copyright&quot;:&quot;&quot;,&quot;focal_length&quot;:&quot;0&quot;,&quot;iso&quot;:&quot;0&quot;,&quot;shutter_speed&quot;:&quot;0&quot;,&quot;title&quot;:&quot;&quot;,&quot;orientation&quot;:&quot;0&quot;}\" data-image-title=\"Plakat\" data-image-description=\"\" data-image-caption=\"\" data-large-file=\"https:\/\/i0.wp.com\/historiografija.hr\/wp-content\/uploads\/2024\/01\/Plakat.jpg?fit=724%2C1024&amp;ssl=1\" data-wp-class--hide=\"state.isContentHidden\" data-wp-class--show=\"state.isContentVisible\" data-wp-init=\"callbacks.setButtonStyles\" data-wp-on--click=\"actions.showLightbox\" data-wp-on--load=\"callbacks.setButtonStyles\" data-wp-on-window--resize=\"callbacks.setButtonStyles\" src=\"https:\/\/i0.wp.com\/historiografija.hr\/wp-content\/uploads\/2024\/01\/Plakat.jpg?resize=724%2C1024&#038;ssl=1\" alt=\"\" class=\"wp-image-39035\" srcset=\"https:\/\/i0.wp.com\/historiografija.hr\/wp-content\/uploads\/2024\/01\/Plakat.jpg?resize=724%2C1024&amp;ssl=1 724w, https:\/\/i0.wp.com\/historiografija.hr\/wp-content\/uploads\/2024\/01\/Plakat.jpg?resize=212%2C300&amp;ssl=1 212w, https:\/\/i0.wp.com\/historiografija.hr\/wp-content\/uploads\/2024\/01\/Plakat.jpg?resize=768%2C1086&amp;ssl=1 768w, https:\/\/i0.wp.com\/historiografija.hr\/wp-content\/uploads\/2024\/01\/Plakat.jpg?resize=1086%2C1536&amp;ssl=1 1086w, https:\/\/i0.wp.com\/historiografija.hr\/wp-content\/uploads\/2024\/01\/Plakat.jpg?resize=1448%2C2048&amp;ssl=1 1448w, https:\/\/i0.wp.com\/historiografija.hr\/wp-content\/uploads\/2024\/01\/Plakat.jpg?w=1754&amp;ssl=1 1754w\" sizes=\"auto, (max-width: 724px) 100vw, 724px\" \/><button\n\t\t\tclass=\"lightbox-trigger\"\n\t\t\ttype=\"button\"\n\t\t\taria-haspopup=\"dialog\"\n\t\t\taria-label=\"Uve\u0107aj\"\n\t\t\tdata-wp-init=\"callbacks.initTriggerButton\"\n\t\t\tdata-wp-on--click=\"actions.showLightbox\"\n\t\t\tdata-wp-style--right=\"state.imageButtonRight\"\n\t\t\tdata-wp-style--top=\"state.imageButtonTop\"\n\t\t>\n\t\t\t<svg xmlns=\"http:\/\/www.w3.org\/2000\/svg\" width=\"12\" height=\"12\" fill=\"none\" viewBox=\"0 0 12 12\">\n\t\t\t\t<path fill=\"#fff\" d=\"M2 0a2 2 0 0 0-2 2v2h1.5V2a.5.5 0 0 1 .5-.5h2V0H2Zm2 10.5H2a.5.5 0 0 1-.5-.5V8H0v2a2 2 0 0 0 2 2h2v-1.5ZM8 12v-1.5h2a.5.5 0 0 0 .5-.5V8H12v2a2 2 0 0 1-2 2H8Zm2-12a2 2 0 0 1 2 2v2h-1.5V2a.5.5 0 0 0-.5-.5H8V0h2Z\" \/>\n\t\t\t<\/svg>\n\t\t<\/button><\/figure>\n\n\n\n<hr class=\"wp-block-separator\"\/>\n\n\n\n<p>Obavijesti:<\/p>\n\n\n\n<figure class=\"wp-block-embed-wordpress wp-block-embed is-type-wp-embed is-provider-narodna-knjiznica-quot-petar-preradovic-quot-bjelovar\"><div class=\"wp-block-embed__wrapper\">\n<blockquote class=\"wp-embedded-content\" data-secret=\"aIxVURtjC5\"><a href=\"https:\/\/knjiznica-bjelovar.hr\/kalendar\/predstavljanje-knjige-zidovi-u-bjelovaru-od-doseljavanja-do-holokausta-zeljka-karaule\/\">Predstavljanje knjige &#8220;\u017didovi u Bjelovaru od doseljavanja do Holokausta&#8221; \u017deljka Karaule<\/a><\/blockquote><iframe loading=\"lazy\" class=\"wp-embedded-content\" sandbox=\"allow-scripts\" security=\"restricted\" style=\"position: absolute; clip: rect(1px, 1px, 1px, 1px);\" title=\"&#8220;Predstavljanje knjige &#8220;\u017didovi u Bjelovaru od doseljavanja do Holokausta&#8221; \u017deljka Karaule&#8221; &#8212; Narodna knji\u017enica &quot;Petar Preradovi\u0107&quot; Bjelovar\" src=\"https:\/\/knjiznica-bjelovar.hr\/kalendar\/predstavljanje-knjige-zidovi-u-bjelovaru-od-doseljavanja-do-holokausta-zeljka-karaule\/embed\/#?secret=wYaMmsgY1k#?secret=aIxVURtjC5\" data-secret=\"aIxVURtjC5\" width=\"600\" height=\"338\" frameborder=\"0\" marginwidth=\"0\" marginheight=\"0\" scrolling=\"no\"><\/iframe>\n<\/div><\/figure>\n\n\n\n<hr class=\"wp-block-separator\"\/>\n","protected":false},"excerpt":{"rendered":"","protected":false},"author":2,"featured_media":39035,"comment_status":"open","ping_status":"open","sticky":false,"template":"","format":"standard","meta":{"_acf_changed":false,"_jetpack_newsletter_access":"","_jetpack_dont_email_post_to_subs":false,"_jetpack_newsletter_tier_id":0,"_jetpack_memberships_contains_paywalled_content":false,"_jetpack_memberships_contains_paid_content":false,"footnotes":"","jetpack_publicize_message":"","jetpack_publicize_feature_enabled":true,"jetpack_social_post_already_shared":true,"jetpack_social_options":{"image_generator_settings":{"template":"highway","default_image_id":0,"font":"","enabled":false},"version":2},"jetpack_post_was_ever_published":false},"categories":[3],"tags":[],"class_list":["post-39034","post","type-post","status-publish","format-standard","has-post-thumbnail","hentry","category-novosti"],"acf":{"facebook_opis":""},"jetpack_publicize_connections":[],"jetpack_featured_media_url":"https:\/\/i0.wp.com\/historiografija.hr\/wp-content\/uploads\/2024\/01\/Plakat.jpg?fit=1754%2C2481&ssl=1","jetpack_sharing_enabled":true,"jetpack-related-posts":[{"id":53007,"url":"https:\/\/historiografija.hr\/?p=53007","url_meta":{"origin":39034,"position":0},"title":"Diskurzivni program Trnjanskih kresova: Predstavljena knjiga Erica U\u0161i\u0107a &#8220;Zidovi pamte. Vizualna etnografija politi\u010dkih grafita iz Drugog svjetskog rata i pora\u0107a u Istri&#8221;","author":"Branimir Jankovi\u0107","date":"7. svibnja 2026.","format":false,"excerpt":"U sklopu diskurzivnog programa Trnjanskih kresova predstavljena je u \u010detvrtak, 7. svibnja 2026. u 19 sati u Dokukinu KIC u Zagrebu knjiga Erica U\u0161i\u0107a \"Zidovi pamte. Vizualna etnografija politi\u010dkih grafita iz Drugog svjetskog rata i pora\u0107a u Istri\". O knjizi su govorili autor Eric U\u0161i\u0107 i povjesni\u010darka umjetnosti Sanja Horvatin\u010di\u0107.\u2026","rel":"","context":"U &quot;Novosti&quot;","block_context":{"text":"Novosti","link":"https:\/\/historiografija.hr\/?cat=3"},"img":{"alt_text":"","src":"https:\/\/i0.wp.com\/historiografija.hr\/wp-content\/uploads\/2026\/05\/Dokukino-KIC-1.jpg?fit=1200%2C1200&ssl=1&resize=350%2C200","width":350,"height":200,"srcset":"https:\/\/i0.wp.com\/historiografija.hr\/wp-content\/uploads\/2026\/05\/Dokukino-KIC-1.jpg?fit=1200%2C1200&ssl=1&resize=350%2C200 1x, https:\/\/i0.wp.com\/historiografija.hr\/wp-content\/uploads\/2026\/05\/Dokukino-KIC-1.jpg?fit=1200%2C1200&ssl=1&resize=525%2C300 1.5x, https:\/\/i0.wp.com\/historiografija.hr\/wp-content\/uploads\/2026\/05\/Dokukino-KIC-1.jpg?fit=1200%2C1200&ssl=1&resize=700%2C400 2x, https:\/\/i0.wp.com\/historiografija.hr\/wp-content\/uploads\/2026\/05\/Dokukino-KIC-1.jpg?fit=1200%2C1200&ssl=1&resize=1050%2C600 3x"},"classes":[]},{"id":54456,"url":"https:\/\/historiografija.hr\/?p=54456","url_meta":{"origin":39034,"position":1},"title":"Promocija knjige &#8220;Dotr\u0161\u010dina&#8221;","author":"Branimir Jankovi\u0107","date":"3. srpnja 2026.","format":false,"excerpt":"Promocija knjige Dotr\u0161\u010dina odr\u017eat \u0107e se utorak, 7. 7. 2026. u 19 sati u dvorani KIC-a u Zagrebu (Preradovi\u0107eva 5). Spomen-park Dotr\u0161\u010dina najva\u017eniji je zagreba\u010dki memorijalni prostor, mjesto najve\u0107eg masovnog zlo\u010dina u povijesti glavnoga grada, najva\u017enija lokacija Holokausta u Zagrebu i jedno od namasovnijih strati\u0161ta II. svjetskog rata u Hrvatskoj.\u2026","rel":"","context":"U &quot;Novosti&quot;","block_context":{"text":"Novosti","link":"https:\/\/historiografija.hr\/?cat=3"},"img":{"alt_text":"","src":"https:\/\/i0.wp.com\/historiografija.hr\/wp-content\/uploads\/2026\/07\/sanjin-kastelan.webp?fit=1170%2C662&ssl=1&resize=350%2C200","width":350,"height":200,"srcset":"https:\/\/i0.wp.com\/historiografija.hr\/wp-content\/uploads\/2026\/07\/sanjin-kastelan.webp?fit=1170%2C662&ssl=1&resize=350%2C200 1x, https:\/\/i0.wp.com\/historiografija.hr\/wp-content\/uploads\/2026\/07\/sanjin-kastelan.webp?fit=1170%2C662&ssl=1&resize=525%2C300 1.5x, https:\/\/i0.wp.com\/historiografija.hr\/wp-content\/uploads\/2026\/07\/sanjin-kastelan.webp?fit=1170%2C662&ssl=1&resize=700%2C400 2x, https:\/\/i0.wp.com\/historiografija.hr\/wp-content\/uploads\/2026\/07\/sanjin-kastelan.webp?fit=1170%2C662&ssl=1&resize=1050%2C600 3x"},"classes":[]},{"id":53378,"url":"https:\/\/historiografija.hr\/?p=53378","url_meta":{"origin":39034,"position":2},"title":"&#8220;Kali Sara&#8221;: Poziv za sudjelovanje u 5. ljetnoj \u0161koli suo\u010davanja s pro\u0161lo\u0161\u0107u","author":"Branimir Jankovi\u0107","date":"15. svibnja 2026.","format":false,"excerpt":"Savez Roma u Republici Hrvatskoj \u201cKALI SARA\u201d poziva na sudjelovanje u 5. ljetnoj \u0161koli suo\u010davanja s pro\u0161lo\u0161\u0107u koja se odr\u017eava u sklopu me\u0111unarodnog projekta \"Osna\u017eivanje mladih kroz povijest\", usmjerenog na dublje razumijevanje triju mra\u010dnih doga\u0111aja 20. stolje\u0107a: Holokausta, ratnog genocida nad Romima (Samudaripena) i genocida u Srebrenici. Ljetna \u0161kola -\u2026","rel":"","context":"U &quot;Novosti&quot;","block_context":{"text":"Novosti","link":"https:\/\/historiografija.hr\/?cat=3"},"img":{"alt_text":"","src":"https:\/\/i0.wp.com\/historiografija.hr\/wp-content\/uploads\/2026\/05\/Tribina-NDH.jpg?fit=784%2C540&ssl=1&resize=350%2C200","width":350,"height":200,"srcset":"https:\/\/i0.wp.com\/historiografija.hr\/wp-content\/uploads\/2026\/05\/Tribina-NDH.jpg?fit=784%2C540&ssl=1&resize=350%2C200 1x, https:\/\/i0.wp.com\/historiografija.hr\/wp-content\/uploads\/2026\/05\/Tribina-NDH.jpg?fit=784%2C540&ssl=1&resize=525%2C300 1.5x, https:\/\/i0.wp.com\/historiografija.hr\/wp-content\/uploads\/2026\/05\/Tribina-NDH.jpg?fit=784%2C540&ssl=1&resize=700%2C400 2x"},"classes":[]},{"id":53369,"url":"https:\/\/historiografija.hr\/?p=53369","url_meta":{"origin":39034,"position":3},"title":"Predstavljanje knjige Ljiljane Dobrov\u0161ak &#8220;Za\u010detnici industrije u Hrvatskoj \u017eidovskog podrijetla&#8221;","author":"Branimir Jankovi\u0107","date":"15. svibnja 2026.","format":false,"excerpt":"Pozivamo vas na predstavljanje knjige dr. sc. Ljiljane Dobrov\u0161ak Za\u010detnici industrije u Hrvatskoj \u017eidovskog podrijetla u utorak 19. svibnja 2026. u 17 sati u Multimedijalnoj dvorani Instituta Pilar u Zagrebu. Nakladnici knjige su \u017didovska vjerska zajednica BET ISRAEL u Hrvatskoj i STAJER-GRAF iz Zagreba, a glavna urednica Jasminka Doma\u0161. U\u2026","rel":"","context":"U &quot;Novosti&quot;","block_context":{"text":"Novosti","link":"https:\/\/historiografija.hr\/?cat=3"},"img":{"alt_text":"","src":"https:\/\/i0.wp.com\/historiografija.hr\/wp-content\/uploads\/2026\/05\/Dobrovsak_promocija.jpg?fit=939%2C704&ssl=1&resize=350%2C200","width":350,"height":200,"srcset":"https:\/\/i0.wp.com\/historiografija.hr\/wp-content\/uploads\/2026\/05\/Dobrovsak_promocija.jpg?fit=939%2C704&ssl=1&resize=350%2C200 1x, https:\/\/i0.wp.com\/historiografija.hr\/wp-content\/uploads\/2026\/05\/Dobrovsak_promocija.jpg?fit=939%2C704&ssl=1&resize=525%2C300 1.5x, https:\/\/i0.wp.com\/historiografija.hr\/wp-content\/uploads\/2026\/05\/Dobrovsak_promocija.jpg?fit=939%2C704&ssl=1&resize=700%2C400 2x"},"classes":[]},{"id":54829,"url":"https:\/\/historiografija.hr\/?p=54829","url_meta":{"origin":39034,"position":4},"title":"Jak\u0161a Ragu\u017e, Slaven Ru\u017ei\u0107, &#8220;SPECIJALNA JEDINICA POLICIJE \u201eGROF\u201c POLICIJSKE UPRAVE DUBROVNIK U DOMOVINSKOM RATU 1991. \u2013 1996.&#8221;","author":"Branimir Jankovi\u0107","date":"28. srpnja 2026.","format":false,"excerpt":"Autori: dr. sc. Jak\u0161a Ragu\u017e, dr. sc. Slaven Ru\u017ei\u0107 Udruga Specijalne jedinice policije \u201eGrof\u201c Dubrovnik, Hrvatski institut za povijest, Hrvatski memorijalno-dokumentacijski centar Domovinskog rata, Dubrovnik \u2013 Zagreb, 2026. U Dubrovniku je 5. svibnja 2026. odr\u017eana promocija znanstvene monografije \u201eSpecijalna jedinica policije Grof Policijske uprave Dubrovnik u Domovinskom ratu 1991.-1996., autora\u2026","rel":"","context":"U &quot;Knjige&quot;","block_context":{"text":"Knjige","link":"https:\/\/historiografija.hr\/?cat=8"},"img":{"alt_text":"","src":"https:\/\/i0.wp.com\/historiografija.hr\/wp-content\/uploads\/2026\/07\/Grof.jpg?fit=845%2C1200&ssl=1&resize=350%2C200","width":350,"height":200,"srcset":"https:\/\/i0.wp.com\/historiografija.hr\/wp-content\/uploads\/2026\/07\/Grof.jpg?fit=845%2C1200&ssl=1&resize=350%2C200 1x, https:\/\/i0.wp.com\/historiografija.hr\/wp-content\/uploads\/2026\/07\/Grof.jpg?fit=845%2C1200&ssl=1&resize=525%2C300 1.5x, https:\/\/i0.wp.com\/historiografija.hr\/wp-content\/uploads\/2026\/07\/Grof.jpg?fit=845%2C1200&ssl=1&resize=700%2C400 2x"},"classes":[]},{"id":54209,"url":"https:\/\/historiografija.hr\/?p=54209","url_meta":{"origin":39034,"position":5},"title":"Promocija knjige Armine Galija\u0161 \u201eBanja Luka u ratu: etnopolitika i svakodnevica (1990\u20131995)\u201d u Banjoj Luci","author":"Branimir Jankovi\u0107","date":"19. lipnja 2026.","format":false,"excerpt":"Pozivamo vas na promociju knjige \u201eBanja Luka u ratu: etnopolitika i svakodnevica (1990\u20131995)\u201d autorice Armine Galija\u0161, koja \u0107e se odr\u017eati u ponedjeljak 22. juna sa po\u010detkom u 10.00 sati u hotelu Bosna u Banjaluci. Knjiga donosi va\u017eno istra\u017eivanje o ratnoj svakodnevici Banje Luke, etnopoliti\u010dkim procesima i dru\u0161tvenim promjenama koje su\u2026","rel":"","context":"U &quot;Novosti&quot;","block_context":{"text":"Novosti","link":"https:\/\/historiografija.hr\/?cat=3"},"img":{"alt_text":"","src":"https:\/\/i0.wp.com\/historiografija.hr\/wp-content\/uploads\/2026\/03\/Banjaluka-u-ratu.webp?fit=600%2C900&ssl=1&resize=350%2C200","width":350,"height":200,"srcset":"https:\/\/i0.wp.com\/historiografija.hr\/wp-content\/uploads\/2026\/03\/Banjaluka-u-ratu.webp?fit=600%2C900&ssl=1&resize=350%2C200 1x, https:\/\/i0.wp.com\/historiografija.hr\/wp-content\/uploads\/2026\/03\/Banjaluka-u-ratu.webp?fit=600%2C900&ssl=1&resize=525%2C300 1.5x"},"classes":[]}],"_links":{"self":[{"href":"https:\/\/historiografija.hr\/index.php?rest_route=\/wp\/v2\/posts\/39034","targetHints":{"allow":["GET"]}}],"collection":[{"href":"https:\/\/historiografija.hr\/index.php?rest_route=\/wp\/v2\/posts"}],"about":[{"href":"https:\/\/historiografija.hr\/index.php?rest_route=\/wp\/v2\/types\/post"}],"author":[{"embeddable":true,"href":"https:\/\/historiografija.hr\/index.php?rest_route=\/wp\/v2\/users\/2"}],"replies":[{"embeddable":true,"href":"https:\/\/historiografija.hr\/index.php?rest_route=%2Fwp%2Fv2%2Fcomments&post=39034"}],"version-history":[{"count":3,"href":"https:\/\/historiografija.hr\/index.php?rest_route=\/wp\/v2\/posts\/39034\/revisions"}],"predecessor-version":[{"id":39038,"href":"https:\/\/historiografija.hr\/index.php?rest_route=\/wp\/v2\/posts\/39034\/revisions\/39038"}],"wp:featuredmedia":[{"embeddable":true,"href":"https:\/\/historiografija.hr\/index.php?rest_route=\/wp\/v2\/media\/39035"}],"wp:attachment":[{"href":"https:\/\/historiografija.hr\/index.php?rest_route=%2Fwp%2Fv2%2Fmedia&parent=39034"}],"wp:term":[{"taxonomy":"category","embeddable":true,"href":"https:\/\/historiografija.hr\/index.php?rest_route=%2Fwp%2Fv2%2Fcategories&post=39034"},{"taxonomy":"post_tag","embeddable":true,"href":"https:\/\/historiografija.hr\/index.php?rest_route=%2Fwp%2Fv2%2Ftags&post=39034"}],"curies":[{"name":"wp","href":"https:\/\/api.w.org\/{rel}","templated":true}]}}