{"id":38978,"date":"2024-01-10T21:49:32","date_gmt":"2024-01-10T21:49:32","guid":{"rendered":"http:\/\/historiografija.hr\/?p=38978"},"modified":"2024-01-10T21:49:32","modified_gmt":"2024-01-10T21:49:32","slug":"marko-juvan-zadnja-sezona-modernizma-in-maj-68-svet-pariz-ljubljana","status":"publish","type":"post","link":"https:\/\/historiografija.hr\/?p=38978","title":{"rendered":"Marko Juvan, \u201eZadnja sezona modernizma in maj \u201968: svet, Pariz, Ljubljana\u201c"},"content":{"rendered":"\n<p>Monografija se posve\u010da slovenskemu modernizmu \u0161estdesetih in sedemdesetih let 20. stoletja, in sicer z gledi\u0161\u010da sistemske teorije svetovne literature. Avtorja zanimajo povezave med literaturo, teorijo in\u00a0 politiko \u0161tudentskega gibanja v \u00bbdolgem letu 1968\u00ab, pa tudi polo\u017eaj slovenske literature v jugoslovanskem dru\u017ebenem sistemu socialisti\u010dnega samoupravljanja kot vmesni periferiji med kapitalisti\u010dnim Zahodom in realsocialisti\u010dnim Vzhodom. Posebno pozornost namenja politi\u010dnosti literature nekdaj in danes, tudi vlogi univerzitetnih intelektualcev. Analizira eksperimentalno neoavantgardo in (post)strukturalisti\u010dne teorije teksta (OHO in ljubljanska lacanovska \u0161ola). Ob nekaj izbranih primerih obravnava spremembe, ki jih je do\u017eivljala inovativna slovenska umetni\u0161ka produkcija v obdobju med dvema zrcalno nasprotnima letnicama (68\/89). Kot poudarja Juvan, letnici zaznamujeta kontekst tranzicije iz domnevno neuspele antikapitalisti\u010dne svetovne revolucije v za\u010dasno uspelo globalno neoliberalno kontrarevolucijo. Politi\u010dnost umetnosti uzave\u0161\u010da razpoke v dana\u0161njem svetovnem sistemu, ki naj ne bi imel nobene alternative.\u00a0<\/p>\n\n\n\n<hr class=\"wp-block-separator\"\/>\n\n\n\n<p>Izvori i dodatne obavijesti:<\/p>\n\n\n\n<figure class=\"wp-block-embed-wordpress wp-block-embed is-type-wp-embed is-provider-lud-literatura\"><div class=\"wp-block-embed__wrapper\">\n<blockquote class=\"wp-embedded-content\" data-secret=\"fGGJ0Gqemq\"><a href=\"https:\/\/www.ludliteratura.si\/knjigarna\/knjige\/zadnja-sezona-modernizma-in-maj-68-svet-pariz-ljubljana\/\">Zadnja sezona modernizma in&nbsp;maj&nbsp;\u201968: svet, Pariz, Ljubljana<\/a><\/blockquote><iframe loading=\"lazy\" class=\"wp-embedded-content\" sandbox=\"allow-scripts\" security=\"restricted\" style=\"position: absolute; clip: rect(1px, 1px, 1px, 1px);\" title=\"&#8220;Zadnja sezona modernizma in&nbsp;maj&nbsp;\u201968: svet, Pariz, Ljubljana&#8221; &#8212; LUD Literatura\" src=\"https:\/\/www.ludliteratura.si\/knjigarna\/knjige\/zadnja-sezona-modernizma-in-maj-68-svet-pariz-ljubljana\/embed\/#?secret=o05VHnrOfL#?secret=fGGJ0Gqemq\" data-secret=\"fGGJ0Gqemq\" width=\"600\" height=\"338\" frameborder=\"0\" marginwidth=\"0\" marginheight=\"0\" scrolling=\"no\"><\/iframe>\n<\/div><\/figure>\n\n\n\n<p><a href=\"https:\/\/isllv.zrc-sazu.si\/sl\/novice\/knjiga-marka-juvana-o-maju-68\">https:\/\/isllv.zrc-sazu.si\/sl\/novice\/knjiga-marka-juvana-o-maju-68<\/a><\/p>\n\n\n\n<hr class=\"wp-block-separator\"\/>\n","protected":false},"excerpt":{"rendered":"","protected":false},"author":2,"featured_media":38979,"comment_status":"open","ping_status":"open","sticky":false,"template":"","format":"standard","meta":{"_acf_changed":false,"jetpack_post_was_ever_published":false,"_jetpack_newsletter_access":"","_jetpack_dont_email_post_to_subs":false,"_jetpack_newsletter_tier_id":0,"_jetpack_memberships_contains_paywalled_content":false,"_jetpack_memberships_contains_paid_content":false,"footnotes":"","jetpack_publicize_message":"","jetpack_publicize_feature_enabled":true,"jetpack_social_post_already_shared":true,"jetpack_social_options":{"image_generator_settings":{"template":"highway","default_image_id":0,"font":"","enabled":false},"version":2}},"categories":[8,3],"tags":[],"class_list":["post-38978","post","type-post","status-publish","format-standard","has-post-thumbnail","hentry","category-knjige","category-novosti"],"acf":{"facebook_opis":""},"jetpack_publicize_connections":[],"jetpack_featured_media_url":"https:\/\/i0.wp.com\/historiografija.hr\/wp-content\/uploads\/2024\/01\/Juvan.jpg?fit=1398%2C2000&ssl=1","jetpack_sharing_enabled":true,"jetpack-related-posts":[],"_links":{"self":[{"href":"https:\/\/historiografija.hr\/index.php?rest_route=\/wp\/v2\/posts\/38978","targetHints":{"allow":["GET"]}}],"collection":[{"href":"https:\/\/historiografija.hr\/index.php?rest_route=\/wp\/v2\/posts"}],"about":[{"href":"https:\/\/historiografija.hr\/index.php?rest_route=\/wp\/v2\/types\/post"}],"author":[{"embeddable":true,"href":"https:\/\/historiografija.hr\/index.php?rest_route=\/wp\/v2\/users\/2"}],"replies":[{"embeddable":true,"href":"https:\/\/historiografija.hr\/index.php?rest_route=%2Fwp%2Fv2%2Fcomments&post=38978"}],"version-history":[{"count":1,"href":"https:\/\/historiografija.hr\/index.php?rest_route=\/wp\/v2\/posts\/38978\/revisions"}],"predecessor-version":[{"id":38980,"href":"https:\/\/historiografija.hr\/index.php?rest_route=\/wp\/v2\/posts\/38978\/revisions\/38980"}],"wp:featuredmedia":[{"embeddable":true,"href":"https:\/\/historiografija.hr\/index.php?rest_route=\/wp\/v2\/media\/38979"}],"wp:attachment":[{"href":"https:\/\/historiografija.hr\/index.php?rest_route=%2Fwp%2Fv2%2Fmedia&parent=38978"}],"wp:term":[{"taxonomy":"category","embeddable":true,"href":"https:\/\/historiografija.hr\/index.php?rest_route=%2Fwp%2Fv2%2Fcategories&post=38978"},{"taxonomy":"post_tag","embeddable":true,"href":"https:\/\/historiografija.hr\/index.php?rest_route=%2Fwp%2Fv2%2Ftags&post=38978"}],"curies":[{"name":"wp","href":"https:\/\/api.w.org\/{rel}","templated":true}]}}