{"id":38976,"date":"2024-01-10T21:43:50","date_gmt":"2024-01-10T21:43:50","guid":{"rendered":"http:\/\/historiografija.hr\/?p=38976"},"modified":"2024-01-10T21:43:50","modified_gmt":"2024-01-10T21:43:50","slug":"online-the-nato-intervention-against-yugoslavia-preliminary-results-about-an-ongoing-research","status":"publish","type":"post","link":"https:\/\/historiografija.hr\/?p=38976","title":{"rendered":"(ONLINE) The NATO Intervention against Yugoslavia: Preliminary Results about an Ongoing Research"},"content":{"rendered":"\n<p>11.01.2024 14:00 Uhr<\/p>\n\n\n\n<p>Online via Zoom<\/p>\n\n\n\n<p>Vortr\u00e4ge<\/p>\n\n\n\n<hr class=\"wp-block-separator\"\/>\n\n\n\n<p>Der Vortrag musste kurzfristig als Online-Veranstaltung via Zoom umgeplant werden. Zugangslink: <a href=\"https:\/\/uni-regensburg.zoom-x.de\/j\/62535762248?pwd=TURycEJxcE5pSGtKZUhmNnRseWlSZz09\" target=\"_blank\" rel=\"noreferrer noopener\">Zoom<\/a><\/p>\n\n\n\n<p>Vortrag von Christian Costamagna (Rijeka) im Forschungskolloquium &#8220;Geschichte und Sozialanthropologie S\u00fcdost\u2010 und Osteuropas&#8221;.<\/p>\n\n\n\n<p>Das Kolloquium wird vom Lehrstuhl f\u00fcr Geschichte S\u00fcdost\u2013 und&nbsp;&nbsp;Osteuropas der Universit\u00e4t Regensburg und dem IOS veranstaltet.<\/p>\n\n\n\n<p>Kooperation: Graduiertenschule f\u00fcr Ost- und S\u00fcdosteuropastudien, Leibniz-WissenschaftsCampus &#8220;Europa und Amerika in der modernen Welt&#8221;.<\/p>\n\n\n\n<hr class=\"wp-block-separator\"\/>\n\n\n\n<p><a href=\"https:\/\/leibniz-ios.de\/veranstaltungen\/detail\/nato-intervention-yugoslavia\">https:\/\/leibniz-ios.de\/veranstaltungen\/detail\/nato-intervention-yugoslavia<\/a><\/p>\n\n\n\n<hr class=\"wp-block-separator\"\/>\n","protected":false},"excerpt":{"rendered":"","protected":false},"author":2,"featured_media":26674,"comment_status":"open","ping_status":"open","sticky":false,"template":"","format":"standard","meta":{"_acf_changed":false,"_jetpack_newsletter_access":"","_jetpack_dont_email_post_to_subs":false,"_jetpack_newsletter_tier_id":0,"_jetpack_memberships_contains_paywalled_content":false,"_jetpack_memberships_contains_paid_content":false,"footnotes":"","jetpack_publicize_message":"","jetpack_publicize_feature_enabled":true,"jetpack_social_post_already_shared":true,"jetpack_social_options":{"image_generator_settings":{"template":"highway","default_image_id":0,"font":"","enabled":false},"version":2},"jetpack_post_was_ever_published":false},"categories":[3],"tags":[],"class_list":["post-38976","post","type-post","status-publish","format-standard","has-post-thumbnail","hentry","category-novosti"],"acf":{"facebook_opis":""},"jetpack_publicize_connections":[],"jetpack_featured_media_url":"https:\/\/i0.wp.com\/historiografija.hr\/wp-content\/uploads\/2021\/06\/IOS_Institut.jpg?fit=800%2C533&ssl=1","jetpack_sharing_enabled":true,"jetpack-related-posts":[{"id":54420,"url":"https:\/\/historiografija.hr\/?p=54420","url_meta":{"origin":38976,"position":0},"title":"Anna H\u00e1jkov\u00e1, &#8220;Das letzte Ghetto. Eine Alltagsgeschichte von Theresienstadt&#8221;","author":"Branimir Jankovi\u0107","date":"2. srpnja 2026.","format":false,"excerpt":"W\u00e4hrend des Holocaust bildete sich in der H\u00e4ftlingsgesellschaft von Theresienstadt eine eigene soziale Hierarchie heraus. Dabei entschieden kleine Unterschiede zwischen den H\u00e4ftlingen \u2013 ihr Alter, ihre Herkunft oder ihre fr\u00fchere Arbeit \u2013 \u00fcber Leben und Tod. In den dreieinhalb Jahren des Bestehens des Lagers schufen die H\u00e4ftlinge ihre eigene Kultur\u2026","rel":"","context":"U &quot;Knjige&quot;","block_context":{"text":"Knjige","link":"https:\/\/historiografija.hr\/?cat=8"},"img":{"alt_text":"","src":"https:\/\/i0.wp.com\/historiografija.hr\/wp-content\/uploads\/2026\/07\/A_Hajkova.jpg?fit=789%2C685&ssl=1&resize=350%2C200","width":350,"height":200,"srcset":"https:\/\/i0.wp.com\/historiografija.hr\/wp-content\/uploads\/2026\/07\/A_Hajkova.jpg?fit=789%2C685&ssl=1&resize=350%2C200 1x, https:\/\/i0.wp.com\/historiografija.hr\/wp-content\/uploads\/2026\/07\/A_Hajkova.jpg?fit=789%2C685&ssl=1&resize=525%2C300 1.5x, https:\/\/i0.wp.com\/historiografija.hr\/wp-content\/uploads\/2026\/07\/A_Hajkova.jpg?fit=789%2C685&ssl=1&resize=700%2C400 2x"},"classes":[]},{"id":54476,"url":"https:\/\/historiografija.hr\/?p=54476","url_meta":{"origin":38976,"position":1},"title":"Predavanje Senne \u0160imek &#8220;Croatian Government Responses to ICTY Judgments on Bosnia and Herzegovina: Continuity or Change?&#8221; u Berlinu","author":"Branimir Jankovi\u0107","date":"6. srpnja 2026.","format":false,"excerpt":"U sklopu kolokvija \"Themen, Theorien und Forschungsans\u00e4tze in der Geschichte Mittel-\/S\u00fcdosteuropas\" (TTF) koji se odr\u017eava na\u00a0Katedri za povijest jugoisto\u010dne Europe (Chair for Southeast European History) u okviru Odsjeka za povijest Humboldtovog sveu\u010dili\u0161ta u Berlinu, u srijedu, 8. srpnja 2026. u 12:15, doktorandica na doktorskom studiju Moderna i suvremena hrvatska povijest\u2026","rel":"","context":"U &quot;Novosti&quot;","block_context":{"text":"Novosti","link":"https:\/\/historiografija.hr\/?cat=3"},"img":{"alt_text":"","src":"https:\/\/i0.wp.com\/historiografija.hr\/wp-content\/uploads\/2017\/07\/Huberlin-logo_svg.png?fit=1024%2C1024&ssl=1&resize=350%2C200","width":350,"height":200,"srcset":"https:\/\/i0.wp.com\/historiografija.hr\/wp-content\/uploads\/2017\/07\/Huberlin-logo_svg.png?fit=1024%2C1024&ssl=1&resize=350%2C200 1x, https:\/\/i0.wp.com\/historiografija.hr\/wp-content\/uploads\/2017\/07\/Huberlin-logo_svg.png?fit=1024%2C1024&ssl=1&resize=525%2C300 1.5x, https:\/\/i0.wp.com\/historiografija.hr\/wp-content\/uploads\/2017\/07\/Huberlin-logo_svg.png?fit=1024%2C1024&ssl=1&resize=700%2C400 2x"},"classes":[]},{"id":49750,"url":"https:\/\/historiografija.hr\/?p=49750","url_meta":{"origin":38976,"position":2},"title":"Rashid I. Khalidi, &#8220;Hundred Years&#8217; War on Palestine&#8221;","author":"Branimir Jankovi\u0107","date":"20. studenoga 2025.","format":false,"excerpt":"The twentieth century for Palestine and the Palestinians has been a century of denial: denial of statehood, denial of nationhood and denial of history. The Hundred Years War on Palestine is Rashid Khalidi`s powerful response. Drawing on his family archives, he reclaims the fundamental right of any people: to narrate\u2026","rel":"","context":"U &quot;Knjige&quot;","block_context":{"text":"Knjige","link":"https:\/\/historiografija.hr\/?cat=8"},"img":{"alt_text":"","src":"https:\/\/i0.wp.com\/historiografija.hr\/wp-content\/uploads\/2025\/11\/Rashid.jpg?fit=360%2C553&ssl=1&resize=350%2C200","width":350,"height":200},"classes":[]},{"id":54451,"url":"https:\/\/historiografija.hr\/?p=54451","url_meta":{"origin":38976,"position":3},"title":"Gewalt historisch lesen. Praxisbeispiele f\u00fcr multiperspektivische Interpretationen von Quellen in der Geschichtswissenschaft","author":"Branimir Jankovi\u0107","date":"3. srpnja 2026.","format":false,"excerpt":"Die Interpretation von historischen Quellen ist in der Geschichtswissenschaft der wichtigste Weg zur Gewinnung von Erkenntnis. Am Beispiel der Gewaltgeschichte erl\u00e4utern die Beitr\u00e4gerinnen den korrekten Umgang mit unterschiedlichem Quellenmaterial. Durch die ausf\u00fchrliche Darstellung von Best-Practice-Beispielen geben sie konkrete Hilfestellung bei der Quellenanalyse. Eine Quelle wird dabei von zwei Wissenschaftlerinnen interpretiert\u2026","rel":"","context":"U &quot;E-knjige&quot;","block_context":{"text":"E-knjige","link":"https:\/\/historiografija.hr\/?cat=19"},"img":{"alt_text":"","src":"https:\/\/i0.wp.com\/historiografija.hr\/wp-content\/uploads\/2026\/07\/Gewalt-Buch.jpg?fit=775%2C670&ssl=1&resize=350%2C200","width":350,"height":200,"srcset":"https:\/\/i0.wp.com\/historiografija.hr\/wp-content\/uploads\/2026\/07\/Gewalt-Buch.jpg?fit=775%2C670&ssl=1&resize=350%2C200 1x, https:\/\/i0.wp.com\/historiografija.hr\/wp-content\/uploads\/2026\/07\/Gewalt-Buch.jpg?fit=775%2C670&ssl=1&resize=525%2C300 1.5x, https:\/\/i0.wp.com\/historiografija.hr\/wp-content\/uploads\/2026\/07\/Gewalt-Buch.jpg?fit=775%2C670&ssl=1&resize=700%2C400 2x"},"classes":[]},{"id":54556,"url":"https:\/\/historiografija.hr\/?p=54556","url_meta":{"origin":38976,"position":4},"title":"Patrick Teichmann, &#8220;Die Nation als Familie. Die Konterrevolution im franz\u00f6sischen Roman um 1870&#8221;","author":"Branimir Jankovi\u0107","date":"10. srpnja 2026.","format":false,"excerpt":"Patrick Teichmann u knjizi \u201eDie Nation als Familie\u201c analizira na\u010dine na kojima se u djelima francuske knji\u017eevnosti koja su nastala oko 1870. godine tematizira kontrarevolucija iz 1790-ih, pri \u010demu se koristi povijesni narativ i obiteljska metaforika za promi\u0161ljanje politi\u010dke nestabilnosti i budu\u0107nosti francuske nacije. O knjizi: \u201eDie franz\u00f6sische Konterrevolution der\u2026","rel":"","context":"U &quot;Knjige&quot;","block_context":{"text":"Knjige","link":"https:\/\/historiografija.hr\/?cat=8"},"img":{"alt_text":"","src":"https:\/\/i0.wp.com\/historiografija.hr\/wp-content\/uploads\/2026\/07\/Die-Nation-als-Familie-Buch-2.jpg?fit=800%2C545&ssl=1&resize=350%2C200","width":350,"height":200,"srcset":"https:\/\/i0.wp.com\/historiografija.hr\/wp-content\/uploads\/2026\/07\/Die-Nation-als-Familie-Buch-2.jpg?fit=800%2C545&ssl=1&resize=350%2C200 1x, https:\/\/i0.wp.com\/historiografija.hr\/wp-content\/uploads\/2026\/07\/Die-Nation-als-Familie-Buch-2.jpg?fit=800%2C545&ssl=1&resize=525%2C300 1.5x, https:\/\/i0.wp.com\/historiografija.hr\/wp-content\/uploads\/2026\/07\/Die-Nation-als-Familie-Buch-2.jpg?fit=800%2C545&ssl=1&resize=700%2C400 2x"},"classes":[]},{"id":54121,"url":"https:\/\/historiografija.hr\/?p=54121","url_meta":{"origin":38976,"position":5},"title":"ZGODOVINA NA \u0160PICI: YUGOSLAVIA AND CAMBODIA: ENTANGLED HISTORIES OF NON-ALIGNMENT","author":"Branimir Jankovi\u0107","date":"16. lipnja 2026.","format":false,"excerpt":"You are kindly invited to a new lecture in the History on the Edge series, which will take place on Wednesday, June 17, 2026, at the INZ premises or via the ZOOM link: https:\/\/us06web.zoom.us\/j\/85093074535?pwd=chFdSCgScVg8fw1djh3bVz8h9gqWtm.1 . In the new season, lectures will take place at 3 p.m. and if you will\u2026","rel":"","context":"U &quot;Novosti&quot;","block_context":{"text":"Novosti","link":"https:\/\/historiografija.hr\/?cat=3"},"img":{"alt_text":"","src":"https:\/\/i0.wp.com\/historiografija.hr\/wp-content\/uploads\/2026\/06\/ZNS_predavanje.jpg?fit=1086%2C567&ssl=1&resize=350%2C200","width":350,"height":200,"srcset":"https:\/\/i0.wp.com\/historiografija.hr\/wp-content\/uploads\/2026\/06\/ZNS_predavanje.jpg?fit=1086%2C567&ssl=1&resize=350%2C200 1x, https:\/\/i0.wp.com\/historiografija.hr\/wp-content\/uploads\/2026\/06\/ZNS_predavanje.jpg?fit=1086%2C567&ssl=1&resize=525%2C300 1.5x, https:\/\/i0.wp.com\/historiografija.hr\/wp-content\/uploads\/2026\/06\/ZNS_predavanje.jpg?fit=1086%2C567&ssl=1&resize=700%2C400 2x, https:\/\/i0.wp.com\/historiografija.hr\/wp-content\/uploads\/2026\/06\/ZNS_predavanje.jpg?fit=1086%2C567&ssl=1&resize=1050%2C600 3x"},"classes":[]}],"_links":{"self":[{"href":"https:\/\/historiografija.hr\/index.php?rest_route=\/wp\/v2\/posts\/38976","targetHints":{"allow":["GET"]}}],"collection":[{"href":"https:\/\/historiografija.hr\/index.php?rest_route=\/wp\/v2\/posts"}],"about":[{"href":"https:\/\/historiografija.hr\/index.php?rest_route=\/wp\/v2\/types\/post"}],"author":[{"embeddable":true,"href":"https:\/\/historiografija.hr\/index.php?rest_route=\/wp\/v2\/users\/2"}],"replies":[{"embeddable":true,"href":"https:\/\/historiografija.hr\/index.php?rest_route=%2Fwp%2Fv2%2Fcomments&post=38976"}],"version-history":[{"count":1,"href":"https:\/\/historiografija.hr\/index.php?rest_route=\/wp\/v2\/posts\/38976\/revisions"}],"predecessor-version":[{"id":38977,"href":"https:\/\/historiografija.hr\/index.php?rest_route=\/wp\/v2\/posts\/38976\/revisions\/38977"}],"wp:featuredmedia":[{"embeddable":true,"href":"https:\/\/historiografija.hr\/index.php?rest_route=\/wp\/v2\/media\/26674"}],"wp:attachment":[{"href":"https:\/\/historiografija.hr\/index.php?rest_route=%2Fwp%2Fv2%2Fmedia&parent=38976"}],"wp:term":[{"taxonomy":"category","embeddable":true,"href":"https:\/\/historiografija.hr\/index.php?rest_route=%2Fwp%2Fv2%2Fcategories&post=38976"},{"taxonomy":"post_tag","embeddable":true,"href":"https:\/\/historiografija.hr\/index.php?rest_route=%2Fwp%2Fv2%2Ftags&post=38976"}],"curies":[{"name":"wp","href":"https:\/\/api.w.org\/{rel}","templated":true}]}}