{"id":38973,"date":"2024-01-10T21:31:29","date_gmt":"2024-01-10T21:31:29","guid":{"rendered":"http:\/\/historiografija.hr\/?p=38973"},"modified":"2024-01-10T21:31:29","modified_gmt":"2024-01-10T21:31:29","slug":"pokrenuta-peticija-stop-sjeci-nastave-povijesti-u-hrvatskim-skolama","status":"publish","type":"post","link":"https:\/\/historiografija.hr\/?p=38973","title":{"rendered":"Pokrenuta peticija \u201cStop sje\u010di nastave povijesti u hrvatskim \u0161kolama\u201d"},"content":{"rendered":"\n<p>Mediji izvje\u0161tavaju o pokretanju peticije \u201cStop sje\u010di nastave povijesti u hrvatskim \u0161kolama\u201d kao reakciji na planiranu reformu strukovnog obrazovanja koja \u201eukida pola nastave povijesti u \u010detverogodi\u0161njim strukovnim zanimanjima\u201c.<\/p>\n\n\n\n<hr class=\"wp-block-separator\"\/>\n\n\n\n<p>Peticija:<\/p>\n\n\n\n<p><a href=\"https:\/\/www.peticijeonline.com\/stop_sjei_nastave_povijesti_u_hrvatskim_kolam\">https:\/\/www.peticijeonline.com\/stop_sjei_nastave_povijesti_u_hrvatskim_kolam<\/a><\/p>\n\n\n\n<hr class=\"wp-block-separator\"\/>\n\n\n\n<p>Iz medija:<\/p>\n\n\n\n<p><a href=\"https:\/\/www.hina.hr\/vijest\/11502475\">https:\/\/www.hina.hr\/vijest\/11502475<\/a><\/p>\n\n\n\n<p><a href=\"https:\/\/www.jutarnji.hr\/vijesti\/hrvatska\/nastavnici-na-nogama-zasto-smanjujete-satnicu-tog-predmeta-zanemarujete-prepoznatljivost-hrvatske-15411836\">https:\/\/www.jutarnji.hr\/vijesti\/hrvatska\/nastavnici-na-nogama-zasto-smanjujete-satnicu-tog-predmeta-zanemarujete-prepoznatljivost-hrvatske-15411836<\/a><\/p>\n\n\n\n<figure class=\"wp-block-embed-wordpress wp-block-embed is-type-wp-embed is-provider-novi-list\"><div class=\"wp-block-embed__wrapper\">\n<blockquote class=\"wp-embedded-content\" data-secret=\"Q7jTKdsrNC\"><a href=\"https:\/\/www.novilist.hr\/novosti\/hrvatska\/nezadovoljni-nastavnici-povijesti-zbog-rezanja-satnica-pokrenuli-peticiju-imaju-vec-1-600-potpisa\/\">Nezadovoljni nastavnici povijesti zbog rezanja satnica pokrenuli peticiju: Imaju ve\u0107 1.600 potpisa<\/a><\/blockquote><iframe loading=\"lazy\" class=\"wp-embedded-content\" sandbox=\"allow-scripts\" security=\"restricted\" style=\"position: absolute; clip: rect(1px, 1px, 1px, 1px);\" title=\"&#8220;Nezadovoljni nastavnici povijesti zbog rezanja satnica pokrenuli peticiju: Imaju ve\u0107 1.600 potpisa&#8221; &#8212; Novi list\" src=\"https:\/\/www.novilist.hr\/novosti\/hrvatska\/nezadovoljni-nastavnici-povijesti-zbog-rezanja-satnica-pokrenuli-peticiju-imaju-vec-1-600-potpisa\/embed\/#?secret=CNL10LY8hB#?secret=Q7jTKdsrNC\" data-secret=\"Q7jTKdsrNC\" width=\"600\" height=\"338\" frameborder=\"0\" marginwidth=\"0\" marginheight=\"0\" scrolling=\"no\"><\/iframe>\n<\/div><\/figure>\n\n\n\n<p><a href=\"https:\/\/www.glasistre.hr\/hrvatska\/2024\/01\/04\/u-strukovnim-skolama-ucit-ce-se-samo-novija-hrvatska-povijest-profesori-se-bune-zbog-rezanja-satnic-906158\">https:\/\/www.glasistre.hr\/hrvatska\/2024\/01\/04\/u-strukovnim-skolama-ucit-ce-se-samo-novija-hrvatska-povijest-profesori-se-bune-zbog-rezanja-satnic-906158<\/a><\/p>\n\n\n\n<p><a href=\"https:\/\/www.telegram.hr\/politika-kriminal\/nastavnici-se-snebivaju-zbog-rezanja-satnice-povijesti-ucenici-ce-manje-voljeti-svoju-domovinu\/\">https:\/\/www.telegram.hr\/politika-kriminal\/nastavnici-se-snebivaju-zbog-rezanja-satnice-povijesti-ucenici-ce-manje-voljeti-svoju-domovinu\/<\/a><\/p>\n\n\n\n<p><a href=\"https:\/\/www.tportal.hr\/vijesti\/clanak\/nastavnici-na-nogama-reze-se-satnica-povijesti-20240104\">https:\/\/www.tportal.hr\/vijesti\/clanak\/nastavnici-na-nogama-reze-se-satnica-povijesti-20240104<\/a><\/p>\n\n\n\n<p><a href=\"https:\/\/www.index.hr\/vijesti\/clanak\/u-strukovnim-skolama-ucit-ce-se-samo-novija-hrvatska-povijest-nastavnici-na-nogama\/2526103.aspx\">https:\/\/www.index.hr\/vijesti\/clanak\/u-strukovnim-skolama-ucit-ce-se-samo-novija-hrvatska-povijest-nastavnici-na-nogama\/2526103.aspx<\/a><\/p>\n\n\n\n<p><a href=\"https:\/\/dnevnik.hr\/vijesti\/hrvatska\/peticija-profesora-povijesti---821216.html\">https:\/\/dnevnik.hr\/vijesti\/hrvatska\/peticija-profesora-povijesti&#8212;821216.html<\/a><\/p>\n\n\n\n<figure class=\"wp-block-embed-wordpress wp-block-embed is-type-wp-embed is-provider-narod-hr\"><div class=\"wp-block-embed__wrapper\">\n<blockquote class=\"wp-embedded-content\" data-secret=\"7ruYAffjU2\"><a href=\"https:\/\/narod.hr\/hrvatska\/rezanje-povijesti-iz-strukovnih-skola-nastavnici-se-pobunili-i-za-narod-hr-otkrili-sto-traze\">Rezanje povijesti iz strukovnih \u0161kola: Nastavnici se pobunili i za Narod.hr otkrili \u0161to tra\u017ee<\/a><\/blockquote><iframe loading=\"lazy\" class=\"wp-embedded-content\" sandbox=\"allow-scripts\" security=\"restricted\" style=\"position: absolute; clip: rect(1px, 1px, 1px, 1px);\" title=\"&#8220;Rezanje povijesti iz strukovnih \u0161kola: Nastavnici se pobunili i za Narod.hr otkrili \u0161to tra\u017ee&#8221; &#8212; narod.hr\" src=\"https:\/\/narod.hr\/hrvatska\/rezanje-povijesti-iz-strukovnih-skola-nastavnici-se-pobunili-i-za-narod-hr-otkrili-sto-traze\/embed#?secret=LyjnRfYLnf#?secret=7ruYAffjU2\" data-secret=\"7ruYAffjU2\" width=\"600\" height=\"338\" frameborder=\"0\" marginwidth=\"0\" marginheight=\"0\" scrolling=\"no\"><\/iframe>\n<\/div><\/figure>\n\n\n\n<p><a href=\"https:\/\/direktno.hr\/direkt\/hitrec-sokiran-novim-problemom-u-skolstvu-mladi-ce-manje-voljeti-hrvatsku-335113\/\">https:\/\/direktno.hr\/direkt\/hitrec-sokiran-novim-problemom-u-skolstvu-mladi-ce-manje-voljeti-hrvatsku-335113\/<\/a><\/p>\n\n\n\n<figure class=\"wp-block-embed-wordpress wp-block-embed is-type-wp-embed is-provider-teklic\"><div class=\"wp-block-embed__wrapper\">\n<blockquote class=\"wp-embedded-content\" data-secret=\"jnpU6diMR4\"><a href=\"https:\/\/www.teklic.hr\/aktualno\/aktualno-hrvatska\/kome-smeta-povijest-pokrenuta-peticija-protiv-smanjenja-nastave-povijesti-u-skolama\/269111\/\">Kome smeta povijest? Pokrenuta peticija protiv smanjenja nastave povijesti u \u0161kolama<\/a><\/blockquote><iframe loading=\"lazy\" class=\"wp-embedded-content\" sandbox=\"allow-scripts\" security=\"restricted\" style=\"position: absolute; clip: rect(1px, 1px, 1px, 1px);\" title=\"&#8220;Kome smeta povijest? Pokrenuta peticija protiv smanjenja nastave povijesti u \u0161kolama&#8221; &#8212; Tekli\u0107\" src=\"https:\/\/www.teklic.hr\/aktualno\/aktualno-hrvatska\/kome-smeta-povijest-pokrenuta-peticija-protiv-smanjenja-nastave-povijesti-u-skolama\/269111\/embed\/#?secret=jnpU6diMR4\" data-secret=\"jnpU6diMR4\" width=\"600\" height=\"338\" frameborder=\"0\" marginwidth=\"0\" marginheight=\"0\" scrolling=\"no\"><\/iframe>\n<\/div><\/figure>\n\n\n\n<figure class=\"wp-block-embed-wordpress wp-block-embed is-type-wp-embed is-provider-antena-zadar\"><div class=\"wp-block-embed__wrapper\">\n<blockquote class=\"wp-embedded-content\" data-secret=\"q6pt4Sly4N\"><a href=\"https:\/\/www.antenazadar.hr\/clanak\/2023\/12\/kome-smeta-povijest-pokrenuta-peticija-protiv-smanjenja-nastave-povijesti-u-skolama\/\">KOME SMETA POVIJEST? Pokrenuta peticija protiv smanjenja nastave povijesti u \u0161kolama<\/a><\/blockquote><iframe loading=\"lazy\" class=\"wp-embedded-content\" sandbox=\"allow-scripts\" security=\"restricted\" style=\"position: absolute; clip: rect(1px, 1px, 1px, 1px);\" title=\"&#8220;KOME SMETA POVIJEST? Pokrenuta peticija protiv smanjenja nastave povijesti u \u0161kolama&#8221; &#8212; Antena Zadar\" src=\"https:\/\/www.antenazadar.hr\/clanak\/2023\/12\/kome-smeta-povijest-pokrenuta-peticija-protiv-smanjenja-nastave-povijesti-u-skolama\/embed\/#?secret=I4E8BKDAo5#?secret=q6pt4Sly4N\" data-secret=\"q6pt4Sly4N\" width=\"600\" height=\"338\" frameborder=\"0\" marginwidth=\"0\" marginheight=\"0\" scrolling=\"no\"><\/iframe>\n<\/div><\/figure>\n\n\n\n<figure class=\"wp-block-embed-wordpress wp-block-embed is-type-wp-embed is-provider-01-portal\"><div class=\"wp-block-embed__wrapper\">\n<blockquote class=\"wp-embedded-content\" data-secret=\"XVABpX3YIq\"><a href=\"https:\/\/01portal.hr\/nastavnici-pokrenuli-peticiju-nezadovoljni-su-prijedlogom-rezanja-satnica-povijesti\/\">Nastavnici pokrenuli peticiju, nezadovoljni su prijedlogom rezanja satnica povijesti<\/a><\/blockquote><iframe loading=\"lazy\" class=\"wp-embedded-content\" sandbox=\"allow-scripts\" security=\"restricted\" style=\"position: absolute; clip: rect(1px, 1px, 1px, 1px);\" title=\"&#8220;Nastavnici pokrenuli peticiju, nezadovoljni su prijedlogom rezanja satnica povijesti&#8221; &#8212; 01Portal\" src=\"https:\/\/01portal.hr\/nastavnici-pokrenuli-peticiju-nezadovoljni-su-prijedlogom-rezanja-satnica-povijesti\/embed\/#?secret=g6vNvtni5J#?secret=XVABpX3YIq\" data-secret=\"XVABpX3YIq\" width=\"600\" height=\"338\" frameborder=\"0\" marginwidth=\"0\" marginheight=\"0\" scrolling=\"no\"><\/iframe>\n<\/div><\/figure>\n\n\n\n<hr class=\"wp-block-separator\"\/>\n","protected":false},"excerpt":{"rendered":"","protected":false},"author":2,"featured_media":38974,"comment_status":"open","ping_status":"open","sticky":false,"template":"","format":"standard","meta":{"_acf_changed":false,"jetpack_post_was_ever_published":false,"_jetpack_newsletter_access":"","_jetpack_dont_email_post_to_subs":false,"_jetpack_newsletter_tier_id":0,"_jetpack_memberships_contains_paywalled_content":false,"_jetpack_memberships_contains_paid_content":false,"footnotes":"","jetpack_publicize_message":"","jetpack_publicize_feature_enabled":true,"jetpack_social_post_already_shared":true,"jetpack_social_options":{"image_generator_settings":{"template":"highway","default_image_id":0,"font":"","enabled":false},"version":2}},"categories":[3],"tags":[],"class_list":["post-38973","post","type-post","status-publish","format-standard","has-post-thumbnail","hentry","category-novosti"],"acf":{"facebook_opis":""},"jetpack_publicize_connections":[],"jetpack_featured_media_url":"https:\/\/i0.wp.com\/historiografija.hr\/wp-content\/uploads\/2024\/01\/Peticija-scaled.jpg?fit=2560%2C1920&ssl=1","jetpack_sharing_enabled":true,"jetpack-related-posts":[],"_links":{"self":[{"href":"https:\/\/historiografija.hr\/index.php?rest_route=\/wp\/v2\/posts\/38973","targetHints":{"allow":["GET"]}}],"collection":[{"href":"https:\/\/historiografija.hr\/index.php?rest_route=\/wp\/v2\/posts"}],"about":[{"href":"https:\/\/historiografija.hr\/index.php?rest_route=\/wp\/v2\/types\/post"}],"author":[{"embeddable":true,"href":"https:\/\/historiografija.hr\/index.php?rest_route=\/wp\/v2\/users\/2"}],"replies":[{"embeddable":true,"href":"https:\/\/historiografija.hr\/index.php?rest_route=%2Fwp%2Fv2%2Fcomments&post=38973"}],"version-history":[{"count":1,"href":"https:\/\/historiografija.hr\/index.php?rest_route=\/wp\/v2\/posts\/38973\/revisions"}],"predecessor-version":[{"id":38975,"href":"https:\/\/historiografija.hr\/index.php?rest_route=\/wp\/v2\/posts\/38973\/revisions\/38975"}],"wp:featuredmedia":[{"embeddable":true,"href":"https:\/\/historiografija.hr\/index.php?rest_route=\/wp\/v2\/media\/38974"}],"wp:attachment":[{"href":"https:\/\/historiografija.hr\/index.php?rest_route=%2Fwp%2Fv2%2Fmedia&parent=38973"}],"wp:term":[{"taxonomy":"category","embeddable":true,"href":"https:\/\/historiografija.hr\/index.php?rest_route=%2Fwp%2Fv2%2Fcategories&post=38973"},{"taxonomy":"post_tag","embeddable":true,"href":"https:\/\/historiografija.hr\/index.php?rest_route=%2Fwp%2Fv2%2Ftags&post=38973"}],"curies":[{"name":"wp","href":"https:\/\/api.w.org\/{rel}","templated":true}]}}