{"id":38949,"date":"2024-01-09T17:20:06","date_gmt":"2024-01-09T17:20:06","guid":{"rendered":"http:\/\/historiografija.hr\/?p=38949"},"modified":"2024-01-09T17:20:58","modified_gmt":"2024-01-09T17:20:58","slug":"program-desnicini-susreti-najavljuje-odrzavanje-znanstvenog-skupa-desnicini-susreti-2024-obrovac-i-obrovacke-desnice-cca-1800-1990","status":"publish","type":"post","link":"https:\/\/historiografija.hr\/?p=38949","title":{"rendered":"Program \u201eDesni\u010dini susreti&#8221; najavljuje odr\u017eavanje znanstvenog skupa \u201eDesni\u010dini susreti 2024. Obrovac i obrova\u010dke Desnice, cca 1800. \u2013 1990.&#8221;"},"content":{"rendered":"\n<p>Znanstveni skup s me\u0111unarodnim sudjelovanjem \u201eDesni\u010dini susreti 2024.\u00a0 Obrovac i obrova\u010dke Desnice, cca 1800. \u2013 1990.&#8221; odr\u017eat \u0107e se u Obrovcu, od 20. do 22. rujna t.g., u suradnji s Odjelom za povijest Sveu\u010dili\u0161ta u Zadru i Maticom Obrov\u010dana.<\/p>\n\n\n\n<div class=\"wp-block-file\"><a href=\"https:\/\/historiografija.hr\/wp-content\/uploads\/2024\/01\/Desnicini_susreti_2024_pozivno_pismo.doc\">Desnicini_susreti_2024_pozivno_pismo<\/a><a href=\"https:\/\/historiografija.hr\/wp-content\/uploads\/2024\/01\/Desnicini_susreti_2024_pozivno_pismo.doc\" class=\"wp-block-file__button\" download>Preuzmi<\/a><\/div>\n\n\n\n<div class=\"wp-block-file\"><a href=\"https:\/\/historiografija.hr\/wp-content\/uploads\/2024\/01\/Desni\u010dini-susreti-2024_prijava.doc\">Desni\u010dini-susreti-2024_prijava<\/a><a href=\"https:\/\/historiografija.hr\/wp-content\/uploads\/2024\/01\/Desni\u010dini-susreti-2024_prijava.doc\" class=\"wp-block-file__button\" download>Preuzmi<\/a><\/div>\n\n\n\n<hr class=\"wp-block-separator\"\/>\n","protected":false},"excerpt":{"rendered":"","protected":false},"author":2,"featured_media":5395,"comment_status":"open","ping_status":"open","sticky":false,"template":"","format":"standard","meta":{"_acf_changed":false,"jetpack_post_was_ever_published":false,"_jetpack_newsletter_access":"","_jetpack_dont_email_post_to_subs":false,"_jetpack_newsletter_tier_id":0,"_jetpack_memberships_contains_paywalled_content":false,"_jetpack_memberships_contains_paid_content":false,"footnotes":"","jetpack_publicize_message":"","jetpack_publicize_feature_enabled":true,"jetpack_social_post_already_shared":true,"jetpack_social_options":{"image_generator_settings":{"template":"highway","default_image_id":0,"font":"","enabled":false},"version":2}},"categories":[3,9],"tags":[],"class_list":["post-38949","post","type-post","status-publish","format-standard","has-post-thumbnail","hentry","category-novosti","category-skupovi"],"acf":{"facebook_opis":""},"jetpack_publicize_connections":[],"jetpack_featured_media_url":"https:\/\/i0.wp.com\/historiografija.hr\/wp-content\/uploads\/2017\/07\/logo-ds.png?fit=211%2C228&ssl=1","jetpack_sharing_enabled":true,"jetpack-related-posts":[],"_links":{"self":[{"href":"https:\/\/historiografija.hr\/index.php?rest_route=\/wp\/v2\/posts\/38949","targetHints":{"allow":["GET"]}}],"collection":[{"href":"https:\/\/historiografija.hr\/index.php?rest_route=\/wp\/v2\/posts"}],"about":[{"href":"https:\/\/historiografija.hr\/index.php?rest_route=\/wp\/v2\/types\/post"}],"author":[{"embeddable":true,"href":"https:\/\/historiografija.hr\/index.php?rest_route=\/wp\/v2\/users\/2"}],"replies":[{"embeddable":true,"href":"https:\/\/historiografija.hr\/index.php?rest_route=%2Fwp%2Fv2%2Fcomments&post=38949"}],"version-history":[{"count":2,"href":"https:\/\/historiografija.hr\/index.php?rest_route=\/wp\/v2\/posts\/38949\/revisions"}],"predecessor-version":[{"id":38953,"href":"https:\/\/historiografija.hr\/index.php?rest_route=\/wp\/v2\/posts\/38949\/revisions\/38953"}],"wp:featuredmedia":[{"embeddable":true,"href":"https:\/\/historiografija.hr\/index.php?rest_route=\/wp\/v2\/media\/5395"}],"wp:attachment":[{"href":"https:\/\/historiografija.hr\/index.php?rest_route=%2Fwp%2Fv2%2Fmedia&parent=38949"}],"wp:term":[{"taxonomy":"category","embeddable":true,"href":"https:\/\/historiografija.hr\/index.php?rest_route=%2Fwp%2Fv2%2Fcategories&post=38949"},{"taxonomy":"post_tag","embeddable":true,"href":"https:\/\/historiografija.hr\/index.php?rest_route=%2Fwp%2Fv2%2Ftags&post=38949"}],"curies":[{"name":"wp","href":"https:\/\/api.w.org\/{rel}","templated":true}]}}