{"id":38911,"date":"2024-01-08T09:40:49","date_gmt":"2024-01-08T09:40:49","guid":{"rendered":"http:\/\/historiografija.hr\/?p=38911"},"modified":"2024-01-08T09:40:49","modified_gmt":"2024-01-08T09:40:49","slug":"bb-evelyn-reuter-equality-of-religious-minorities-in-post-socialist-south-eastern-europe-during-the-eu-enlargement","status":"publish","type":"post","link":"https:\/\/historiografija.hr\/?p=38911","title":{"rendered":"BB: Evelyn Reuter &#8211; Equality of Religious Minorities in Post-Socialist South Eastern Europe during the EU Enlargement"},"content":{"rendered":"\n<p>This paper focuses on how the EU influences the treatment of religious minorities in post-socialist states of South Eastern Europe states during the (prospective) enlargement process using the case studies of Bulgaria and Albania. In these states, traditional religious communities are mainly considered due to their role in nation-building. However, the protection of (religious) minorities is one of the political accession criteria for a state\u2019s admission to the EU according to the Copenhagen criteria (1993). Thus, SEE countries consider Western European actors as role models in terms of regulating religious diversity, and they are actively influenced by the EU during the enlargement process. Thus, the paper tackles the value of in-\/equality respective to the equal status that religious minorities may gain. The study analyses EU documents on enlargement in general and in SEE in particular and further documents such as the state\u2019s minority protection laws and statements of religious minorities.<\/p>\n\n\n\n<hr class=\"wp-block-separator\"\/>\n\n\n\n<p>09.01.2024 13:00 &#8211; 14:00<\/p>\n\n\n\n<hr class=\"wp-block-separator\"\/>\n\n\n\n<p>Organizer:<\/p>\n\n\n\n<p>Zentrum f\u00fcr S\u00fcdosteuropastudien, SOEGA &amp; S\u00fcdosteuropa-Gesellschaft<\/p>\n\n\n\n<hr class=\"wp-block-separator\"\/>\n\n\n\n<p>Venue:<\/p>\n\n\n\n<p>Location: SR 111.41, BEETHOVENSTRASSE 8 4. OG 8010 GRAZ<\/p>\n\n\n\n<hr class=\"wp-block-separator\"\/>\n\n\n\n<p><a href=\"https:\/\/suedosteuropa.uni-graz.at\/en\/events\/detail\/article\/bb-equality-of-religious-minorities-in-post-socialist-south-eastern-europe-during-the-eu-enlargement\/\">https:\/\/suedosteuropa.uni-graz.at\/en\/events\/detail\/article\/bb-equality-of-religious-minorities-in-post-socialist-south-eastern-europe-during-the-eu-enlargement\/<\/a><\/p>\n\n\n\n<hr class=\"wp-block-separator\"\/>\n","protected":false},"excerpt":{"rendered":"","protected":false},"author":2,"featured_media":38912,"comment_status":"open","ping_status":"open","sticky":false,"template":"","format":"standard","meta":{"_acf_changed":false,"_jetpack_newsletter_access":"","_jetpack_dont_email_post_to_subs":false,"_jetpack_newsletter_tier_id":0,"_jetpack_memberships_contains_paywalled_content":false,"_jetpack_memberships_contains_paid_content":false,"footnotes":"","jetpack_publicize_message":"","jetpack_publicize_feature_enabled":true,"jetpack_social_post_already_shared":true,"jetpack_social_options":{"image_generator_settings":{"template":"highway","default_image_id":0,"font":"","enabled":false},"version":2},"jetpack_post_was_ever_published":false},"categories":[3],"tags":[],"class_list":["post-38911","post","type-post","status-publish","format-standard","has-post-thumbnail","hentry","category-novosti"],"acf":{"facebook_opis":""},"jetpack_publicize_connections":[],"jetpack_featured_media_url":"https:\/\/i0.wp.com\/historiografija.hr\/wp-content\/uploads\/2024\/01\/csm_Reuter_2024.png?fit=282%2C200&ssl=1","jetpack_sharing_enabled":true,"jetpack-related-posts":[{"id":54554,"url":"https:\/\/historiografija.hr\/?p=54554","url_meta":{"origin":38911,"position":0},"title":"CfP: Religion and Revolution: Alternative Religiosity and Radical Politics in the (Post-)Industrial Age (1800-2000)","author":"Branimir Jankovi\u0107","date":"10. srpnja 2026.","format":false,"excerpt":"This conference invites scholars to examine the intersections between left-wing and\/or revolutionary politics and alternative religiosity over the past two centuries. Alternative religious ideas and practices have served as powerful resources for the political imagination, social critique, and revolutionary mobilization. Yet the relationship between alternative religious currents and emancipatory politics\u2026","rel":"","context":"U &quot;Novosti&quot;","block_context":{"text":"Novosti","link":"https:\/\/historiografija.hr\/?cat=3"},"img":{"alt_text":"","src":"https:\/\/i0.wp.com\/historiografija.hr\/wp-content\/uploads\/2017\/10\/hsozkult.png?fit=1006%2C241&ssl=1&resize=350%2C200","width":350,"height":200,"srcset":"https:\/\/i0.wp.com\/historiografija.hr\/wp-content\/uploads\/2017\/10\/hsozkult.png?fit=1006%2C241&ssl=1&resize=350%2C200 1x, https:\/\/i0.wp.com\/historiografija.hr\/wp-content\/uploads\/2017\/10\/hsozkult.png?fit=1006%2C241&ssl=1&resize=525%2C300 1.5x, https:\/\/i0.wp.com\/historiografija.hr\/wp-content\/uploads\/2017\/10\/hsozkult.png?fit=1006%2C241&ssl=1&resize=700%2C400 2x"},"classes":[]},{"id":54517,"url":"https:\/\/historiografija.hr\/?p=54517","url_meta":{"origin":38911,"position":1},"title":"CfP: Entangled Transformations: Temporalities, Experiences, and Critical Histories of Postsocialist Change in Europe","author":"Branimir Jankovi\u0107","date":"8. srpnja 2026.","format":false,"excerpt":"International Workshop organised by the Department of History, University of Warsaw and the Department of Public History, FernUniversit\u00e4t in Hagen Often framed within the triumphalist narrative, most prominently articulated in the \u201cend of history\u201d concept (Fukuyama, 1989), transformations that reshaped the socialist states in Europe in the late twentieth century\u2026","rel":"","context":"U &quot;Novosti&quot;","block_context":{"text":"Novosti","link":"https:\/\/historiografija.hr\/?cat=3"},"img":{"alt_text":"","src":"https:\/\/i0.wp.com\/historiografija.hr\/wp-content\/uploads\/2017\/10\/hsozkult.png?fit=1006%2C241&ssl=1&resize=350%2C200","width":350,"height":200,"srcset":"https:\/\/i0.wp.com\/historiografija.hr\/wp-content\/uploads\/2017\/10\/hsozkult.png?fit=1006%2C241&ssl=1&resize=350%2C200 1x, https:\/\/i0.wp.com\/historiografija.hr\/wp-content\/uploads\/2017\/10\/hsozkult.png?fit=1006%2C241&ssl=1&resize=525%2C300 1.5x, https:\/\/i0.wp.com\/historiografija.hr\/wp-content\/uploads\/2017\/10\/hsozkult.png?fit=1006%2C241&ssl=1&resize=700%2C400 2x"},"classes":[]},{"id":54962,"url":"https:\/\/historiografija.hr\/?p=54962","url_meta":{"origin":38911,"position":2},"title":"Branka Bogdan, &#8220;The New Yugoslav Woman: Reproductive Regulation in Socialist Yugoslavia&#8221;","author":"Branimir Jankovi\u0107","date":"13. kolovoza 2026.","format":false,"excerpt":"From 1945 to 1989, the Yugoslav state connected its claims of progressive politics and gender equality to its support of free healthcare, sex education and contraception, and laws that supported reproductive choice. Yugoslav men and women internalized these messages, proclaiming their homeland's superior care for its citizens in comparison to\u2026","rel":"","context":"U &quot;Knjige&quot;","block_context":{"text":"Knjige","link":"https:\/\/historiografija.hr\/?cat=8"},"img":{"alt_text":"","src":"https:\/\/i0.wp.com\/historiografija.hr\/wp-content\/uploads\/2026\/08\/Bogdan.jpg?fit=596%2C477&ssl=1&resize=350%2C200","width":350,"height":200,"srcset":"https:\/\/i0.wp.com\/historiografija.hr\/wp-content\/uploads\/2026\/08\/Bogdan.jpg?fit=596%2C477&ssl=1&resize=350%2C200 1x, https:\/\/i0.wp.com\/historiografija.hr\/wp-content\/uploads\/2026\/08\/Bogdan.jpg?fit=596%2C477&ssl=1&resize=525%2C300 1.5x"},"classes":[]},{"id":54487,"url":"https:\/\/historiografija.hr\/?p=54487","url_meta":{"origin":38911,"position":3},"title":"Workshop &#8220;Experts in Transition: Political Epistemologies of 1980s\u20132000s East Central Europe&#8221;","author":"Branimir Jankovi\u0107","date":"7. srpnja 2026.","format":false,"excerpt":"On July 9\u201310, 2026, the Institute of Contemporary History in Ljubljana will host the international workshop: Experts in Transition: Political Epistemologies of 1980s\u20132000s East Central Europe The workshop is open to the public and to interested scholars. If you are planning to participate, please write to Adela H\u00eencu \u2013 adela.hincu@inz.si\u2026","rel":"","context":"U &quot;Novosti&quot;","block_context":{"text":"Novosti","link":"https:\/\/historiografija.hr\/?cat=3"},"img":{"alt_text":"","src":"https:\/\/i0.wp.com\/historiografija.hr\/wp-content\/uploads\/2026\/07\/01-INZ-logo-21-RGB-SLO_RGB.png?fit=685%2C291&ssl=1&resize=350%2C200","width":350,"height":200,"srcset":"https:\/\/i0.wp.com\/historiografija.hr\/wp-content\/uploads\/2026\/07\/01-INZ-logo-21-RGB-SLO_RGB.png?fit=685%2C291&ssl=1&resize=350%2C200 1x, https:\/\/i0.wp.com\/historiografija.hr\/wp-content\/uploads\/2026\/07\/01-INZ-logo-21-RGB-SLO_RGB.png?fit=685%2C291&ssl=1&resize=525%2C300 1.5x"},"classes":[]},{"id":53749,"url":"https:\/\/historiografija.hr\/?p=53749","url_meta":{"origin":38911,"position":4},"title":"HISTORY ON THE EDGE: THE MAKING OF WORKERS\u2019 SELF-MANAGEMENT: HOUSING DISTRIBUTION IN LATE SOCIALIST YUGOSLAVIA (MID-1970S-1980S) \u00a0","author":"Branimir Jankovi\u0107","date":"26. svibnja 2026.","format":false,"excerpt":"You are kindly invited to a new lecture in the History on the Edge series, which will take place on Wednesday, May 27, 2026, at the INZ premises or via the ZOOM link: https:\/\/us06web.zoom.us\/j\/85093074535?pwd=chFdSCgScVg8fw1djh3bVz8h9gqWtm.1 . In the new season, lectures will take place at 3 p.m. and if you will\u2026","rel":"","context":"U &quot;Novosti&quot;","block_context":{"text":"Novosti","link":"https:\/\/historiografija.hr\/?cat=3"},"img":{"alt_text":"","src":"https:\/\/i0.wp.com\/historiografija.hr\/wp-content\/uploads\/2026\/05\/ZNS_predavanja_5_27.jpg?fit=1200%2C730&ssl=1&resize=350%2C200","width":350,"height":200,"srcset":"https:\/\/i0.wp.com\/historiografija.hr\/wp-content\/uploads\/2026\/05\/ZNS_predavanja_5_27.jpg?fit=1200%2C730&ssl=1&resize=350%2C200 1x, https:\/\/i0.wp.com\/historiografija.hr\/wp-content\/uploads\/2026\/05\/ZNS_predavanja_5_27.jpg?fit=1200%2C730&ssl=1&resize=525%2C300 1.5x, https:\/\/i0.wp.com\/historiografija.hr\/wp-content\/uploads\/2026\/05\/ZNS_predavanja_5_27.jpg?fit=1200%2C730&ssl=1&resize=700%2C400 2x, https:\/\/i0.wp.com\/historiografija.hr\/wp-content\/uploads\/2026\/05\/ZNS_predavanja_5_27.jpg?fit=1200%2C730&ssl=1&resize=1050%2C600 3x"},"classes":[]},{"id":55062,"url":"https:\/\/historiografija.hr\/?p=55062","url_meta":{"origin":38911,"position":5},"title":"CfP: The Making of Solidarity: A\u00a0Conference on Eastern and Central European Dissidents, 1945-1991","author":"Branimir Jankovi\u0107","date":"24. kolovoza 2026.","format":false,"excerpt":"This open call invites proposals for an interdisciplinary conference on Eastern and Central European dissidence, solidarity, and anti-imperial thought. The Making of Solidarity: A\u00a0Conference on Eastern and Central European Dissidents, 1945-1991 16.-17. November 2026 A close reading of Ivan Dziuba\u2019s classic\u00a01965 essay Internationalism or Russification? offers a\u00a0useful lens through which\u2026","rel":"","context":"U &quot;Novosti&quot;","block_context":{"text":"Novosti","link":"https:\/\/historiografija.hr\/?cat=3"},"img":{"alt_text":"","src":"https:\/\/i0.wp.com\/historiografija.hr\/wp-content\/uploads\/2026\/08\/The-Making-of-Solidarity.png?fit=883%2C662&ssl=1&resize=350%2C200","width":350,"height":200,"srcset":"https:\/\/i0.wp.com\/historiografija.hr\/wp-content\/uploads\/2026\/08\/The-Making-of-Solidarity.png?fit=883%2C662&ssl=1&resize=350%2C200 1x, https:\/\/i0.wp.com\/historiografija.hr\/wp-content\/uploads\/2026\/08\/The-Making-of-Solidarity.png?fit=883%2C662&ssl=1&resize=525%2C300 1.5x, https:\/\/i0.wp.com\/historiografija.hr\/wp-content\/uploads\/2026\/08\/The-Making-of-Solidarity.png?fit=883%2C662&ssl=1&resize=700%2C400 2x"},"classes":[]}],"_links":{"self":[{"href":"https:\/\/historiografija.hr\/index.php?rest_route=\/wp\/v2\/posts\/38911","targetHints":{"allow":["GET"]}}],"collection":[{"href":"https:\/\/historiografija.hr\/index.php?rest_route=\/wp\/v2\/posts"}],"about":[{"href":"https:\/\/historiografija.hr\/index.php?rest_route=\/wp\/v2\/types\/post"}],"author":[{"embeddable":true,"href":"https:\/\/historiografija.hr\/index.php?rest_route=\/wp\/v2\/users\/2"}],"replies":[{"embeddable":true,"href":"https:\/\/historiografija.hr\/index.php?rest_route=%2Fwp%2Fv2%2Fcomments&post=38911"}],"version-history":[{"count":1,"href":"https:\/\/historiografija.hr\/index.php?rest_route=\/wp\/v2\/posts\/38911\/revisions"}],"predecessor-version":[{"id":38913,"href":"https:\/\/historiografija.hr\/index.php?rest_route=\/wp\/v2\/posts\/38911\/revisions\/38913"}],"wp:featuredmedia":[{"embeddable":true,"href":"https:\/\/historiografija.hr\/index.php?rest_route=\/wp\/v2\/media\/38912"}],"wp:attachment":[{"href":"https:\/\/historiografija.hr\/index.php?rest_route=%2Fwp%2Fv2%2Fmedia&parent=38911"}],"wp:term":[{"taxonomy":"category","embeddable":true,"href":"https:\/\/historiografija.hr\/index.php?rest_route=%2Fwp%2Fv2%2Fcategories&post=38911"},{"taxonomy":"post_tag","embeddable":true,"href":"https:\/\/historiografija.hr\/index.php?rest_route=%2Fwp%2Fv2%2Ftags&post=38911"}],"curies":[{"name":"wp","href":"https:\/\/api.w.org\/{rel}","templated":true}]}}