{"id":38903,"date":"2024-01-05T20:36:34","date_gmt":"2024-01-05T20:36:34","guid":{"rendered":"http:\/\/historiografija.hr\/?p=38903"},"modified":"2024-01-15T19:59:07","modified_gmt":"2024-01-15T19:59:07","slug":"iz-povijesti-napada-na-udzbenike-povijesti-nedavni-primjeri-napada-na-meridijanove-i-alfine-udzbenike","status":"publish","type":"post","link":"https:\/\/historiografija.hr\/?p=38903","title":{"rendered":"Iz povijesti napada na ud\u017ebenike povijesti (1): Nedavni primjeri napada na Meridijanove i Alfine te ud\u017ebenike \u0160kolske knjige"},"content":{"rendered":"\n<p>Napad portala <a href=\"https:\/\/historiografija.hr\/?p=38792\">Narod.hr<\/a> na Profilov ud\u017ebenik povijesti \u2013 koji je po svome opsegu i obliku te\u0161ko prispodobiti bilo \u010demu sli\u010dnom \u2013 nije na\u017ealost jedini napad na ud\u017ebenike. Napadi se me\u0111utim nisu doga\u0111ali samo prije 20-30 godina ili jo\u0161 prije toga. I pro\u0161le godine, odnosno prije 2-3 godine na nekim su portalima (poveznice u nastavku) potpuno proizvoljno napadani ud\u017ebenici povijesti. Ovoga puta prozivani su Meridijanovi i Alfini te ud\u017ebenici povijesti \u0160kolske knjige.<\/p>\n\n\n\n<p>Iako su u aktualnoj polemici tekstovi <a href=\"https:\/\/historiografija.hr\/?p=38592\">Snje\u017eane Koren<\/a> i <a href=\"https:\/\/historiografija.hr\/?p=38705\">Sergeja Filipovi\u0107a<\/a> pokazali da je sli\u010dna potraga za gre\u0161kama mogla obuhvatiti i druge ud\u017ebenike (ne samo Profilov) \u2013 te je itekako mogu\u0107e problematizirati i njih \u2013 ne \u017eelimo niti jednim autorima ud\u017ebenika da budu tako napadani. Izra\u017eavamo ovim putem na\u0161e protivljenje tome i podr\u0161ku autorima Meridijanovih i Alfinih te ud\u017ebenika povijesti \u0160kolske knjige.<\/p>\n\n\n\n<p>Razlika izme\u0111u napada na Profilov i primjerice napada na Meridijanov i Alfin ud\u017ebenik \u2013 osim u opsegu \u2013 jest u tome \u0161to su u prvom slu\u010daju kritike upu\u0107ivali i povjesni\u010dari. No oba slu\u010daja frapantno su sli\u010dna po tome \u0161to im se predbacuju gotovo iste tvrdnje: navodno navo\u0111enje M. Planinc \/ S. \u0160uvara me\u0111u zaslu\u017ene za stvaranje hrvatske dr\u017eave i obra\u0111ivanje srpske pobune na na\u010din navodnog umanjivanja agresije.<\/p>\n\n\n\n<p>Na\u017ealost, &nbsp;odlukom o povla\u010denju Profilova ud\u017ebenika autorima nije uop\u0107e omogu\u0107eno da odgovore na primjedbe, niti su u proces njezina dono\u0161enja uklju\u010dena suprotna mi\u0161ljenja i drugih povjesni\u010dara. Zato usprkos svemu nastavljamo i dalje jednakim intenzitetom tra\u017eiti preispitivanje odluke o povla\u010denju ud\u017ebenika i njegovo vra\u0107anje u Katalog odobrenih ud\u017ebenika.<\/p>\n\n\n\n<p>Autorima treba omogu\u0107iti da u novim izdanjima \u2013 kako je to uobi\u010dajeno \u2013 isprave ono \u0161to smatraju potrebnim ispraviti. Osim toga, potrebno je \u2013 prije svih daljnjih diskusija \u2013 prvo na\u010delno stati uz autore i recenzente ud\u017ebenika. Posebno uz one koje se tako napada po portalima i dru\u0161tvenim mre\u017eama. Neovisno o kome se radi.<\/p>\n\n\n\n<hr class=\"wp-block-separator\"\/>\n\n\n\n<p>Primjeri napada:<\/p>\n\n\n\n<figure class=\"wp-block-embed-wordpress wp-block-embed is-type-wp-embed is-provider-portal-tjedno\"><div class=\"wp-block-embed__wrapper\">\n<blockquote class=\"wp-embedded-content\" data-secret=\"jfUyDVd3Ty\"><a href=\"https:\/\/www.tjedno.hr\/sramotni-petricev-udzbenik-povijesti-za-srednje-strukovne-skole\/\">SRAMOTNI PETRI\u0106EV UD\u017dBENIK POVIJESTI ZA SREDNJE STRUKOVNE \u0160KOLE<\/a><\/blockquote><iframe loading=\"lazy\" class=\"wp-embedded-content\" sandbox=\"allow-scripts\" security=\"restricted\" style=\"position: absolute; clip: rect(1px, 1px, 1px, 1px);\" title=\"&#8220;SRAMOTNI PETRI\u0106EV UD\u017dBENIK POVIJESTI ZA SREDNJE STRUKOVNE \u0160KOLE&#8221; &#8212; *** PORTAL TJEDNO ***\" src=\"https:\/\/www.tjedno.hr\/sramotni-petricev-udzbenik-povijesti-za-srednje-strukovne-skole\/embed\/#?secret=jfUyDVd3Ty\" data-secret=\"jfUyDVd3Ty\" width=\"600\" height=\"338\" frameborder=\"0\" marginwidth=\"0\" marginheight=\"0\" scrolling=\"no\"><\/iframe>\n<\/div><\/figure>\n\n\n\n<figure class=\"wp-block-embed-wordpress wp-block-embed is-type-wp-embed is-provider-portal-tjedno\"><div class=\"wp-block-embed__wrapper\">\n<blockquote class=\"wp-embedded-content\" data-secret=\"Tr9yXKF8gk\"><a href=\"https:\/\/www.tjedno.hr\/stipe-suvar-u-udzbeniku-iz-povijesti-stavljen-medu-heroje-dobio-prostora-kao-tudman\/\">STIPE \u0160UVAR U UD\u017dBENIKU IZ POVIJESTI STAVLJEN ME\u0110U HEROJE, DOBIO PROSTORA KAO TU\u0110MAN<\/a><\/blockquote><iframe loading=\"lazy\" class=\"wp-embedded-content\" sandbox=\"allow-scripts\" security=\"restricted\" style=\"position: absolute; clip: rect(1px, 1px, 1px, 1px);\" title=\"&#8220;STIPE \u0160UVAR U UD\u017dBENIKU IZ POVIJESTI STAVLJEN ME\u0110U HEROJE, DOBIO PROSTORA KAO TU\u0110MAN&#8221; &#8212; *** PORTAL TJEDNO ***\" src=\"https:\/\/www.tjedno.hr\/stipe-suvar-u-udzbeniku-iz-povijesti-stavljen-medu-heroje-dobio-prostora-kao-tudman\/embed\/#?secret=Tr9yXKF8gk\" data-secret=\"Tr9yXKF8gk\" width=\"600\" height=\"338\" frameborder=\"0\" marginwidth=\"0\" marginheight=\"0\" scrolling=\"no\"><\/iframe>\n<\/div><\/figure>\n\n\n\n<hr class=\"wp-block-separator\"\/>\n\n\n\n<figure class=\"wp-block-embed-wordpress wp-block-embed is-type-wp-embed is-provider-crodex-net\"><div class=\"wp-block-embed__wrapper\">\n<blockquote class=\"wp-embedded-content\" data-secret=\"VuHQ8LkMuH\"><a href=\"https:\/\/crodex.net\/hoce-li-nestati-istina-o-domovinskom-ratuo-patnji-hrvatskog-naroda\/\">Ho\u0107e li nestati istina o Domovinskom ratu,o patnji hrvatskog naroda?<\/a><\/blockquote><iframe loading=\"lazy\" class=\"wp-embedded-content\" sandbox=\"allow-scripts\" security=\"restricted\" style=\"position: absolute; clip: rect(1px, 1px, 1px, 1px);\" title=\"&#8220;Ho\u0107e li nestati istina o Domovinskom ratu,o patnji hrvatskog naroda?&#8221; &#8212; CRODEX.NET\" src=\"https:\/\/crodex.net\/hoce-li-nestati-istina-o-domovinskom-ratuo-patnji-hrvatskog-naroda\/embed\/#?secret=CGy2isDbl8#?secret=VuHQ8LkMuH\" data-secret=\"VuHQ8LkMuH\" width=\"600\" height=\"338\" frameborder=\"0\" marginwidth=\"0\" marginheight=\"0\" scrolling=\"no\"><\/iframe>\n<\/div><\/figure>\n\n\n\n<p><a href=\"https:\/\/www.veteran.hr\/index.php\/8-naslovnica\/63-hoce-li-nestati-istina-o-domovinskom-ratu-o-patnji-hrvatskog-naroda\">https:\/\/www.veteran.hr\/index.php\/8-naslovnica\/63-hoce-li-nestati-istina-o-domovinskom-ratu-o-patnji-hrvatskog-naroda<\/a><\/p>\n\n\n\n<p><a href=\"https:\/\/crnemambe.hr\/crne-mambe\/stalne-rubrike\/press\/video-novinar\/11784-hoce-li-nestati-istina-o-domovinskom-ratu-o-patnji-hrvatskog-naroda-domoljubni-portal-cm-press\">https:\/\/crnemambe.hr\/crne-mambe\/stalne-rubrike\/press\/video-novinar\/11784-hoce-li-nestati-istina-o-domovinskom-ratu-o-patnji-hrvatskog-naroda-domoljubni-portal-cm-press<\/a><\/p>\n\n\n\n<hr class=\"wp-block-separator\"\/>\n","protected":false},"excerpt":{"rendered":"","protected":false},"author":2,"featured_media":38747,"comment_status":"open","ping_status":"open","sticky":false,"template":"","format":"standard","meta":{"_acf_changed":false,"jetpack_post_was_ever_published":false,"_jetpack_newsletter_access":"","_jetpack_dont_email_post_to_subs":false,"_jetpack_newsletter_tier_id":0,"_jetpack_memberships_contains_paywalled_content":false,"_jetpack_memberships_contains_paid_content":false,"footnotes":"","jetpack_publicize_message":"","jetpack_publicize_feature_enabled":true,"jetpack_social_post_already_shared":true,"jetpack_social_options":{"image_generator_settings":{"template":"highway","default_image_id":0,"font":"","enabled":false},"version":2}},"categories":[3,17],"tags":[],"class_list":["post-38903","post","type-post","status-publish","format-standard","has-post-thumbnail","hentry","category-novosti","category-rasprave"],"acf":{"facebook_opis":""},"jetpack_publicize_connections":[],"jetpack_featured_media_url":"https:\/\/i0.wp.com\/historiografija.hr\/wp-content\/uploads\/2023\/12\/Zasto-je-povijest-vazna-1.jpg?fit=652%2C486&ssl=1","jetpack_sharing_enabled":true,"jetpack-related-posts":[],"_links":{"self":[{"href":"https:\/\/historiografija.hr\/index.php?rest_route=\/wp\/v2\/posts\/38903","targetHints":{"allow":["GET"]}}],"collection":[{"href":"https:\/\/historiografija.hr\/index.php?rest_route=\/wp\/v2\/posts"}],"about":[{"href":"https:\/\/historiografija.hr\/index.php?rest_route=\/wp\/v2\/types\/post"}],"author":[{"embeddable":true,"href":"https:\/\/historiografija.hr\/index.php?rest_route=\/wp\/v2\/users\/2"}],"replies":[{"embeddable":true,"href":"https:\/\/historiografija.hr\/index.php?rest_route=%2Fwp%2Fv2%2Fcomments&post=38903"}],"version-history":[{"count":5,"href":"https:\/\/historiografija.hr\/index.php?rest_route=\/wp\/v2\/posts\/38903\/revisions"}],"predecessor-version":[{"id":39058,"href":"https:\/\/historiografija.hr\/index.php?rest_route=\/wp\/v2\/posts\/38903\/revisions\/39058"}],"wp:featuredmedia":[{"embeddable":true,"href":"https:\/\/historiografija.hr\/index.php?rest_route=\/wp\/v2\/media\/38747"}],"wp:attachment":[{"href":"https:\/\/historiografija.hr\/index.php?rest_route=%2Fwp%2Fv2%2Fmedia&parent=38903"}],"wp:term":[{"taxonomy":"category","embeddable":true,"href":"https:\/\/historiografija.hr\/index.php?rest_route=%2Fwp%2Fv2%2Fcategories&post=38903"},{"taxonomy":"post_tag","embeddable":true,"href":"https:\/\/historiografija.hr\/index.php?rest_route=%2Fwp%2Fv2%2Ftags&post=38903"}],"curies":[{"name":"wp","href":"https:\/\/api.w.org\/{rel}","templated":true}]}}