{"id":38870,"date":"2024-01-04T10:06:15","date_gmt":"2024-01-04T10:06:15","guid":{"rendered":"http:\/\/historiografija.hr\/?p=38870"},"modified":"2024-01-04T10:06:15","modified_gmt":"2024-01-04T10:06:15","slug":"predstavljen-novi-broj-podravskog-zbornika-br-49-2023","status":"publish","type":"post","link":"https:\/\/historiografija.hr\/?p=38870","title":{"rendered":"Predstavljen novi broj \u201ePodravskog zbornika\u201c (br. 49\/2023)"},"content":{"rendered":"\n<p>U Muzeju grada Koprivnice predstavljen je 2023. godine najnoviji broj \u201ePodravskog zbornika\u201c (br. 49\/2023), koji je posve\u0107en nedavno preminulom akademiku Dragutinu Feletaru, kao i 20. obljetnici smrti Bo\u017eene Loborec.<\/p>\n\n\n\n<hr class=\"wp-block-separator\"\/>\n\n\n\n<p>Izvori:<\/p>\n\n\n\n<figure class=\"wp-block-embed-wordpress wp-block-embed is-type-wp-embed is-provider-glas-podravine\"><div class=\"wp-block-embed__wrapper\">\n<blockquote class=\"wp-embedded-content\" data-secret=\"9woFD755qi\"><a href=\"https:\/\/glaspodravine.hr\/predstavljen-novi-podravski-zbornik-posvecen-dragutinu-feletaru\/\">Predstavljen novi Podravski zbornik posve\u0107en Dragutinu Feletaru<\/a><\/blockquote><iframe loading=\"lazy\" class=\"wp-embedded-content\" sandbox=\"allow-scripts\" security=\"restricted\" style=\"position: absolute; clip: rect(1px, 1px, 1px, 1px);\" title=\"&#8220;Predstavljen novi Podravski zbornik posve\u0107en Dragutinu Feletaru&#8221; &#8212; Glas Podravine\" src=\"https:\/\/glaspodravine.hr\/predstavljen-novi-podravski-zbornik-posvecen-dragutinu-feletaru\/embed\/#?secret=PIqkk7e7sf#?secret=9woFD755qi\" data-secret=\"9woFD755qi\" width=\"600\" height=\"338\" frameborder=\"0\" marginwidth=\"0\" marginheight=\"0\" scrolling=\"no\"><\/iframe>\n<\/div><\/figure>\n\n\n\n<figure class=\"wp-block-embed-wordpress wp-block-embed is-type-wp-embed is-provider-glas-podravine\"><div class=\"wp-block-embed__wrapper\">\n<blockquote class=\"wp-embedded-content\" data-secret=\"PukWXenPre\"><a href=\"https:\/\/glaspodravine.hr\/muzej-predstavlja-podravski-zbornik-i-publikaciju-romi-u-podravini-i-njihovo-stradanje-u-drugom-svjetskom-ratu\/\">Muzej predstavlja Podravski zbornik i publikaciju Romi u Podravini i njihovo stradanje u drugom svjetskom ratu<\/a><\/blockquote><iframe loading=\"lazy\" class=\"wp-embedded-content\" sandbox=\"allow-scripts\" security=\"restricted\" style=\"position: absolute; clip: rect(1px, 1px, 1px, 1px);\" title=\"&#8220;Muzej predstavlja Podravski zbornik i publikaciju Romi u Podravini i njihovo stradanje u drugom svjetskom ratu&#8221; &#8212; Glas Podravine\" src=\"https:\/\/glaspodravine.hr\/muzej-predstavlja-podravski-zbornik-i-publikaciju-romi-u-podravini-i-njihovo-stradanje-u-drugom-svjetskom-ratu\/embed\/#?secret=AKqMnwSkpY#?secret=PukWXenPre\" data-secret=\"PukWXenPre\" width=\"600\" height=\"338\" frameborder=\"0\" marginwidth=\"0\" marginheight=\"0\" scrolling=\"no\"><\/iframe>\n<\/div><\/figure>\n\n\n\n<hr class=\"wp-block-separator\"\/>\n\n\n\n<p><strong>O \u010dlanku Milivoja Dretara i Marijana Tkal\u010di\u0107a \u201ePosljednji vlastelini Slanja\u201c<\/strong><\/p>\n\n\n\n<p>Novi broj Podravskog zbornika, dugotrajne edicije Muzeja grada Koprivnice, donosi pregr\u0161t \u010dlanaka i priloga iz arheologije, povijesti, svakodnevice \u017eivota, knji\u017eevnosti i ostalih popularnih tema. Jednu novu temu na\u010deo je autorski tim koji \u010dine povjesni\u010dar Milivoj Dretar i istra\u017eiva\u010d Marijan Tkal\u010di\u0107. U fokusu im je bio posjed Slanje u istoimenom selu na krajnjem jugozapadu Podravine, danas u op\u0107ini Martijanec. Sve do po\u010detka 20. stolje\u0107a Slanje je egzistiralo kao samostalni posjed, uzoran u proizvodnji poljoprivrednih proizvoda, a pred samu likvidaciju i kao industrijski centar ovog dijela Podravine. Nakon velika\u0161kih obitelji Ernu\u0161t, Beroldingen i Daubachy de Dolje, 1895. godine Slanje dolazi u ruke poduzetnog grofa Carla Alexandra Lamberta koji tu podi\u017ee ogromnu tvornicu savijenog poku\u0107stva, celuloze, \u0161krobi. Kao sirovina za proizvodnju koristila se drvna masa iz vlastelinskih \u0161uma koje su prekrivale cijelu ju\u017enu polovicu posjeda. Koriste\u0107i povijesne izvore poput sa\u010duvane obiteljske korespondencije, mati\u010dnih knjiga rkt. \u017eupe sv. Martina, novinskih \u010dlanaka, autorski dvojac uspio je u ve\u0107oj mjeri rekonstruirati zadnje razdoblje vlastelinstva prije likvidacije posjeda i ru\u0161enja dvorca u sredi\u0161tu sela. Obitelji posjednika s vremenom su izumrle, grof Lambert nestao, a s njim je nestao i veliki tvorni\u010dki kompleks. Tematika propasti vlastelinstava u sjevernoj Hrvatskoj sadr\u017eana je u mnogim radovima povjesni\u010dara, a posebno su zanimljive zavi\u010dajne pri\u010de koje zaokru\u017euju sje\u0107anja na nekada\u0161nje obitelji koje su svojedobno dominirale gospodarskim i politi\u010dkim \u017eivotom.<\/p>\n\n\n\n<hr class=\"wp-block-separator\"\/>\n","protected":false},"excerpt":{"rendered":"","protected":false},"author":2,"featured_media":38871,"comment_status":"open","ping_status":"open","sticky":false,"template":"","format":"standard","meta":{"_acf_changed":false,"jetpack_post_was_ever_published":false,"_jetpack_newsletter_access":"","_jetpack_dont_email_post_to_subs":false,"_jetpack_newsletter_tier_id":0,"_jetpack_memberships_contains_paywalled_content":false,"_jetpack_memberships_contains_paid_content":false,"footnotes":"","jetpack_publicize_message":"","jetpack_publicize_feature_enabled":true,"jetpack_social_post_already_shared":true,"jetpack_social_options":{"image_generator_settings":{"template":"highway","default_image_id":0,"font":"","enabled":false},"version":2}},"categories":[21,3],"tags":[],"class_list":["post-38870","post","type-post","status-publish","format-standard","has-post-thumbnail","hentry","category-casopisi","category-novosti"],"acf":{"facebook_opis":""},"jetpack_publicize_connections":[],"jetpack_featured_media_url":"https:\/\/i0.wp.com\/historiografija.hr\/wp-content\/uploads\/2024\/01\/Podravski_zbornik.jpg?fit=473%2C631&ssl=1","jetpack_sharing_enabled":true,"jetpack-related-posts":[],"_links":{"self":[{"href":"https:\/\/historiografija.hr\/index.php?rest_route=\/wp\/v2\/posts\/38870","targetHints":{"allow":["GET"]}}],"collection":[{"href":"https:\/\/historiografija.hr\/index.php?rest_route=\/wp\/v2\/posts"}],"about":[{"href":"https:\/\/historiografija.hr\/index.php?rest_route=\/wp\/v2\/types\/post"}],"author":[{"embeddable":true,"href":"https:\/\/historiografija.hr\/index.php?rest_route=\/wp\/v2\/users\/2"}],"replies":[{"embeddable":true,"href":"https:\/\/historiografija.hr\/index.php?rest_route=%2Fwp%2Fv2%2Fcomments&post=38870"}],"version-history":[{"count":1,"href":"https:\/\/historiografija.hr\/index.php?rest_route=\/wp\/v2\/posts\/38870\/revisions"}],"predecessor-version":[{"id":38872,"href":"https:\/\/historiografija.hr\/index.php?rest_route=\/wp\/v2\/posts\/38870\/revisions\/38872"}],"wp:featuredmedia":[{"embeddable":true,"href":"https:\/\/historiografija.hr\/index.php?rest_route=\/wp\/v2\/media\/38871"}],"wp:attachment":[{"href":"https:\/\/historiografija.hr\/index.php?rest_route=%2Fwp%2Fv2%2Fmedia&parent=38870"}],"wp:term":[{"taxonomy":"category","embeddable":true,"href":"https:\/\/historiografija.hr\/index.php?rest_route=%2Fwp%2Fv2%2Fcategories&post=38870"},{"taxonomy":"post_tag","embeddable":true,"href":"https:\/\/historiografija.hr\/index.php?rest_route=%2Fwp%2Fv2%2Ftags&post=38870"}],"curies":[{"name":"wp","href":"https:\/\/api.w.org\/{rel}","templated":true}]}}