{"id":38853,"date":"2024-01-03T20:59:43","date_gmt":"2024-01-03T20:59:43","guid":{"rendered":"http:\/\/historiografija.hr\/?p=38853"},"modified":"2024-02-01T23:21:44","modified_gmt":"2024-02-01T23:21:44","slug":"iz-javne-rasprave-prilozi-portala-popodnevnik-hr-o-povucenom-udzbeniku-povijesti","status":"publish","type":"post","link":"https:\/\/historiografija.hr\/?p=38853","title":{"rendered":"Iz javne rasprave: Prilozi portala Popodnevnik.hr o povu\u010denom ud\u017ebeniku povijesti"},"content":{"rendered":"\n<p>Nakon portala Narod.hr, najvi\u0161e priloga o slu\u010daju povu\u010denog ud\u017ebenika povijesti &#8220;Za\u0161to je povijest va\u017ena?&#8221; objavio je portal Popodnevnik.hr, na donekle sli\u010dnom tragu. Popis \u0107emo nastaviti a\u017eurirati.<\/p>\n\n\n\n<hr class=\"wp-block-separator\"\/>\n\n\n\n<p><a href=\"https:\/\/www.popodnevnik.hr\/blog\/hajdarovic-dobio-odgovor-iz-ministarstva-i-dalje-smatra-da-mu-je-udzbenik-dobar-i-zabranjen\/280\">https:\/\/www.popodnevnik.hr\/blog\/hajdarovic-dobio-odgovor-iz-ministarstva-i-dalje-smatra-da-mu-je-udzbenik-dobar-i-zabranjen\/280<\/a><\/p>\n\n\n\n<p><a href=\"https:\/\/www.popodnevnik.hr\/blog\/viktor-gotovac-stovatelj-komunistickog-diktatora-pisao-o-udzbeniku-kojeg-nije-niti-pogledao\/275\">https:\/\/www.popodnevnik.hr\/blog\/viktor-gotovac-stovatelj-komunistickog-diktatora-pisao-o-udzbeniku-kojeg-nije-niti-pogledao\/275<\/a><\/p>\n\n\n\n<p><a href=\"https:\/\/www.popodnevnik.hr\/blog\/hajdarovic-za-novosti-dijagnosticirao-ustasizaciju-drustva-i-prozvao-kriticare-za-povijesni-revizionizam\/274\">https:\/\/www.popodnevnik.hr\/blog\/hajdarovic-za-novosti-dijagnosticirao-ustasizaciju-drustva-i-prozvao-kriticare-za-povijesni-revizionizam\/274<\/a><\/p>\n\n\n\n<p><a href=\"https:\/\/www.popodnevnik.hr\/blog\/sabina-glasovac-iz-partije-ukljucila-se-u-raspravu-o-povucenom-hajdarovicevom-udzbeniku\/255\">https:\/\/www.popodnevnik.hr\/blog\/sabina-glasovac-iz-partije-ukljucila-se-u-raspravu-o-povucenom-hajdarovicevom-udzbeniku\/255<\/a><\/p>\n\n\n\n<p><a href=\"https:\/\/www.popodnevnik.hr\/blog\/u-povijesnim-kontroverzama-sucelili-se-ante-nazor-i-branimir-jankovic\/243\">https:\/\/www.popodnevnik.hr\/blog\/u-povijesnim-kontroverzama-sucelili-se-ante-nazor-i-branimir-jankovic\/243<\/a><\/p>\n\n\n\n<p><a href=\"https:\/\/www.popodnevnik.hr\/blog\/hajdarovic-ristic-i-torbica-uputili-pismo-ministru-fuchsu-trazeci-pojasnjenje-zasto-im-je-udzbenik-povucen\/242\">https:\/\/www.popodnevnik.hr\/blog\/hajdarovic-ristic-i-torbica-uputili-pismo-ministru-fuchsu-trazeci-pojasnjenje-zasto-im-je-udzbenik-povucen\/242<\/a><\/p>\n\n\n\n<p><a href=\"https:\/\/www.popodnevnik.hr\/blog\/povjesnicar-nikica-baric-o-klasicevoj-knjizi-o-miki-Spiljku-nedoreceno-povrsno-i-nestrucno\/237\">https:\/\/www.popodnevnik.hr\/blog\/povjesnicar-nikica-baric-o-klasicevoj-knjizi-o-miki-Spiljku-nedoreceno-povrsno-i-nestrucno\/237<\/a><\/p>\n\n\n\n<p><a href=\"https:\/\/www.popodnevnik.hr\/blog\/u-hajdarovicevom-udzbeniku-povijesti-partizani-su-bili-osloboditelji-i-stvaratelji-hrvatske-drzave\/236\">https:\/\/www.popodnevnik.hr\/blog\/u-hajdarovicevom-udzbeniku-povijesti-partizani-su-bili-osloboditelji-i-stvaratelji-hrvatske-drzave\/236<\/a><\/p>\n\n\n\n<p><a href=\"https:\/\/www.popodnevnik.hr\/blog\/davor-marijan-pojam-revizionizam-bio-je-u-sferi-marksizma-u-hrvatsku-ga-je-uveo-slavko-goldstein\/234\">https:\/\/www.popodnevnik.hr\/blog\/davor-marijan-pojam-revizionizam-bio-je-u-sferi-marksizma-u-hrvatsku-ga-je-uveo-slavko-goldstein\/234<\/a><\/p>\n\n\n\n<p><a href=\"https:\/\/www.popodnevnik.hr\/blog\/tvrtko-jakovina-uzvraca-udarac-ristic-je-bio-moj-student-a-torbica-je-na-doktorskom-studiju\/233\">https:\/\/www.popodnevnik.hr\/blog\/tvrtko-jakovina-uzvraca-udarac-ristic-je-bio-moj-student-a-torbica-je-na-doktorskom-studiju\/233<\/a><\/p>\n\n\n\n<p><a href=\"https:\/\/www.popodnevnik.hr\/blog\/u-hajdarovicevom-udzbeniku-citiran-ivo-goldstein-koji-tumaci-kako-je-tito-bio-kompleksna-licnost\/229\">https:\/\/www.popodnevnik.hr\/blog\/u-hajdarovicevom-udzbeniku-citiran-ivo-goldstein-koji-tumaci-kako-je-tito-bio-kompleksna-licnost\/229<\/a><\/p>\n\n\n\n<p><a href=\"https:\/\/www.popodnevnik.hr\/blog\/parapoliticka-civilna-udruga-documenta-trazi-povratak-loseg-udzbenika-povijesti-u-skole\/227\">https:\/\/www.popodnevnik.hr\/blog\/parapoliticka-civilna-udruga-documenta-trazi-povratak-loseg-udzbenika-povijesti-u-skole\/227<\/a><\/p>\n\n\n\n<p><a href=\"https:\/\/www.popodnevnik.hr\/blog\/tko-sve-financira-documentu\/228\">https:\/\/www.popodnevnik.hr\/blog\/tko-sve-financira-documentu\/228<\/a><\/p>\n\n\n\n<p><a href=\"https:\/\/www.popodnevnik.hr\/blog\/vlado-vurusic-iz-jutarnjeg-lista-brani-hajdarovicev-povuceni-udzbenik-od-radikalnih-desnicara\/226\">https:\/\/www.popodnevnik.hr\/blog\/vlado-vurusic-iz-jutarnjeg-lista-brani-hajdarovicev-povuceni-udzbenik-od-radikalnih-desnicara\/226<\/a><\/p>\n\n\n\n<p><a href=\"https:\/\/www.popodnevnik.hr\/blog\/jedinstveno-ratiste-hrvatska-vojska-i-hrvatsko-vijece-obrane-u-bosni-i-hercegovini-1992-1995\/219\">https:\/\/www.popodnevnik.hr\/blog\/jedinstveno-ratiste-hrvatska-vojska-i-hrvatsko-vijece-obrane-u-bosni-i-hercegovini-1992-1995\/219<\/a><\/p>\n\n\n\n<p><a href=\"https:\/\/www.popodnevnik.hr\/blog\/branimir-jankovic-u-obrani-neobranjivog-udzbenika-miljenka-hajdarovica-zakljucak-6-dio\/214\">https:\/\/www.popodnevnik.hr\/blog\/branimir-jankovic-u-obrani-neobranjivog-udzbenika-miljenka-hajdarovica-zakljucak-6-dio\/214<\/a><\/p>\n\n\n\n<p><a href=\"https:\/\/www.popodnevnik.hr\/blog\/branimir-jankovic-u-obrani-neobranjivog-udzbenika-miljenka-hajdarovica-eugen-jakovcic-oluja-i-ubijena-djeca-5-dio\/210\">https:\/\/www.popodnevnik.hr\/blog\/branimir-jankovic-u-obrani-neobranjivog-udzbenika-miljenka-hajdarovica-eugen-jakovcic-oluja-i-ubijena-djeca-5-dio\/210<\/a><\/p>\n\n\n\n<p><a href=\"https:\/\/www.popodnevnik.hr\/blog\/branimir-jankovic-u-obrani-neobranjivog-udzbenika-miljenka-hajdarovica-stepinac-tudman-i-ndh-4-dio\/202\">https:\/\/www.popodnevnik.hr\/blog\/branimir-jankovic-u-obrani-neobranjivog-udzbenika-miljenka-hajdarovica-stepinac-tudman-i-ndh-4-dio\/202<\/a><\/p>\n\n\n\n<p><a href=\"https:\/\/www.popodnevnik.hr\/blog\/branimir-jankovic-u-obrani-neobranjivog-udzbenika-miljenka-hajdarovica-lgbt-i-domovinski-rat-3-dio\/199\">https:\/\/www.popodnevnik.hr\/blog\/branimir-jankovic-u-obrani-neobranjivog-udzbenika-miljenka-hajdarovica-lgbt-i-domovinski-rat-3-dio\/199<\/a><\/p>\n\n\n\n<p><a href=\"https:\/\/www.popodnevnik.hr\/blog\/branimir-jankovic-u-obrani-neobranjivog-udzbenika-miljenka-hajdarovica-milka-planinc-i-alojzije-stepinac-2-dio\/195\">https:\/\/www.popodnevnik.hr\/blog\/branimir-jankovic-u-obrani-neobranjivog-udzbenika-miljenka-hajdarovica-milka-planinc-i-alojzije-stepinac-2-dio\/195<\/a><\/p>\n\n\n\n<p><a href=\"https:\/\/www.popodnevnik.hr\/blog\/branimir-jankovic-u-obrani-neobranjivog-udzbenika-miljenka-hajdarovica-1-dio\/193\">https:\/\/www.popodnevnik.hr\/blog\/branimir-jankovic-u-obrani-neobranjivog-udzbenika-miljenka-hajdarovica-1-dio\/193<\/a><\/p>\n\n\n\n<p><a href=\"https:\/\/www.popodnevnik.hr\/blog\/jurica-pavicic-prozvao-povjesnicara-nazora-za-cenzuru-zbog-povlacenja-loseg-udzbenika-povijesti\/208\">https:\/\/www.popodnevnik.hr\/blog\/jurica-pavicic-prozvao-povjesnicara-nazora-za-cenzuru-zbog-povlacenja-loseg-udzbenika-povijesti\/208<\/a><\/p>\n\n\n\n<p><a href=\"https:\/\/www.popodnevnik.hr\/blog\/tko-je-eugen-jakovcic-glasnogovornik-srpskog-narodnog-vijeca-citiran-u-povucenom-udzbeniku-povijesti\/204\">https:\/\/www.popodnevnik.hr\/blog\/tko-je-eugen-jakovcic-glasnogovornik-srpskog-narodnog-vijeca-citiran-u-povucenom-udzbeniku-povijesti\/204<\/a><\/p>\n\n\n\n<p><a href=\"https:\/\/www.popodnevnik.hr\/blog\/Cudnih-li-diplomskih-radova-vidljivost-lgbtiq-tematike-u-hrvatskim-srednjoskolskim-udzbenicima\/201\">https:\/\/www.popodnevnik.hr\/blog\/Cudnih-li-diplomskih-radova-vidljivost-lgbtiq-tematike-u-hrvatskim-srednjoskolskim-udzbenicima\/201<\/a><\/p>\n\n\n\n<p><a href=\"https:\/\/www.popodnevnik.hr\/blog\/prajdizan-gordan-duhacek-i-miljenko-hajdarovic-o-lgbt-temama-u-udzbenicima\/198\">https:\/\/www.popodnevnik.hr\/blog\/prajdizan-gordan-duhacek-i-miljenko-hajdarovic-o-lgbt-temama-u-udzbenicima\/198<\/a><\/p>\n\n\n\n<p><a href=\"https:\/\/www.popodnevnik.hr\/blog\/tko-je-nikica-torbica-jedan-od-autora-hajdarovicevog-povucenog-udzbenika\/196\">https:\/\/www.popodnevnik.hr\/blog\/tko-je-nikica-torbica-jedan-od-autora-hajdarovicevog-povucenog-udzbenika\/196<\/a><\/p>\n\n\n\n<p><a href=\"https:\/\/www.popodnevnik.hr\/blog\/odvjetnik-luka-misetic-prozvao-hajdarovica-u-vezi-izvora-za-oluju-u-povucenom-udzbeniku\/194\">https:\/\/www.popodnevnik.hr\/blog\/odvjetnik-luka-misetic-prozvao-hajdarovica-u-vezi-izvora-za-oluju-u-povucenom-udzbeniku\/194<\/a><\/p>\n\n\n\n<p><a href=\"https:\/\/www.popodnevnik.hr\/blog\/mediji-pokrenuli-kampanju-za-hajdarovicev-udzbenik-nisu-sporne-greske-manipulacije-i-nestrucnost-autora-vec-Zeljka-markic\/186\">https:\/\/www.popodnevnik.hr\/blog\/mediji-pokrenuli-kampanju-za-hajdarovicev-udzbenik-nisu-sporne-greske-manipulacije-i-nestrucnost-autora-vec-Zeljka-markic\/186<\/a><\/p>\n\n\n\n<p><a href=\"https:\/\/www.popodnevnik.hr\/blog\/prof-hajdarovic-trazi-simpatije-za-svoj-povuceni-udzbenik-u-kojem-iskrivljuje-hrvatsku-povijest\/176\">https:\/\/www.popodnevnik.hr\/blog\/prof-hajdarovic-trazi-simpatije-za-svoj-povuceni-udzbenik-u-kojem-iskrivljuje-hrvatsku-povijest\/176<\/a><\/p>\n\n\n\n<hr class=\"wp-block-separator\"\/>\n\n\n\n<figure class=\"wp-block-embed-wordpress wp-block-embed is-type-wp-embed is-provider-historiografija-hr\"><div class=\"wp-block-embed__wrapper\">\n<blockquote class=\"wp-embedded-content\" data-secret=\"aU5HdlutIF\"><a href=\"https:\/\/historiografija.hr\/?p=38746\">Iz javne rasprave: Odgovor portala Popodnevnik.hr na tekst B. Jankovi\u0107a povodom povla\u010denja ud\u017ebenika povijesti<\/a><\/blockquote><iframe loading=\"lazy\" class=\"wp-embedded-content\" sandbox=\"allow-scripts\" security=\"restricted\" style=\"position: absolute; clip: rect(1px, 1px, 1px, 1px);\" title=\"&#8220;Iz javne rasprave: Odgovor portala Popodnevnik.hr na tekst B. Jankovi\u0107a povodom povla\u010denja ud\u017ebenika povijesti&#8221; &#8212; Historiografija.hr\" src=\"https:\/\/historiografija.hr\/?p=38746&#038;embed=true#?secret=aU5HdlutIF\" data-secret=\"aU5HdlutIF\" width=\"600\" height=\"338\" frameborder=\"0\" marginwidth=\"0\" marginheight=\"0\" scrolling=\"no\"><\/iframe>\n<\/div><\/figure>\n\n\n\n<hr class=\"wp-block-separator\"\/>\n","protected":false},"excerpt":{"rendered":"","protected":false},"author":2,"featured_media":38747,"comment_status":"open","ping_status":"open","sticky":false,"template":"","format":"standard","meta":{"_acf_changed":false,"jetpack_post_was_ever_published":false,"_jetpack_newsletter_access":"","_jetpack_dont_email_post_to_subs":false,"_jetpack_newsletter_tier_id":0,"_jetpack_memberships_contains_paywalled_content":false,"_jetpack_memberships_contains_paid_content":false,"footnotes":"","jetpack_publicize_message":"","jetpack_publicize_feature_enabled":true,"jetpack_social_post_already_shared":true,"jetpack_social_options":{"image_generator_settings":{"template":"highway","default_image_id":0,"font":"","enabled":false},"version":2}},"categories":[3,17],"tags":[],"class_list":["post-38853","post","type-post","status-publish","format-standard","has-post-thumbnail","hentry","category-novosti","category-rasprave"],"acf":{"facebook_opis":""},"jetpack_publicize_connections":[],"jetpack_featured_media_url":"https:\/\/i0.wp.com\/historiografija.hr\/wp-content\/uploads\/2023\/12\/Zasto-je-povijest-vazna-1.jpg?fit=652%2C486&ssl=1","jetpack_sharing_enabled":true,"jetpack-related-posts":[],"_links":{"self":[{"href":"https:\/\/historiografija.hr\/index.php?rest_route=\/wp\/v2\/posts\/38853","targetHints":{"allow":["GET"]}}],"collection":[{"href":"https:\/\/historiografija.hr\/index.php?rest_route=\/wp\/v2\/posts"}],"about":[{"href":"https:\/\/historiografija.hr\/index.php?rest_route=\/wp\/v2\/types\/post"}],"author":[{"embeddable":true,"href":"https:\/\/historiografija.hr\/index.php?rest_route=\/wp\/v2\/users\/2"}],"replies":[{"embeddable":true,"href":"https:\/\/historiografija.hr\/index.php?rest_route=%2Fwp%2Fv2%2Fcomments&post=38853"}],"version-history":[{"count":16,"href":"https:\/\/historiografija.hr\/index.php?rest_route=\/wp\/v2\/posts\/38853\/revisions"}],"predecessor-version":[{"id":39466,"href":"https:\/\/historiografija.hr\/index.php?rest_route=\/wp\/v2\/posts\/38853\/revisions\/39466"}],"wp:featuredmedia":[{"embeddable":true,"href":"https:\/\/historiografija.hr\/index.php?rest_route=\/wp\/v2\/media\/38747"}],"wp:attachment":[{"href":"https:\/\/historiografija.hr\/index.php?rest_route=%2Fwp%2Fv2%2Fmedia&parent=38853"}],"wp:term":[{"taxonomy":"category","embeddable":true,"href":"https:\/\/historiografija.hr\/index.php?rest_route=%2Fwp%2Fv2%2Fcategories&post=38853"},{"taxonomy":"post_tag","embeddable":true,"href":"https:\/\/historiografija.hr\/index.php?rest_route=%2Fwp%2Fv2%2Ftags&post=38853"}],"curies":[{"name":"wp","href":"https:\/\/api.w.org\/{rel}","templated":true}]}}