{"id":38833,"date":"2024-01-02T17:14:12","date_gmt":"2024-01-02T17:14:12","guid":{"rendered":"http:\/\/historiografija.hr\/?p=38833"},"modified":"2024-01-02T17:17:02","modified_gmt":"2024-01-02T17:17:02","slug":"darko-suvin-samo-jednom-se-ljubi-radiografija-sfr-jugoslavije","status":"publish","type":"post","link":"https:\/\/historiografija.hr\/?p=38833","title":{"rendered":"Darko Suvin, \u201eSamo jednom se ljubi: Radiografija SFR Jugoslavije\u201c"},"content":{"rendered":"\n<p><strong>Samo jednom se ljubi: Radiografija SFR Jugoslavije 1945.-72., uz hipoteze o po\u010detku, kraju i su\u0161tini <\/strong><\/p>\n\n\n\n<p>Dopunjeno \u010detvrto izdanje<\/p>\n\n\n\n<p>Izdava\u010d: Rosa Luxemburg Stiftung, Regionalna kancelarija za jugoisto\u010dnu Evropu, Beograd 2022.<\/p>\n\n\n\n<hr class=\"wp-block-separator\"\/>\n\n\n\n<ul class=\"wp-block-list\"><li><strong>Iz predgovora Fredrica Jamesona \u010detvrtom izdanju<\/strong><\/li><\/ul>\n\n\n\n<p>\u2026<em>izgradnja socijalizma<\/em>.<br>Upravo je to fundamentalni subjekt ove Suvinove studije. O tom se pitanju raspravlja natenane, s obiljem i podataka i kriti\u010dkih komentara, kao strate\u0161ki povezanom s \u201eplebejskim\u201c prolomom ni\u017eih klasa \u0161to je urodilo dr\u017eavnom vla\u0161\u0107u i aparatom koji su istovremeno i oslobodila\u010dki i diktatorski, a me\u0111u kojima su odnosi prevagnuli u korist diktatorskoga nakon 1960-ih. U Suvinovom prikazu, najindikativniji doga\u0111aj za taj pomak se dogodio kada je borba unutar Partije (Saveza komunista Jugoslavije) za posljedicu imala svra\u0107anje te\u017enji za punom plebejskom ili radni\u010dkom demokracijom na sudbonosni put \u201edecentralizacije\u201c. No knjiga se prema tim razvojima ne odnosi kao prema naprosto unutarpartijskim poslovima. Ona predstavlja vi\u0161estran prikaz jugoslavenskog socijalizma kao \u017eive mada kompromitirane mogu\u0107nosti; a to bi bila tema bez zna\u010daja za bilo kojeg bur\u017eoaskog u\u010denjaka koji nije predan socijalizmu niti bilo kojem drugom vjerovanju u mogu\u0107nost tako radikalno novoga dru\u0161tvenog poretka.<\/p>\n\n\n\n<ul class=\"wp-block-list\"><li><strong>Boris Buden<\/strong><\/li><\/ul>\n\n\n\n<p>Ovom knjigom dobra stara modernisti\u010dka krtica jo\u0161 jednom se probila \u2013 kroz guste naslage termidorskih falsifikacija i nostalgi\u010darskog ki\u010da u mrak jugoslavenske pro\u0161losti. Ne zato da osvijetli istinu onoga \u0161to je bilo, nego da o\u017eivi ono \u0161to je moglo biti i \u0161to treba da bude. Sje\u0107anje je iskorak u budu\u0107nost, prospektivni \u010din. Gesta vjernog brehtijanca: Naprijed, sje\u0107aju\u0107i se!<\/p>\n\n\n\n<ul class=\"wp-block-list\"><li><strong>Fredric Jameson<\/strong><\/li><\/ul>\n\n\n\n<p>Jugoslavija ostaje dragocjeno iskustvo Ljevice, i ne samo zbog svog dobro poznatog eksperimenta sa samoupravljanjem. Suvinove meditacije njenih uspjeha i dilema bit \u0107e dragocjena resursa u ponovnom promi\u0161ljanju ovog jedinstvenog socijalizma za budu\u0107nost.<\/p>\n\n\n\n<ul class=\"wp-block-list\"><li><strong>Krunoslav Stojakovi\u0107<\/strong><\/li><\/ul>\n\n\n\n<p>Samoupravljanje \u2013 sve je ostalo varka.<\/p>\n\n\n\n<ul class=\"wp-block-list\"><li><strong>Slobodan \u0160najder<\/strong><\/li><\/ul>\n\n\n\n<p>Ova izuzetna knjiga vidi osnovne uzroke rasapa na\u0161e biv\u0161e zajedni\u010dke domovine u otklonu od temeljnih ideja europske ljevice sa strane njene politi\u010dke klase, u svrhu perpetuiranja svoje vlasti. Nakon les vingts glorieuses njene povijesti (1945-65), Partija se unaprijedila u oligarhiju i odrekla saveza s plebejskim klasama koji ju je doveo na vlast. Velika ideja samoupravljanja neutralizirana je. Izlazi da je to bila jedna pobjeda koja je pobijedila pobjednike. Nitko dosad nije to rekao tako jasno i tako britko kao upravo Darko Suvin, i upravo Radiografijom: pretragom vlastitih teorijskih i prakti\u010dki \u017eivljenih uspomena. Otud i tako gorko. Ali, ali\u2026 To \u0161to ne\u010dega nema nije nikakav argument protiv toga \u010dega nema. Na mnogim stranicama Suvinove knjige jo\u0161 je sa\u010duvana nada, Blochova konkretna utopija: \u201cSamo zbog onih bez nade, nada nam je dana\u201d (Benjamin).<\/p>\n\n\n\n<hr class=\"wp-block-separator\"\/>\n\n\n\n<p>Dopunjeno \u010detvrto izdanje u \u010dast 2. zasjedanju Antifa\u0161isti\u010dkog vije\u0107a narodnog oslobo\u0111enja Jugoslavije, Jajce, 29. novembar 1943.<\/p>\n\n\n\n<hr class=\"wp-block-separator\"\/>\n\n\n\n<p><strong>Darko Suvin<\/strong><\/p>\n\n\n\n<p>Profesor emeritus Univerziteta McGill (Kanada), rodjen u Zagrebu, studirao je u Zagrebu, Bristolu, na Sorbonnei i Yaleu, predavao je i na univerzitetima Zagreb i Massachusetts te gostovao na brojnim drugima po tri kontinenta. Bio je glavni urednik 2 nau\u010dna \u010dasopisa, objavio 21 knjigu, od kojih neke prevedene na 6 jezika, i oko 600 \u010dlanaka o komparativnoj<br>knji\u017eevnosti i dramaturgiji, teoriji kulture, utopizmu i nau\u010dnoj fantastici, te o politi\u010dkoj epistemologiji; kao i 3 knjige stihova. \u010clan je Kanadske akademije nauka i umjetnosti (RSC). Posljednje objavljene knjige: Gdje smo? Kuda idemo? Zagreb 2006 (pro\u0161ireno Ljubljana 2010); Nau\u010dna fantastika, spoznaja, sloboda, Beograd 2009; Defined by a Hollow, Oxford 2010; Darko Suvin: A Life in Letters, Vashon Island WA 2011; In Leviathan\u2019s Belly, Baltimore 2012.<\/p>\n\n\n\n<hr class=\"wp-block-separator\"\/>\n\n\n\n<p>Izvor i <strong>pdf<\/strong>:<\/p>\n\n\n\n<figure class=\"wp-block-embed-wordpress wp-block-embed is-type-wp-embed is-provider-rosa-lux\"><div class=\"wp-block-embed__wrapper\">\n<blockquote class=\"wp-embedded-content\" data-secret=\"2bp1rYWbvh\"><a href=\"https:\/\/rosalux.rs\/rosa-publications\/samo-jednom-se-ljubi-radiografija-sfr-jugoslavije\/\">Samo jednom se ljubi: Radiografija SFR Jugoslavije<\/a><\/blockquote><iframe loading=\"lazy\" class=\"wp-embedded-content\" sandbox=\"allow-scripts\" security=\"restricted\" style=\"position: absolute; clip: rect(1px, 1px, 1px, 1px);\" title=\"&#8220;Samo jednom se ljubi: Radiografija SFR Jugoslavije&#8221; &#8212; Rosa Lux\" src=\"https:\/\/rosalux.rs\/rosa-publications\/samo-jednom-se-ljubi-radiografija-sfr-jugoslavije\/embed\/#?secret=NEmAWIPSqd#?secret=2bp1rYWbvh\" data-secret=\"2bp1rYWbvh\" width=\"600\" height=\"338\" frameborder=\"0\" marginwidth=\"0\" marginheight=\"0\" scrolling=\"no\"><\/iframe>\n<\/div><\/figure>\n\n\n\n<hr class=\"wp-block-separator\"\/>\n","protected":false},"excerpt":{"rendered":"","protected":false},"author":2,"featured_media":38834,"comment_status":"open","ping_status":"open","sticky":false,"template":"","format":"standard","meta":{"_acf_changed":false,"jetpack_post_was_ever_published":false,"_jetpack_newsletter_access":"","_jetpack_dont_email_post_to_subs":false,"_jetpack_newsletter_tier_id":0,"_jetpack_memberships_contains_paywalled_content":false,"_jetpack_memberships_contains_paid_content":false,"footnotes":"","jetpack_publicize_message":"","jetpack_publicize_feature_enabled":true,"jetpack_social_post_already_shared":true,"jetpack_social_options":{"image_generator_settings":{"template":"highway","default_image_id":0,"font":"","enabled":false},"version":2}},"categories":[19,8,3],"tags":[],"class_list":["post-38833","post","type-post","status-publish","format-standard","has-post-thumbnail","hentry","category-e-knjige","category-knjige","category-novosti"],"acf":{"facebook_opis":""},"jetpack_publicize_connections":[],"jetpack_featured_media_url":"https:\/\/i0.wp.com\/historiografija.hr\/wp-content\/uploads\/2024\/01\/Radiografija.jpg?fit=1260%2C1890&ssl=1","jetpack_sharing_enabled":true,"jetpack-related-posts":[],"_links":{"self":[{"href":"https:\/\/historiografija.hr\/index.php?rest_route=\/wp\/v2\/posts\/38833","targetHints":{"allow":["GET"]}}],"collection":[{"href":"https:\/\/historiografija.hr\/index.php?rest_route=\/wp\/v2\/posts"}],"about":[{"href":"https:\/\/historiografija.hr\/index.php?rest_route=\/wp\/v2\/types\/post"}],"author":[{"embeddable":true,"href":"https:\/\/historiografija.hr\/index.php?rest_route=\/wp\/v2\/users\/2"}],"replies":[{"embeddable":true,"href":"https:\/\/historiografija.hr\/index.php?rest_route=%2Fwp%2Fv2%2Fcomments&post=38833"}],"version-history":[{"count":4,"href":"https:\/\/historiografija.hr\/index.php?rest_route=\/wp\/v2\/posts\/38833\/revisions"}],"predecessor-version":[{"id":38838,"href":"https:\/\/historiografija.hr\/index.php?rest_route=\/wp\/v2\/posts\/38833\/revisions\/38838"}],"wp:featuredmedia":[{"embeddable":true,"href":"https:\/\/historiografija.hr\/index.php?rest_route=\/wp\/v2\/media\/38834"}],"wp:attachment":[{"href":"https:\/\/historiografija.hr\/index.php?rest_route=%2Fwp%2Fv2%2Fmedia&parent=38833"}],"wp:term":[{"taxonomy":"category","embeddable":true,"href":"https:\/\/historiografija.hr\/index.php?rest_route=%2Fwp%2Fv2%2Fcategories&post=38833"},{"taxonomy":"post_tag","embeddable":true,"href":"https:\/\/historiografija.hr\/index.php?rest_route=%2Fwp%2Fv2%2Ftags&post=38833"}],"curies":[{"name":"wp","href":"https:\/\/api.w.org\/{rel}","templated":true}]}}