{"id":38827,"date":"2024-01-02T16:30:35","date_gmt":"2024-01-02T16:30:35","guid":{"rendered":"http:\/\/historiografija.hr\/?p=38827"},"modified":"2024-01-02T16:30:35","modified_gmt":"2024-01-02T16:30:35","slug":"tonci-trstenjak-aleksandar-komulovic-split-1548-dubrovnik-1608","status":"publish","type":"post","link":"https:\/\/historiografija.hr\/?p=38827","title":{"rendered":"Ton\u010di Trstenjak, \u201eAleksandar Komulovi\u0107 (Split 1548. \u2013 Dubrovnik 1608.)\u201c"},"content":{"rendered":"\n<p>Knjiga donosi cjelovitu biografiju glasovitog Spli\u0107anina, isusovca Aleksandra Komulovi\u0107a (1548-1608), klju\u010dnog Hrvata u papinskoj diplomaciji za vrijeme Dugog rata. Prema dostupnim dokumentima obra\u0111en je njegov boravak u Rimu, potom misija apostolskog vizitatora po balkanskim zemljama Osmanskog Carstva, diplomatska misija izaslanika pape Klementa VIII. u sklapanju protuturske lige kr\u0161\u0107anskih knezova na sjeveroistoku Europe i Rusije te djelovanje u funkciji apostolskog vizitatora u vilinskoj biskupiji (Litva). Tu je opis i njegova isusova\u010dkog razdoblja od 1599., od suradnje s Bartolom Ka\u0161i\u0107em na Ilirskoj akademiji pa do boravka i pastoralnog djelovanja u Dubrovniku. No, ne sagledava se samo njegova osobna sudbina i djelovanje, ve\u0107 se duboko i slojevito tematizira misijska politika postridentskog papinstva, usmjerena prema ekumenskom dijalogu sa pravoslavljem. \u010cinjenica je kako u toj globalnoj politici postridentskog papinstva hrvatski povijesni prostor ima veoma va\u017enu ulogu, predstavljaju\u0107i svojevrstan most u ostvarivanju te ekumenske inicijative. S jedne strane staroslavenska liturgija i glagolja\u0161ka tradicija, kao i tradicija pisane knji\u017eevne rije\u010di na na\u0161em prostoru poslu\u017eit \u0107e Rimu u stvaranju jezi\u010dnog idioma, dok primjerice postojanje razgranate mre\u017ee dubrova\u010dkih balkanskih trgova\u010dkih kolonija, kao i sve mogu\u0107nosti koje su proizlazile iz vazalnog statusa Dubrova\u010dke Republike, pru\u017eali su neophodnu logisti\u010dku potporu u ostvarenju te velike politike.<\/p>\n\n\n\n<p>Djelatnost novoosnovanog isusova\u010dkog reda dala je poseban impuls toj inicijativi. S tim u svezi i isusova\u010dke misije na hrvatskom povijesnom prostoru imale su presudnu va\u017enost, dok su istaknuti pojedinci, pripadnici isusova\u010dkog reda, davali poseban pe\u010dat. Aleksandar Komulovi\u0107 bio je jedan od najzna\u010dajnijih, dok njegove misije u Moskvu i sjevernoisto\u010dnim predjelima Europe svjedo\u010de o \u017earu i istinskom vjerovanju u uspjeh te misije.<\/p>\n\n\n\n<p>Knjiga je bogato opremljena ilustracijama te kazalima imena i geografskih pojmova.<\/p>\n\n\n\n<hr class=\"wp-block-separator\"\/>\n\n\n\n<p>Izvor:<\/p>\n\n\n\n<figure class=\"wp-block-embed-wordpress wp-block-embed is-type-wp-embed is-provider-knjizevni-krug-split\"><div class=\"wp-block-embed__wrapper\">\n<blockquote class=\"wp-embedded-content\" data-secret=\"vD3NXBK1l9\"><a href=\"https:\/\/www.knjizevni-krug.hr\/knjige\/aleksandar-komulovic-split-1548-dubrovnik-1608\/\">ALEKSANDAR KOMULOVI\u0106  Split 1548. &#8211; Dubrovnik 1608.<\/a><\/blockquote><iframe loading=\"lazy\" class=\"wp-embedded-content\" sandbox=\"allow-scripts\" security=\"restricted\" style=\"position: absolute; clip: rect(1px, 1px, 1px, 1px);\" title=\"&#8220;ALEKSANDAR KOMULOVI\u0106  Split 1548. &#8211; Dubrovnik 1608.&#8221; &#8212; Knji\u017eevni krug Split\" src=\"https:\/\/www.knjizevni-krug.hr\/knjige\/aleksandar-komulovic-split-1548-dubrovnik-1608\/embed\/#?secret=vD3NXBK1l9\" data-secret=\"vD3NXBK1l9\" width=\"600\" height=\"338\" frameborder=\"0\" marginwidth=\"0\" marginheight=\"0\" scrolling=\"no\"><\/iframe>\n<\/div><\/figure>\n\n\n\n<hr class=\"wp-block-separator\"\/>\n","protected":false},"excerpt":{"rendered":"","protected":false},"author":2,"featured_media":38828,"comment_status":"open","ping_status":"open","sticky":false,"template":"","format":"standard","meta":{"_acf_changed":false,"jetpack_post_was_ever_published":false,"_jetpack_newsletter_access":"","_jetpack_dont_email_post_to_subs":false,"_jetpack_newsletter_tier_id":0,"_jetpack_memberships_contains_paywalled_content":false,"_jetpack_memberships_contains_paid_content":false,"footnotes":"","jetpack_publicize_message":"","jetpack_publicize_feature_enabled":true,"jetpack_social_post_already_shared":true,"jetpack_social_options":{"image_generator_settings":{"template":"highway","default_image_id":0,"font":"","enabled":false},"version":2}},"categories":[8,3],"tags":[],"class_list":["post-38827","post","type-post","status-publish","format-standard","has-post-thumbnail","hentry","category-knjige","category-novosti"],"acf":{"facebook_opis":""},"jetpack_publicize_connections":[],"jetpack_featured_media_url":"https:\/\/i0.wp.com\/historiografija.hr\/wp-content\/uploads\/2024\/01\/Trstenjak-A.-KOMULOVIC.jpg?fit=300%2C419&ssl=1","jetpack_sharing_enabled":true,"jetpack-related-posts":[],"_links":{"self":[{"href":"https:\/\/historiografija.hr\/index.php?rest_route=\/wp\/v2\/posts\/38827","targetHints":{"allow":["GET"]}}],"collection":[{"href":"https:\/\/historiografija.hr\/index.php?rest_route=\/wp\/v2\/posts"}],"about":[{"href":"https:\/\/historiografija.hr\/index.php?rest_route=\/wp\/v2\/types\/post"}],"author":[{"embeddable":true,"href":"https:\/\/historiografija.hr\/index.php?rest_route=\/wp\/v2\/users\/2"}],"replies":[{"embeddable":true,"href":"https:\/\/historiografija.hr\/index.php?rest_route=%2Fwp%2Fv2%2Fcomments&post=38827"}],"version-history":[{"count":1,"href":"https:\/\/historiografija.hr\/index.php?rest_route=\/wp\/v2\/posts\/38827\/revisions"}],"predecessor-version":[{"id":38829,"href":"https:\/\/historiografija.hr\/index.php?rest_route=\/wp\/v2\/posts\/38827\/revisions\/38829"}],"wp:featuredmedia":[{"embeddable":true,"href":"https:\/\/historiografija.hr\/index.php?rest_route=\/wp\/v2\/media\/38828"}],"wp:attachment":[{"href":"https:\/\/historiografija.hr\/index.php?rest_route=%2Fwp%2Fv2%2Fmedia&parent=38827"}],"wp:term":[{"taxonomy":"category","embeddable":true,"href":"https:\/\/historiografija.hr\/index.php?rest_route=%2Fwp%2Fv2%2Fcategories&post=38827"},{"taxonomy":"post_tag","embeddable":true,"href":"https:\/\/historiografija.hr\/index.php?rest_route=%2Fwp%2Fv2%2Ftags&post=38827"}],"curies":[{"name":"wp","href":"https:\/\/api.w.org\/{rel}","templated":true}]}}