{"id":38792,"date":"2023-12-30T15:37:09","date_gmt":"2023-12-30T15:37:09","guid":{"rendered":"http:\/\/historiografija.hr\/?p=38792"},"modified":"2024-01-30T19:40:49","modified_gmt":"2024-01-30T19:40:49","slug":"iz-javne-rasprave-prilozi-portala-narod-hr-o-povucenom-udzbeniku-povijesti","status":"publish","type":"post","link":"https:\/\/historiografija.hr\/?p=38792","title":{"rendered":"Iz javne rasprave: Prilozi portala Narod.hr o povu\u010denom ud\u017ebeniku povijesti"},"content":{"rendered":"\n<p>Daleko najvi\u0161e priloga o \u010ditavom slu\u010daju povu\u010denog ud\u017ebenika povijesti &#8220;Za\u0161to je povijest va\u017ena?&#8221; objavio je \u2013 i nastavlja objavljivati \u2013 portal Narod.hr. Popis \u0107emo svakodnevno a\u017eurirati.<\/p>\n\n\n\n<hr class=\"wp-block-separator\"\/>\n\n\n\n<p><a href=\"https:\/\/narod.hr\/hrvatska\/zasto-mzo-prihvaca-pokusaj-hajdarovica-i-dr-u-manipulaciji-prikaza-povijesnih-dogadaja\">https:\/\/narod.hr\/hrvatska\/zasto-mzo-prihvaca-pokusaj-hajdarovica-i-dr-u-manipulaciji-prikaza-povijesnih-dogadaja<\/a><\/p>\n\n\n\n<figure class=\"wp-block-embed-wordpress wp-block-embed is-type-wp-embed is-provider-narod-hr\"><div class=\"wp-block-embed__wrapper\">\n<blockquote class=\"wp-embedded-content\" data-secret=\"VGRO6rccbk\"><a href=\"https:\/\/narod.hr\/hrvatska\/dr-sc-janja-sekula-o-faktografskoj-pogresci-o-domovinskom-ratu-u-udzbeniku-povijesti\">Dr. sc. Janja Sekula o faktografskoj pogre\u0161ci o Domovinskom ratu u ud\u017ebeniku povijesti<\/a><\/blockquote><iframe loading=\"lazy\" class=\"wp-embedded-content\" sandbox=\"allow-scripts\" security=\"restricted\" style=\"position: absolute; clip: rect(1px, 1px, 1px, 1px);\" title=\"&#8220;Dr. sc. Janja Sekula o faktografskoj pogre\u0161ci o Domovinskom ratu u ud\u017ebeniku povijesti&#8221; &#8212; narod.hr\" src=\"https:\/\/narod.hr\/hrvatska\/dr-sc-janja-sekula-o-faktografskoj-pogresci-o-domovinskom-ratu-u-udzbeniku-povijesti\/embed#?secret=b3hGLNXDCD#?secret=VGRO6rccbk\" data-secret=\"VGRO6rccbk\" width=\"600\" height=\"338\" frameborder=\"0\" marginwidth=\"0\" marginheight=\"0\" scrolling=\"no\"><\/iframe>\n<\/div><\/figure>\n\n\n\n<p><a href=\"https:\/\/narod.hr\/hrvatska\/prof-nazor-u-velikoj-analizi-za-narod-hr-pogledajte-sto-gimnazijalci-uce-o-stepincu-milki-planinc-a-tek-o-domovinskom-ratu\">https:\/\/narod.hr\/hrvatska\/prof-nazor-u-velikoj-analizi-za-narod-hr-pogledajte-sto-gimnazijalci-uce-o-stepincu-milki-planinc-a-tek-o-domovinskom-ratu<\/a><\/p>\n\n\n\n<p><a href=\"https:\/\/narod.hr\/hrvatska\/nakon-pisanja-portala-narod-hr-i-kritika-strucnjaka-ministarstvo-povuklo-sporni-udzbenik-povijesti\">https:\/\/narod.hr\/hrvatska\/nakon-pisanja-portala-narod-hr-i-kritika-strucnjaka-ministarstvo-povuklo-sporni-udzbenik-povijesti<\/a><\/p>\n\n\n\n<p><a href=\"https:\/\/narod.hr\/hrvatska\/povuceni-udzbenik-povijesti-kakvu-odgovornost-snose-recenzenti-profil-kletti-i-mzo-a\">https:\/\/narod.hr\/hrvatska\/povuceni-udzbenik-povijesti-kakvu-odgovornost-snose-recenzenti-profil-kletti-i-mzo-a<\/a><\/p>\n\n\n\n<p><a href=\"https:\/\/narod.hr\/hrvatska\/tko-je-autor-povucenog-udzbenika-povijesti-miljenko-hajdarovic\">https:\/\/narod.hr\/hrvatska\/tko-je-autor-povucenog-udzbenika-povijesti-miljenko-hajdarovic<\/a><\/p>\n\n\n\n<p><a href=\"https:\/\/narod.hr\/hrvatska\/u-izdanju-profila-klett-tko-su-uz-hajdarovica-autori-i-recenzenti-ostalih-udzbenika-povijesti\">https:\/\/narod.hr\/hrvatska\/u-izdanju-profila-klett-tko-su-uz-hajdarovica-autori-i-recenzenti-ostalih-udzbenika-povijesti<\/a><\/p>\n\n\n\n<p><a href=\"https:\/\/narod.hr\/hrvatska\/sutnja-profila-klett-o-njihovim-recenzentima-povucenog-udzbenika-evo-kako-se-pravdaju\">https:\/\/narod.hr\/hrvatska\/sutnja-profila-klett-o-njihovim-recenzentima-povucenog-udzbenika-evo-kako-se-pravdaju<\/a><\/p>\n\n\n\n<p><a href=\"https:\/\/narod.hr\/hrvatska\/najvise-ste-citali-o-povucenom-udzbeniku-iz-povijesti-i-njegovim-recenzentima-o-hajdarovicu-o-bbb-ima\">https:\/\/narod.hr\/hrvatska\/najvise-ste-citali-o-povucenom-udzbeniku-iz-povijesti-i-njegovim-recenzentima-o-hajdarovicu-o-bbb-ima<\/a><\/p>\n\n\n\n<figure class=\"wp-block-embed-wordpress wp-block-embed is-type-wp-embed is-provider-narod-hr\"><div class=\"wp-block-embed__wrapper\">\n<blockquote class=\"wp-embedded-content\" data-secret=\"uHE5HHzdBb\"><a href=\"https:\/\/narod.hr\/hrvatska\/jakov-blagojevic-reakcija-na-telegramov-pokusaj-obrane-povucenog-udzbenika\">Jakov Blagojevi\u0107: Reakcija na Telegramov poku\u0161aj obrane povu\u010denog ud\u017ebenika<\/a><\/blockquote><iframe loading=\"lazy\" class=\"wp-embedded-content\" sandbox=\"allow-scripts\" security=\"restricted\" style=\"position: absolute; clip: rect(1px, 1px, 1px, 1px);\" title=\"&#8220;Jakov Blagojevi\u0107: Reakcija na Telegramov poku\u0161aj obrane povu\u010denog ud\u017ebenika&#8221; &#8212; narod.hr\" src=\"https:\/\/narod.hr\/hrvatska\/jakov-blagojevic-reakcija-na-telegramov-pokusaj-obrane-povucenog-udzbenika\/embed#?secret=uqk264qlO6#?secret=uHE5HHzdBb\" data-secret=\"uHE5HHzdBb\" width=\"600\" height=\"338\" frameborder=\"0\" marginwidth=\"0\" marginheight=\"0\" scrolling=\"no\"><\/iframe>\n<\/div><\/figure>\n\n\n\n<p><a href=\"https:\/\/narod.hr\/hrvatska\/hina-presutjela-kljucnu-informaciju-branimir-jankovic-recenzent-je-profila-klett\">https:\/\/narod.hr\/hrvatska\/hina-presutjela-kljucnu-informaciju-branimir-jankovic-recenzent-je-profila-klett<\/a><\/p>\n\n\n\n<p><a href=\"https:\/\/narod.hr\/hrvatska\/novinarka-hr-a-i-recenzent-profila-klett-u-obrani-povucenog-udzbenika-nazor-ih-pobijao-argumentima\">https:\/\/narod.hr\/hrvatska\/novinarka-hr-a-i-recenzent-profila-klett-u-obrani-povucenog-udzbenika-nazor-ih-pobijao-argumentima<\/a><\/p>\n\n\n\n<p><a href=\"https:\/\/narod.hr\/hrvatska\/polsak-palatinus-sumrak-na-prisavlju\">https:\/\/narod.hr\/hrvatska\/polsak-palatinus-sumrak-na-prisavlju<\/a><\/p>\n\n\n\n<p><a href=\"https:\/\/narod.hr\/hrvatska\/sto-branimir-jankovic-recenzent-profila-klett-govori-o-oluji-domovinskom-ratu-i-bleiburgu\">https:\/\/narod.hr\/hrvatska\/sto-branimir-jankovic-recenzent-profila-klett-govori-o-oluji-domovinskom-ratu-i-bleiburgu<\/a><\/p>\n\n\n\n<p><a href=\"https:\/\/narod.hr\/hrvatska\/procitajte-kako-se-recenzent-povucenog-udzbenika-brani-u-komentarima-na-portalu-narod-hr\">https:\/\/narod.hr\/hrvatska\/procitajte-kako-se-recenzent-povucenog-udzbenika-brani-u-komentarima-na-portalu-narod-hr<\/a><\/p>\n\n\n\n<p><a href=\"https:\/\/narod.hr\/hrvatska\/povuceni-udzbenik-u-poglavlju-o-bliskom-istoku-govorili-o-irskoj-i-baskiji\">https:\/\/narod.hr\/hrvatska\/povuceni-udzbenik-u-poglavlju-o-bliskom-istoku-govorili-o-irskoj-i-baskiji<\/a><\/p>\n\n\n\n<p><a href=\"https:\/\/narod.hr\/hrvatska\/ministarstvo-se-konacno-oglasilo-o-povucenom-udzbeniku-povijesti-ali-rjesenje-nam-jos-nisu-dostavili\">https:\/\/narod.hr\/hrvatska\/ministarstvo-se-konacno-oglasilo-o-povucenom-udzbeniku-povijesti-ali-rjesenje-nam-jos-nisu-dostavili<\/a><\/p>\n\n\n\n<p><a href=\"https:\/\/narod.hr\/hrvatska\/hoce-li-mzo-nastaviti-suradnju-s-profilom-klett-i-recenzentima-koji-nisu-odradili-svoj-posao\">https:\/\/narod.hr\/hrvatska\/hoce-li-mzo-nastaviti-suradnju-s-profilom-klett-i-recenzentima-koji-nisu-odradili-svoj-posao<\/a><\/p>\n\n\n\n<p><a href=\"https:\/\/narod.hr\/hrvatska\/iako-protuzakonito-savjetnica-azoo-a-miletic-recenzirala-povuceni-udzbenik\">https:\/\/narod.hr\/hrvatska\/iako-protuzakonito-savjetnica-azoo-a-miletic-recenzirala-povuceni-udzbenik<\/a><\/p>\n\n\n\n<p><a href=\"https:\/\/narod.hr\/hrvatska\/azoo-kaze-da-miletic-nije-bila-recenzentica-a-je-li-bila-clanica-strucnog-povjerenstva\">https:\/\/narod.hr\/hrvatska\/azoo-kaze-da-miletic-nije-bila-recenzentica-a-je-li-bila-clanica-strucnog-povjerenstva<\/a><\/p>\n\n\n\n<p><a href=\"https:\/\/narod.hr\/hrvatska\/oglasio-se-i-fuchs-nasi-recenzenti-sigurno-vise-nece-recenzirati-ni-jedan-udzbenik\">https:\/\/narod.hr\/hrvatska\/oglasio-se-i-fuchs-nasi-recenzenti-sigurno-vise-nece-recenzirati-ni-jedan-udzbenik<\/a><\/p>\n\n\n\n<p><a href=\"https:\/\/narod.hr\/hrvatska\/jurasic-hrvatski-povjesnicari-u-udzbeniku-rijesili-dvojbu-aleksandra-vulina-o-stepincu\">https:\/\/narod.hr\/hrvatska\/jurasic-hrvatski-povjesnicari-u-udzbeniku-rijesili-dvojbu-aleksandra-vulina-o-stepincu<\/a><\/p>\n\n\n\n<p><a href=\"https:\/\/narod.hr\/hrvatska\/komesarski-nastup-jakovine-na-n1-proglasili-povlacenje-loseg-udzbenika-zabranom\">https:\/\/narod.hr\/hrvatska\/komesarski-nastup-jakovine-na-n1-proglasili-povlacenje-loseg-udzbenika-zabranom<\/a><\/p>\n\n\n\n<p><a href=\"https:\/\/narod.hr\/hrvatska\/povuceni-udzbenik-inicijativa-mladih-za-ljudska-prava-zeli-hrabro-suocavanje-s-tamnim-stranama-nase-proslosti\">https:\/\/narod.hr\/hrvatska\/povuceni-udzbenik-inicijativa-mladih-za-ljudska-prava-zeli-hrabro-suocavanje-s-tamnim-stranama-nase-proslosti<\/a><\/p>\n\n\n\n<p><a href=\"https:\/\/narod.hr\/hrvatska\/najvise-ste-citali-o-recenzentu-povucenog-udzbenika-povijesti-iz-tvrtke-profil-klett-fortenovi-i-pavlu-vujnovcu\">https:\/\/narod.hr\/hrvatska\/najvise-ste-citali-o-recenzentu-povucenog-udzbenika-povijesti-iz-tvrtke-profil-klett-fortenovi-i-pavlu-vujnovcu<\/a><\/p>\n\n\n\n<p><a href=\"https:\/\/narod.hr\/hrvatska\/rasprava-o-povucenom-udzbeniku-povijesti-ne-jenjava-oglasio-se-i-luka-misetic\">https:\/\/narod.hr\/hrvatska\/rasprava-o-povucenom-udzbeniku-povijesti-ne-jenjava-oglasio-se-i-luka-misetic<\/a><\/p>\n\n\n\n<figure class=\"wp-block-embed-wordpress wp-block-embed is-type-wp-embed is-provider-narod-hr\"><div class=\"wp-block-embed__wrapper\">\n<blockquote class=\"wp-embedded-content\" data-secret=\"Xc1UIwjzJS\"><a href=\"https:\/\/narod.hr\/hrvatska\/hasanbegovic-udzbenici-imaju-identitetsku-vrijednost-a-hrvatska-ih-je-prepustila-jednom-kartelu\">Hasanbegovi\u0107: Ud\u017ebenici imaju identitetsku vrijednost, a Hrvatska ih je prepustila jednom kartelu<\/a><\/blockquote><iframe loading=\"lazy\" class=\"wp-embedded-content\" sandbox=\"allow-scripts\" security=\"restricted\" style=\"position: absolute; clip: rect(1px, 1px, 1px, 1px);\" title=\"&#8220;Hasanbegovi\u0107: Ud\u017ebenici imaju identitetsku vrijednost, a Hrvatska ih je prepustila jednom kartelu&#8221; &#8212; narod.hr\" src=\"https:\/\/narod.hr\/hrvatska\/hasanbegovic-udzbenici-imaju-identitetsku-vrijednost-a-hrvatska-ih-je-prepustila-jednom-kartelu\/embed#?secret=2DGsetuDby#?secret=Xc1UIwjzJS\" data-secret=\"Xc1UIwjzJS\" width=\"600\" height=\"338\" frameborder=\"0\" marginwidth=\"0\" marginheight=\"0\" scrolling=\"no\"><\/iframe>\n<\/div><\/figure>\n\n\n\n<p><a href=\"https:\/\/narod.hr\/hrvatska\/nepristrani-strucnjaci-razotkrivamo-ideolosko-interesnu-mrezu-oko-povucenog-udzbenika-povijesti\">https:\/\/narod.hr\/hrvatska\/nepristrani-strucnjaci-razotkrivamo-ideolosko-interesnu-mrezu-oko-povucenog-udzbenika-povijesti<\/a><\/p>\n\n\n\n<figure class=\"wp-block-embed-wordpress wp-block-embed is-type-wp-embed is-provider-narod-hr\"><div class=\"wp-block-embed__wrapper\">\n<blockquote class=\"wp-embedded-content\" data-secret=\"H2cSTpcQiu\"><a href=\"https:\/\/narod.hr\/hrvatska\/dossier-ideolosko-interesna-mreza-oko-povucenog-udzbenika-inicijativa-mladih-i-nekompetentni-torbica\">Dossier (2\/4): Kako je nekompetentni Torbica postao autor ud\u017ebenika o povijesti 20. stolje\u0107a?<\/a><\/blockquote><iframe loading=\"lazy\" class=\"wp-embedded-content\" sandbox=\"allow-scripts\" security=\"restricted\" style=\"position: absolute; clip: rect(1px, 1px, 1px, 1px);\" title=\"&#8220;Dossier (2\/4): Kako je nekompetentni Torbica postao autor ud\u017ebenika o povijesti 20. stolje\u0107a?&#8221; &#8212; narod.hr\" src=\"https:\/\/narod.hr\/hrvatska\/dossier-ideolosko-interesna-mreza-oko-povucenog-udzbenika-inicijativa-mladih-i-nekompetentni-torbica\/embed#?secret=GhcQX9Y9nz#?secret=H2cSTpcQiu\" data-secret=\"H2cSTpcQiu\" width=\"600\" height=\"338\" frameborder=\"0\" marginwidth=\"0\" marginheight=\"0\" scrolling=\"no\"><\/iframe>\n<\/div><\/figure>\n\n\n\n<p><a href=\"https:\/\/narod.hr\/hrvatska\/dossier-3-4-kako-je-hrvatska-udruga-nastavnika-povijesti-povezana-s-manipulacijama-u-povucenom-udzbeniku\">https:\/\/narod.hr\/hrvatska\/dossier-3-4-kako-je-hrvatska-udruga-nastavnika-povijesti-povezana-s-manipulacijama-u-povucenom-udzbeniku<\/a><\/p>\n\n\n\n<p><a href=\"https:\/\/narod.hr\/hrvatska\/dr-markic-otvorila-vazno-pitanje-oko-povucenog-udzbenika-zasto-jos-uvijek-nitko-nije-kaznjen\">https:\/\/narod.hr\/hrvatska\/dr-markic-otvorila-vazno-pitanje-oko-povucenog-udzbenika-zasto-jos-uvijek-nitko-nije-kaznjen<\/a><\/p>\n\n\n\n<p><a href=\"https:\/\/narod.hr\/hrvatska\/hrstic-profesori-koji-tvrde-da-stepinac-nije-rehabilitiran-moraju-hitno-na-popravni\">https:\/\/narod.hr\/hrvatska\/hrstic-profesori-koji-tvrde-da-stepinac-nije-rehabilitiran-moraju-hitno-na-popravni<\/a><\/p>\n\n\n\n<p><a href=\"https:\/\/narod.hr\/hrvatska\/dr-nazor-zbog-povucenog-udzbenika-napada-me-dobro-uigrana-agresivna-interesna-skupina\">https:\/\/narod.hr\/hrvatska\/dr-nazor-zbog-povucenog-udzbenika-napada-me-dobro-uigrana-agresivna-interesna-skupina<\/a><\/p>\n\n\n\n<p><a href=\"https:\/\/narod.hr\/hrvatska\/najvise-ste-citali-o-povucenom-udzbeniku-manolicu-i-tomasevicevim-mukama-sa-stadionom\">https:\/\/narod.hr\/hrvatska\/najvise-ste-citali-o-povucenom-udzbeniku-manolicu-i-tomasevicevim-mukama-sa-stadionom<\/a><\/p>\n\n\n\n<p><a href=\"https:\/\/narod.hr\/hrvatska\/dogadaji-koji-su-obiljezili-2023-afera-zambija-roditelji-odgojitelji-10-godisnjica-referenduma-povlacenje-udzbenika\">https:\/\/narod.hr\/hrvatska\/dogadaji-koji-su-obiljezili-2023-afera-zambija-roditelji-odgojitelji-10-godisnjica-referenduma-povlacenje-udzbenika<\/a><\/p>\n\n\n\n<p><a href=\"https:\/\/narod.hr\/hrvatska\/dossier-4-4-hajdaroviceva-samoviktimizacija-i-neodgovorena-pitanja\">https:\/\/narod.hr\/hrvatska\/dossier-4-4-hajdaroviceva-samoviktimizacija-i-neodgovorena-pitanja<\/a><\/p>\n\n\n\n<p><a href=\"https:\/\/narod.hr\/hrvatska\/povuceni-udzbenik-povijesti-prekrsio-zakon-o-udzbenicima-ne-stiti-temeljne-vrijednosti-i-bastinu-rh\">https:\/\/narod.hr\/hrvatska\/povuceni-udzbenik-povijesti-prekrsio-zakon-o-udzbenicima-ne-stiti-temeljne-vrijednosti-i-bastinu-rh<\/a><\/p>\n\n\n\n<p><a href=\"https:\/\/narod.hr\/hrvatska\/prema-zakonu-imena-su-morala-biti-objavljena-jos-2021-zasto-mzo-suti-o-recenzentima-povucenog-udzbenika\">https:\/\/narod.hr\/hrvatska\/prema-zakonu-imena-su-morala-biti-objavljena-jos-2021-zasto-mzo-suti-o-recenzentima-povucenog-udzbenika<\/a><\/p>\n\n\n\n<p><a href=\"https:\/\/narod.hr\/hrvatska\/documenta-opet-u-fokusu-zbog-povucenog-udzbenika-tko-financira-ovu-organizaciju-i-koliki-su-im-prihodi\">https:\/\/narod.hr\/hrvatska\/documenta-opet-u-fokusu-zbog-povucenog-udzbenika-tko-financira-ovu-organizaciju-i-koliki-su-im-prihodi<\/a><\/p>\n\n\n\n<p><a href=\"https:\/\/narod.hr\/hrvatska\/izdavanje-udzbenika-je-najunosnija-nakladnicka-djelatnost-koliko-zaraduju-najuspjesniji-hrvatski-nakladnici\">https:\/\/narod.hr\/hrvatska\/izdavanje-udzbenika-je-najunosnija-nakladnicka-djelatnost-koliko-zaraduju-najuspjesniji-hrvatski-nakladnici<\/a><\/p>\n\n\n\n<figure class=\"wp-block-embed-wordpress wp-block-embed is-type-wp-embed is-provider-narod-hr\"><div class=\"wp-block-embed__wrapper\">\n<blockquote class=\"wp-embedded-content\" data-secret=\"tgbv7POzh1\"><a href=\"https:\/\/narod.hr\/hrvatska\/obratili-smo-se-njemackoj-centrali-izdavaca-klett-oko-povucenog-udzbenika-evo-sto-smo-ih-pitali\">Obratili smo se njema\u010dkoj centrali izdava\u010da Klett oko povu\u010denog ud\u017ebenika: Evo \u0161to smo ih pitali<\/a><\/blockquote><iframe loading=\"lazy\" class=\"wp-embedded-content\" sandbox=\"allow-scripts\" security=\"restricted\" style=\"position: absolute; clip: rect(1px, 1px, 1px, 1px);\" title=\"&#8220;Obratili smo se njema\u010dkoj centrali izdava\u010da Klett oko povu\u010denog ud\u017ebenika: Evo \u0161to smo ih pitali&#8221; &#8212; narod.hr\" src=\"https:\/\/narod.hr\/hrvatska\/obratili-smo-se-njemackoj-centrali-izdavaca-klett-oko-povucenog-udzbenika-evo-sto-smo-ih-pitali\/embed#?secret=sywXZSe4k8#?secret=tgbv7POzh1\" data-secret=\"tgbv7POzh1\" width=\"600\" height=\"338\" frameborder=\"0\" marginwidth=\"0\" marginheight=\"0\" scrolling=\"no\"><\/iframe>\n<\/div><\/figure>\n\n\n\n<p><a href=\"https:\/\/narod.hr\/eu\/kako-se-odobravaju-udzbenika-u-nekim-europskim-drzavama\">https:\/\/narod.hr\/eu\/kako-se-odobravaju-udzbenika-u-nekim-europskim-drzavama<\/a><\/p>\n\n\n\n<p><a href=\"https:\/\/narod.hr\/hrvatska\/hajdarovic-ristic-i-torbica-pisali-fuchsu-povlacenje-loseg-udzbenika-nazvali-zabranom-a-ovako-se-pravdaju\">https:\/\/narod.hr\/hrvatska\/hajdarovic-ristic-i-torbica-pisali-fuchsu-povlacenje-loseg-udzbenika-nazvali-zabranom-a-ovako-se-pravdaju<\/a><\/p>\n\n\n\n<p><a href=\"https:\/\/narod.hr\/hrvatska\/rasprava-o-udzbeniku-nazor-o-vaznom-pitanju-ubijene-djece-jankovic-kuka-o-pisanju-portala\">https:\/\/narod.hr\/hrvatska\/rasprava-o-udzbeniku-nazor-o-vaznom-pitanju-ubijene-djece-jankovic-kuka-o-pisanju-portala<\/a><\/p>\n\n\n\n<p><a href=\"https:\/\/narod.hr\/hrvatska\/izmjena-kataloga-i-postupka-oko-odobravanja-udzbenika-hoce-li-se-u-izbornoj-2024-donijeti-novi-zakon\">https:\/\/narod.hr\/hrvatska\/izmjena-kataloga-i-postupka-oko-odobravanja-udzbenika-hoce-li-se-u-izbornoj-2024-donijeti-novi-zakon<\/a><\/p>\n\n\n\n<p><a href=\"https:\/\/narod.hr\/hrvatska\/prvi-objavljujemo-ovo-je-dokument-kojim-je-2021-odobren-sporni-udzbenik-povijesti\">https:\/\/narod.hr\/hrvatska\/prvi-objavljujemo-ovo-je-dokument-kojim-je-2021-odobren-sporni-udzbenik-povijesti<\/a><\/p>\n\n\n\n<p><a href=\"https:\/\/narod.hr\/hrvatska\/donosimo-detalje-procitajte-sadrzaj-rjesenja-o-povlacenju-udzbenika-povijesti\">https:\/\/narod.hr\/hrvatska\/donosimo-detalje-procitajte-sadrzaj-rjesenja-o-povlacenju-udzbenika-povijesti<\/a><\/p>\n\n\n\n<figure class=\"wp-block-embed-wordpress wp-block-embed is-type-wp-embed is-provider-narod-hr\"><div class=\"wp-block-embed__wrapper\">\n<blockquote class=\"wp-embedded-content\" data-secret=\"6kvAHGGjDH\"><a href=\"https:\/\/narod.hr\/hrvatska\/povjesnicar-kasalo-koji-bi-narativ-osim-nacionalnog-mogao-biti-u-osnovi-nastave-povijesti-u-hrvatskoj\">Povjesni\u010dar Kasalo: Koji bi narativ, osim nacionalnog, mogao biti u osnovi nastave povijesti u Hrvatskoj?<\/a><\/blockquote><iframe loading=\"lazy\" class=\"wp-embedded-content\" sandbox=\"allow-scripts\" security=\"restricted\" style=\"position: absolute; clip: rect(1px, 1px, 1px, 1px);\" title=\"&#8220;Povjesni\u010dar Kasalo: Koji bi narativ, osim nacionalnog, mogao biti u osnovi nastave povijesti u Hrvatskoj?&#8221; &#8212; narod.hr\" src=\"https:\/\/narod.hr\/hrvatska\/povjesnicar-kasalo-koji-bi-narativ-osim-nacionalnog-mogao-biti-u-osnovi-nastave-povijesti-u-hrvatskoj\/embed#?secret=a2tKvcTKWd#?secret=6kvAHGGjDH\" data-secret=\"6kvAHGGjDH\" width=\"600\" height=\"338\" frameborder=\"0\" marginwidth=\"0\" marginheight=\"0\" scrolling=\"no\"><\/iframe>\n<\/div><\/figure>\n\n\n\n<figure class=\"wp-block-embed-wordpress wp-block-embed is-type-wp-embed is-provider-narod-hr\"><div class=\"wp-block-embed__wrapper\">\n<blockquote class=\"wp-embedded-content\" data-secret=\"GnMAVW5c5H\"><a href=\"https:\/\/narod.hr\/hrvatska\/imamo-popis-recenzenata-udzbenika-na-njemu-je-i-loranda-miletic-iako-to-nije-smjela-biti\">Na popisu recenzenata ud\u017ebenika, iako protuzakonito, i Loranda Mileti\u0107  iz AZOO<\/a><\/blockquote><iframe loading=\"lazy\" class=\"wp-embedded-content\" sandbox=\"allow-scripts\" security=\"restricted\" style=\"position: absolute; clip: rect(1px, 1px, 1px, 1px);\" title=\"&#8220;Na popisu recenzenata ud\u017ebenika, iako protuzakonito, i Loranda Mileti\u0107  iz AZOO&#8221; &#8212; narod.hr\" src=\"https:\/\/narod.hr\/hrvatska\/imamo-popis-recenzenata-udzbenika-na-njemu-je-i-loranda-miletic-iako-to-nije-smjela-biti\/embed#?secret=rTNCjWIC19#?secret=GnMAVW5c5H\" data-secret=\"GnMAVW5c5H\" width=\"600\" height=\"338\" frameborder=\"0\" marginwidth=\"0\" marginheight=\"0\" scrolling=\"no\"><\/iframe>\n<\/div><\/figure>\n\n\n\n<figure class=\"wp-block-embed-wordpress wp-block-embed is-type-wp-embed is-provider-narod-hr\"><div class=\"wp-block-embed__wrapper\">\n<blockquote class=\"wp-embedded-content\" data-secret=\"y2YaEGaFV1\"><a href=\"https:\/\/narod.hr\/hrvatska\/tribina-treceg-programa-25-1-otkriva-kakva-nam-nastava-povijesti-treba\">Tribina tre\u0107eg programa 25.1. otkriva &#8216;Kakva nam nastava povijesti treba?&#8217;<\/a><\/blockquote><iframe loading=\"lazy\" class=\"wp-embedded-content\" sandbox=\"allow-scripts\" security=\"restricted\" style=\"position: absolute; clip: rect(1px, 1px, 1px, 1px);\" title=\"&#8220;Tribina tre\u0107eg programa 25.1. otkriva &#8216;Kakva nam nastava povijesti treba?&#8217;&#8221; &#8212; narod.hr\" src=\"https:\/\/narod.hr\/hrvatska\/tribina-treceg-programa-25-1-otkriva-kakva-nam-nastava-povijesti-treba\/embed#?secret=OQkxGRjmmv#?secret=y2YaEGaFV1\" data-secret=\"y2YaEGaFV1\" width=\"600\" height=\"338\" frameborder=\"0\" marginwidth=\"0\" marginheight=\"0\" scrolling=\"no\"><\/iframe>\n<\/div><\/figure>\n\n\n\n<figure class=\"wp-block-embed-wordpress wp-block-embed is-type-wp-embed is-provider-narod-hr\"><div class=\"wp-block-embed__wrapper\">\n<blockquote class=\"wp-embedded-content\" data-secret=\"ZmliLLRDWP\"><a href=\"https:\/\/narod.hr\/hrvatska\/nastavnici-o-rezanju-satnice-u-strukovnim-skolama-nastava-povijesti-nije-zamjenjiva\">Nastavnici o rezanju satnice u strukovnim \u0161kolama: Nastava povijesti nije zamjenjiva<\/a><\/blockquote><iframe loading=\"lazy\" class=\"wp-embedded-content\" sandbox=\"allow-scripts\" security=\"restricted\" style=\"position: absolute; clip: rect(1px, 1px, 1px, 1px);\" title=\"&#8220;Nastavnici o rezanju satnice u strukovnim \u0161kolama: Nastava povijesti nije zamjenjiva&#8221; &#8212; narod.hr\" src=\"https:\/\/narod.hr\/hrvatska\/nastavnici-o-rezanju-satnice-u-strukovnim-skolama-nastava-povijesti-nije-zamjenjiva\/embed#?secret=pa2xGCSwwO#?secret=ZmliLLRDWP\" data-secret=\"ZmliLLRDWP\" width=\"600\" height=\"338\" frameborder=\"0\" marginwidth=\"0\" marginheight=\"0\" scrolling=\"no\"><\/iframe>\n<\/div><\/figure>\n\n\n\n<figure class=\"wp-block-embed-wordpress wp-block-embed is-type-wp-embed is-provider-narod-hr\"><div class=\"wp-block-embed__wrapper\">\n<blockquote class=\"wp-embedded-content\" data-secret=\"9y00wIrCtG\"><a href=\"https:\/\/narod.hr\/hrvatska\/prof-artukovic-krivotvorenje-najnovije-hrvatske-povijesti-pocelo-je-2005\">Prof. Artukovi\u0107: Krivotvorenje najnovije hrvatske povijesti po\u010delo je 2005.<\/a><\/blockquote><iframe loading=\"lazy\" class=\"wp-embedded-content\" sandbox=\"allow-scripts\" security=\"restricted\" style=\"position: absolute; clip: rect(1px, 1px, 1px, 1px);\" title=\"&#8220;Prof. Artukovi\u0107: Krivotvorenje najnovije hrvatske povijesti po\u010delo je 2005.&#8221; &#8212; narod.hr\" src=\"https:\/\/narod.hr\/hrvatska\/prof-artukovic-krivotvorenje-najnovije-hrvatske-povijesti-pocelo-je-2005\/embed#?secret=e7pvGhKDCp#?secret=9y00wIrCtG\" data-secret=\"9y00wIrCtG\" width=\"600\" height=\"338\" frameborder=\"0\" marginwidth=\"0\" marginheight=\"0\" scrolling=\"no\"><\/iframe>\n<\/div><\/figure>\n\n\n\n<figure class=\"wp-block-embed-wordpress wp-block-embed is-type-wp-embed is-provider-narod-hr\"><div class=\"wp-block-embed__wrapper\">\n<blockquote class=\"wp-embedded-content\" data-secret=\"Q8cCFvVzua\"><a href=\"https:\/\/narod.hr\/hrvatska\/azoo-tvrdi-da-savjetnici-ne-trebaju-niti-su-trazili-suglasnost-za-recenziranje-udzbenika\">AZOO tvrdi da savjetnici &#8216;ne trebaju, niti su tra\u017eili&#8217;  suglasnost za recenziranje ud\u017ebenika<\/a><\/blockquote><iframe loading=\"lazy\" class=\"wp-embedded-content\" sandbox=\"allow-scripts\" security=\"restricted\" style=\"position: absolute; clip: rect(1px, 1px, 1px, 1px);\" title=\"&#8220;AZOO tvrdi da savjetnici &#8216;ne trebaju, niti su tra\u017eili&#8217;  suglasnost za recenziranje ud\u017ebenika&#8221; &#8212; narod.hr\" src=\"https:\/\/narod.hr\/hrvatska\/azoo-tvrdi-da-savjetnici-ne-trebaju-niti-su-trazili-suglasnost-za-recenziranje-udzbenika\/embed#?secret=kjDyvB8HJJ#?secret=Q8cCFvVzua\" data-secret=\"Q8cCFvVzua\" width=\"600\" height=\"338\" frameborder=\"0\" marginwidth=\"0\" marginheight=\"0\" scrolling=\"no\"><\/iframe>\n<\/div><\/figure>\n\n\n\n<hr class=\"wp-block-separator\"\/>\n\n\n\n<p><\/p>\n","protected":false},"excerpt":{"rendered":"","protected":false},"author":2,"featured_media":38747,"comment_status":"open","ping_status":"open","sticky":false,"template":"","format":"standard","meta":{"_acf_changed":false,"jetpack_post_was_ever_published":false,"_jetpack_newsletter_access":"","_jetpack_dont_email_post_to_subs":false,"_jetpack_newsletter_tier_id":0,"_jetpack_memberships_contains_paywalled_content":false,"_jetpack_memberships_contains_paid_content":false,"footnotes":"","jetpack_publicize_message":"","jetpack_publicize_feature_enabled":true,"jetpack_social_post_already_shared":true,"jetpack_social_options":{"image_generator_settings":{"template":"highway","default_image_id":0,"font":"","enabled":false},"version":2}},"categories":[3,17],"tags":[],"class_list":["post-38792","post","type-post","status-publish","format-standard","has-post-thumbnail","hentry","category-novosti","category-rasprave"],"acf":{"facebook_opis":""},"jetpack_publicize_connections":[],"jetpack_featured_media_url":"https:\/\/i0.wp.com\/historiografija.hr\/wp-content\/uploads\/2023\/12\/Zasto-je-povijest-vazna-1.jpg?fit=652%2C486&ssl=1","jetpack_sharing_enabled":true,"jetpack-related-posts":[],"_links":{"self":[{"href":"https:\/\/historiografija.hr\/index.php?rest_route=\/wp\/v2\/posts\/38792","targetHints":{"allow":["GET"]}}],"collection":[{"href":"https:\/\/historiografija.hr\/index.php?rest_route=\/wp\/v2\/posts"}],"about":[{"href":"https:\/\/historiografija.hr\/index.php?rest_route=\/wp\/v2\/types\/post"}],"author":[{"embeddable":true,"href":"https:\/\/historiografija.hr\/index.php?rest_route=\/wp\/v2\/users\/2"}],"replies":[{"embeddable":true,"href":"https:\/\/historiografija.hr\/index.php?rest_route=%2Fwp%2Fv2%2Fcomments&post=38792"}],"version-history":[{"count":22,"href":"https:\/\/historiografija.hr\/index.php?rest_route=\/wp\/v2\/posts\/38792\/revisions"}],"predecessor-version":[{"id":39410,"href":"https:\/\/historiografija.hr\/index.php?rest_route=\/wp\/v2\/posts\/38792\/revisions\/39410"}],"wp:featuredmedia":[{"embeddable":true,"href":"https:\/\/historiografija.hr\/index.php?rest_route=\/wp\/v2\/media\/38747"}],"wp:attachment":[{"href":"https:\/\/historiografija.hr\/index.php?rest_route=%2Fwp%2Fv2%2Fmedia&parent=38792"}],"wp:term":[{"taxonomy":"category","embeddable":true,"href":"https:\/\/historiografija.hr\/index.php?rest_route=%2Fwp%2Fv2%2Fcategories&post=38792"},{"taxonomy":"post_tag","embeddable":true,"href":"https:\/\/historiografija.hr\/index.php?rest_route=%2Fwp%2Fv2%2Ftags&post=38792"}],"curies":[{"name":"wp","href":"https:\/\/api.w.org\/{rel}","templated":true}]}}