{"id":38780,"date":"2023-12-29T17:17:11","date_gmt":"2023-12-29T17:17:11","guid":{"rendered":"http:\/\/historiografija.hr\/?p=38780"},"modified":"2024-03-08T16:17:10","modified_gmt":"2024-03-08T16:17:10","slug":"documenta-centar-za-suocavanje-s-prosloscu-otvoreno-pismo-u-povodu-povlacenja-udzbenika-povijesti","status":"publish","type":"post","link":"https:\/\/historiografija.hr\/?p=38780","title":{"rendered":"Documenta \u2013 Centar za suo\u010davanje s pro\u0161lo\u0161\u0107u: Otvoreno pismo u povodu povla\u010denja ud\u017ebenika povijesti"},"content":{"rendered":"\n<p>Tra\u017eimo da Ministarstvo znanosti i obrazovanja preispita odluku o povla\u010denju ud\u017ebenika \u201eZa\u0161to je povijest va\u017ena? 4\u201c, autora Miljenka Hajdarovi\u0107a, Nikice Torbice i Vedrana Risti\u0107a iz Kataloga odobrenih ud\u017ebenika. Posljedica ove odluke je fakti\u010dna zabrana ud\u017ebenika. Ne uspijevamo se sjetiti druge situacije zabrane ud\u017ebenika povijesti bez mogu\u0107nosti ispravka, ni u Hrvatskoj, ni u Europskoj uniji.<\/p>\n\n\n\n<p>Povla\u010denje bez mogu\u0107nosti ispravka nije u skladu s temeljnim ustavnim demokratskim na\u010delima. \u017delimo vjerovati da \u017eivimo u slobodnom i demokratskom dru\u0161tvu u kojem su dobrodo\u0161le razli\u010dite interpretacije povijesti, u zemlji u kojoj se jam\u010di sloboda mi\u0161ljenja i izra\u017eavanja misli, a cenzura je zabranjena.<\/p>\n\n\n\n<p>Povijest je va\u017ena da bi budu\u0107e generacije mogle nau\u010diti o gre\u0161kama prethodnih iz knjiga, a ne isklju\u010divo na vlastitoj ko\u017ei. Propisivanje samo jedne jedine \u201cistine\u201d obeshrabruje razvoj kriti\u010dkog mi\u0161ljenja, vje\u0161tina rasprave i dijaloga i kosi se s pravom mladih na demokratsko obrazovanje.<\/p>\n\n\n\n<hr class=\"wp-block-separator\"\/>\n\n\n\n<p><em><strong>Cijeli tekst otvorenog pisma dostupan je na sljede\u0107oj poveznici:<\/strong><\/em><\/p>\n\n\n\n<figure class=\"wp-block-embed-wordpress wp-block-embed is-type-wp-embed is-provider-documenta\"><div class=\"wp-block-embed__wrapper\">\n<blockquote class=\"wp-embedded-content\" data-secret=\"GNybKpLVwu\"><a href=\"https:\/\/documenta.hr\/novosti\/otvoreno-pismo-u-povodu-povlacenja-udzbenika-povijesti\/\">Otvoreno pismo u povodu povla\u010denja ud\u017ebenika povijesti<\/a><\/blockquote><iframe loading=\"lazy\" class=\"wp-embedded-content\" sandbox=\"allow-scripts\" security=\"restricted\" style=\"position: absolute; clip: rect(1px, 1px, 1px, 1px);\" title=\"&#8220;Otvoreno pismo u povodu povla\u010denja ud\u017ebenika povijesti&#8221; &#8212; Documenta\" src=\"https:\/\/documenta.hr\/novosti\/otvoreno-pismo-u-povodu-povlacenja-udzbenika-povijesti\/embed\/#?secret=GNybKpLVwu\" data-secret=\"GNybKpLVwu\" width=\"600\" height=\"338\" frameborder=\"0\" marginwidth=\"0\" marginheight=\"0\" scrolling=\"no\"><\/iframe>\n<\/div><\/figure>\n\n\n\n<hr class=\"wp-block-separator\"\/>\n\n\n\n<p>Usp. tako\u0111er sljede\u0107e izjave:<\/p>\n\n\n\n<figure class=\"wp-block-embed-wordpress wp-block-embed is-type-wp-embed is-provider-documenta\"><div class=\"wp-block-embed__wrapper\">\n<blockquote class=\"wp-embedded-content\" data-secret=\"NGxnK4X6Qu\"><a href=\"https:\/\/documenta.hr\/novosti\/odrzana-konferencija-za-tisak-povodom-zavrsetka-predsjedanja-republike-hrvatske-medunarodnim-savezom-za-sjecanje-na-holokaust-ihra\/\">Odr\u017eana konferencija za tisak povodom zavr\u0161etka predsjedanja Republike Hrvatske Me\u0111unarodnim savezom za sje\u0107anje na Holokaust (IHRA)<\/a><\/blockquote><iframe loading=\"lazy\" class=\"wp-embedded-content\" sandbox=\"allow-scripts\" security=\"restricted\" style=\"position: absolute; clip: rect(1px, 1px, 1px, 1px);\" title=\"&#8220;Odr\u017eana konferencija za tisak povodom zavr\u0161etka predsjedanja Republike Hrvatske Me\u0111unarodnim savezom za sje\u0107anje na Holokaust (IHRA)&#8221; &#8212; Documenta\" src=\"https:\/\/documenta.hr\/novosti\/odrzana-konferencija-za-tisak-povodom-zavrsetka-predsjedanja-republike-hrvatske-medunarodnim-savezom-za-sjecanje-na-holokaust-ihra\/embed\/#?secret=NGxnK4X6Qu\" data-secret=\"NGxnK4X6Qu\" width=\"600\" height=\"338\" frameborder=\"0\" marginwidth=\"0\" marginheight=\"0\" scrolling=\"no\"><\/iframe>\n<\/div><\/figure>\n\n\n\n<hr class=\"wp-block-separator\"\/>\n","protected":false},"excerpt":{"rendered":"","protected":false},"author":2,"featured_media":38781,"comment_status":"open","ping_status":"open","sticky":false,"template":"","format":"standard","meta":{"_acf_changed":false,"jetpack_post_was_ever_published":false,"_jetpack_newsletter_access":"","_jetpack_dont_email_post_to_subs":false,"_jetpack_newsletter_tier_id":0,"_jetpack_memberships_contains_paywalled_content":false,"_jetpack_memberships_contains_paid_content":false,"footnotes":"","jetpack_publicize_message":"","jetpack_publicize_feature_enabled":true,"jetpack_social_post_already_shared":true,"jetpack_social_options":{"image_generator_settings":{"template":"highway","default_image_id":0,"font":"","enabled":false},"version":2}},"categories":[3,17],"tags":[],"class_list":["post-38780","post","type-post","status-publish","format-standard","has-post-thumbnail","hentry","category-novosti","category-rasprave"],"acf":{"facebook_opis":""},"jetpack_publicize_connections":[],"jetpack_featured_media_url":"https:\/\/i0.wp.com\/historiografija.hr\/wp-content\/uploads\/2023\/12\/zabranjen_udzbenik.jpg?fit=937%2C527&ssl=1","jetpack_sharing_enabled":true,"jetpack-related-posts":[],"_links":{"self":[{"href":"https:\/\/historiografija.hr\/index.php?rest_route=\/wp\/v2\/posts\/38780","targetHints":{"allow":["GET"]}}],"collection":[{"href":"https:\/\/historiografija.hr\/index.php?rest_route=\/wp\/v2\/posts"}],"about":[{"href":"https:\/\/historiografija.hr\/index.php?rest_route=\/wp\/v2\/types\/post"}],"author":[{"embeddable":true,"href":"https:\/\/historiografija.hr\/index.php?rest_route=\/wp\/v2\/users\/2"}],"replies":[{"embeddable":true,"href":"https:\/\/historiografija.hr\/index.php?rest_route=%2Fwp%2Fv2%2Fcomments&post=38780"}],"version-history":[{"count":2,"href":"https:\/\/historiografija.hr\/index.php?rest_route=\/wp\/v2\/posts\/38780\/revisions"}],"predecessor-version":[{"id":39992,"href":"https:\/\/historiografija.hr\/index.php?rest_route=\/wp\/v2\/posts\/38780\/revisions\/39992"}],"wp:featuredmedia":[{"embeddable":true,"href":"https:\/\/historiografija.hr\/index.php?rest_route=\/wp\/v2\/media\/38781"}],"wp:attachment":[{"href":"https:\/\/historiografija.hr\/index.php?rest_route=%2Fwp%2Fv2%2Fmedia&parent=38780"}],"wp:term":[{"taxonomy":"category","embeddable":true,"href":"https:\/\/historiografija.hr\/index.php?rest_route=%2Fwp%2Fv2%2Fcategories&post=38780"},{"taxonomy":"post_tag","embeddable":true,"href":"https:\/\/historiografija.hr\/index.php?rest_route=%2Fwp%2Fv2%2Ftags&post=38780"}],"curies":[{"name":"wp","href":"https:\/\/api.w.org\/{rel}","templated":true}]}}