{"id":38768,"date":"2023-12-29T15:58:55","date_gmt":"2023-12-29T15:58:55","guid":{"rendered":"http:\/\/historiografija.hr\/?p=38768"},"modified":"2023-12-29T15:58:55","modified_gmt":"2023-12-29T15:58:55","slug":"agresija-jna-i-srpskih-postrojbi-zapadna-slavonija-1991-1992-dokumenti-knjiga-25-rh-i-domovinski-rat-1990-1995","status":"publish","type":"post","link":"https:\/\/historiografija.hr\/?p=38768","title":{"rendered":"Agresija JNA i srpskih postrojbi (zapadna Slavonija, 1991. \u2013 1992.). Dokumenti, knjiga 25 (RH i Domovinski rat 1990.-1995.)"},"content":{"rendered":"\n<p>Julija Barun\u010di\u0107 Pletikosi\u0107 i Petar Miji\u0107 (ur.)<\/p>\n\n\n\n<hr class=\"wp-block-separator\"\/>\n\n\n\n<p>Godina izdanja: 2023.<\/p>\n\n\n\n<p>Broj stranica: 364<\/p>\n\n\n\n<hr class=\"wp-block-separator\"\/>\n\n\n\n<p>Suizdava\u010di: &nbsp;&nbsp;&nbsp;&nbsp;&nbsp;&nbsp;&nbsp;<\/p>\n\n\n\n<p>Zagreb: Hrvatski memorijalno-dokumentacijski centar Domovinskog rata<\/p>\n\n\n\n<p>Slavonski Brod: Hrvatski institut za povijest, Podru\u017enica za povijest Slavonije, Baranje i Srijema<\/p>\n\n\n\n<hr class=\"wp-block-separator\"\/>\n\n\n\n<p>Izvor:<\/p>\n\n\n\n<figure class=\"wp-block-embed-wordpress wp-block-embed is-type-wp-embed is-provider-hrvatski-institut-za-povijest\"><div class=\"wp-block-embed__wrapper\">\n<blockquote class=\"wp-embedded-content\" data-secret=\"T54gtsTWmT\"><a href=\"https:\/\/hipsb.hr\/proizvod\/agresija-jna-i-srpskih-postrojbi-zapadna-slavonija-1991-1992-dokumenti-knjiga-25-rh-i-domovinski-rat-1990-1995\/\">Agresija JNA i srpskih postrojbi (zapadna Slavonija, 1991. \u2013 1992.). Dokumenti, knjiga 25 (RH i Domovinski rat 1990.-1995.)<\/a><\/blockquote><iframe loading=\"lazy\" class=\"wp-embedded-content\" sandbox=\"allow-scripts\" security=\"restricted\" style=\"position: absolute; clip: rect(1px, 1px, 1px, 1px);\" title=\"&#8220;Agresija JNA i srpskih postrojbi (zapadna Slavonija, 1991. \u2013 1992.). Dokumenti, knjiga 25 (RH i Domovinski rat 1990.-1995.)&#8221; &#8212; Hrvatski institut za povijest\" src=\"https:\/\/hipsb.hr\/proizvod\/agresija-jna-i-srpskih-postrojbi-zapadna-slavonija-1991-1992-dokumenti-knjiga-25-rh-i-domovinski-rat-1990-1995\/embed\/#?secret=T54gtsTWmT\" data-secret=\"T54gtsTWmT\" width=\"600\" height=\"338\" frameborder=\"0\" marginwidth=\"0\" marginheight=\"0\" scrolling=\"no\"><\/iframe>\n<\/div><\/figure>\n\n\n\n<hr class=\"wp-block-separator\"\/>\n","protected":false},"excerpt":{"rendered":"","protected":false},"author":2,"featured_media":38769,"comment_status":"open","ping_status":"open","sticky":false,"template":"","format":"standard","meta":{"_acf_changed":false,"jetpack_post_was_ever_published":false,"_jetpack_newsletter_access":"","_jetpack_dont_email_post_to_subs":false,"_jetpack_newsletter_tier_id":0,"_jetpack_memberships_contains_paywalled_content":false,"_jetpack_memberships_contains_paid_content":false,"footnotes":"","jetpack_publicize_message":"","jetpack_publicize_feature_enabled":true,"jetpack_social_post_already_shared":true,"jetpack_social_options":{"image_generator_settings":{"template":"highway","default_image_id":0,"font":"","enabled":false},"version":2}},"categories":[8,3],"tags":[],"class_list":["post-38768","post","type-post","status-publish","format-standard","has-post-thumbnail","hentry","category-knjige","category-novosti"],"acf":{"facebook_opis":""},"jetpack_publicize_connections":[],"jetpack_featured_media_url":"https:\/\/i0.wp.com\/historiografija.hr\/wp-content\/uploads\/2023\/12\/RSK25.jpg?fit=638%2C960&ssl=1","jetpack_sharing_enabled":true,"jetpack-related-posts":[],"_links":{"self":[{"href":"https:\/\/historiografija.hr\/index.php?rest_route=\/wp\/v2\/posts\/38768","targetHints":{"allow":["GET"]}}],"collection":[{"href":"https:\/\/historiografija.hr\/index.php?rest_route=\/wp\/v2\/posts"}],"about":[{"href":"https:\/\/historiografija.hr\/index.php?rest_route=\/wp\/v2\/types\/post"}],"author":[{"embeddable":true,"href":"https:\/\/historiografija.hr\/index.php?rest_route=\/wp\/v2\/users\/2"}],"replies":[{"embeddable":true,"href":"https:\/\/historiografija.hr\/index.php?rest_route=%2Fwp%2Fv2%2Fcomments&post=38768"}],"version-history":[{"count":1,"href":"https:\/\/historiografija.hr\/index.php?rest_route=\/wp\/v2\/posts\/38768\/revisions"}],"predecessor-version":[{"id":38770,"href":"https:\/\/historiografija.hr\/index.php?rest_route=\/wp\/v2\/posts\/38768\/revisions\/38770"}],"wp:featuredmedia":[{"embeddable":true,"href":"https:\/\/historiografija.hr\/index.php?rest_route=\/wp\/v2\/media\/38769"}],"wp:attachment":[{"href":"https:\/\/historiografija.hr\/index.php?rest_route=%2Fwp%2Fv2%2Fmedia&parent=38768"}],"wp:term":[{"taxonomy":"category","embeddable":true,"href":"https:\/\/historiografija.hr\/index.php?rest_route=%2Fwp%2Fv2%2Fcategories&post=38768"},{"taxonomy":"post_tag","embeddable":true,"href":"https:\/\/historiografija.hr\/index.php?rest_route=%2Fwp%2Fv2%2Ftags&post=38768"}],"curies":[{"name":"wp","href":"https:\/\/api.w.org\/{rel}","templated":true}]}}