{"id":38762,"date":"2023-12-29T15:40:49","date_gmt":"2023-12-29T15:40:49","guid":{"rendered":"http:\/\/historiografija.hr\/?p=38762"},"modified":"2024-01-02T17:53:01","modified_gmt":"2024-01-02T17:53:01","slug":"strucni-skup-srbi-u-hrvatskoj-u-drugom-svjetskom-ratu","status":"publish","type":"post","link":"https:\/\/historiografija.hr\/?p=38762","title":{"rendered":"Stru\u010dni skup &#8220;Srbi u Hrvatskoj u Drugom svjetskom ratu&#8221;"},"content":{"rendered":"\n<p>U Zagrebu se od 27. do 29. prosinca 2023. odr\u017eava stru\u010dni skup &#8220;Srbi u Hrvatskoj u Drugom svjetskom ratu&#8221; koji je namijenjen u\u010diteljima nastave srpskog jezika i kulture po modelu C i profesorima povijesti. Skup je prethodno bio otkazan, odnosno odgo\u0111en i premje\u0161ten iz Karlovca u Zagreb.<\/p>\n\n\n\n<hr class=\"wp-block-separator\"\/>\n\n\n\n<p>Iz medija:<\/p>\n\n\n\n<p><a href=\"https:\/\/www.portalnovosti.com\/tema-srba-u-drugom-svjetskom-ratu-jos-uvijek-tabu-u-drustvu\">https:\/\/www.portalnovosti.com\/tema-srba-u-drugom-svjetskom-ratu-jos-uvijek-tabu-u-drustvu<\/a><\/p>\n\n\n\n<p><a href=\"https:\/\/www.portalnovosti.com\/prava-strana-povijesti\">https:\/\/www.portalnovosti.com\/prava-strana-povijesti<\/a><\/p>\n\n\n\n<p><a href=\"https:\/\/www.tanjug.rs\/region\/politika\/66819\/danas-se-zavrsava-trodnevni-strucni-skup-srbi-u-hrvatskoj-u-drugom-svetskom-ratu-namenjen-nastavnicima\/vest\">https:\/\/www.tanjug.rs\/region\/politika\/66819\/danas-se-zavrsava-trodnevni-strucni-skup-srbi-u-hrvatskoj-u-drugom-svetskom-ratu-namenjen-nastavnicima\/vest<\/a><\/p>\n\n\n\n<p><a href=\"https:\/\/www.facebook.com\/virtualnimuzejdotrscina\/\">https:\/\/www.facebook.com\/virtualnimuzejdotrscina\/<\/a><\/p>\n\n\n\n<hr class=\"wp-block-separator\"\/>\n\n\n\n<p>Iz pretpovijesti stru\u010dnog skupa:<\/p>\n\n\n\n<figure class=\"wp-block-embed-wordpress wp-block-embed is-type-wp-embed is-provider-radio-mreznica\"><div class=\"wp-block-embed__wrapper\">\n<blockquote class=\"wp-embedded-content\" data-secret=\"HqCRxSUqnZ\"><a href=\"https:\/\/radio-mreznica.hr\/preokret-zupanica-najavila-da-skup-u-karlovcu-u-organizaciji-srpskog-narodnog-vijeca-srbi-u-hrvatskoj-u-drugom-svjetskom-ratu-nece-biti-odrzan\/\">Preokret: \u017dupanica najavila da skup u Karlovcu u organizaciji Srpskog narodnog vije\u0107a &#8220;Srbi u Hrvatskoj u Drugom svjetskom ratu&#8221; ne\u0107e biti odr\u017ean<\/a><\/blockquote><iframe loading=\"lazy\" class=\"wp-embedded-content\" sandbox=\"allow-scripts\" security=\"restricted\" style=\"position: absolute; clip: rect(1px, 1px, 1px, 1px);\" title=\"&#8220;Preokret: \u017dupanica najavila da skup u Karlovcu u organizaciji Srpskog narodnog vije\u0107a &#8220;Srbi u Hrvatskoj u Drugom svjetskom ratu&#8221; ne\u0107e biti odr\u017ean&#8221; &#8212; Radio Mre\u017enica\" src=\"https:\/\/radio-mreznica.hr\/preokret-zupanica-najavila-da-skup-u-karlovcu-u-organizaciji-srpskog-narodnog-vijeca-srbi-u-hrvatskoj-u-drugom-svjetskom-ratu-nece-biti-odrzan\/embed\/#?secret=4InFJ3DhrT#?secret=HqCRxSUqnZ\" data-secret=\"HqCRxSUqnZ\" width=\"600\" height=\"338\" frameborder=\"0\" marginwidth=\"0\" marginheight=\"0\" scrolling=\"no\"><\/iframe>\n<\/div><\/figure>\n\n\n\n<p><a href=\"https:\/\/www.telegram.hr\/politika-kriminal\/grupa-branitelja-pobunila-se-protiv-strucnog-skupa-srpskih-nastavnika-vlasti-se-prepala-i-sve-otkazala\/\">https:\/\/www.telegram.hr\/politika-kriminal\/grupa-branitelja-pobunila-se-protiv-strucnog-skupa-srpskih-nastavnika-vlasti-se-prepala-i-sve-otkazala\/<\/a><\/p>\n\n\n\n<p><a href=\"https:\/\/www.jutarnji.hr\/vijesti\/hrvatska\/pupovac-o-buri-u-karlovcu-problem-je-uklonjen-no-to-je-pogresna-odluka-15346535\">https:\/\/www.jutarnji.hr\/vijesti\/hrvatska\/pupovac-o-buri-u-karlovcu-problem-je-uklonjen-no-to-je-pogresna-odluka-15346535<\/a><\/p>\n\n\n\n<figure class=\"wp-block-embed-wordpress wp-block-embed is-type-wp-embed is-provider-narod-hr\"><div class=\"wp-block-embed__wrapper\">\n<blockquote class=\"wp-embedded-content\" data-secret=\"NoOI8vfHxz\"><a href=\"https:\/\/narod.hr\/hrvatska\/pupovac-se-oglasio-o-uciteljici-snezani-sevic-i-njezinoj-izjavi-da-su-ustase-u-vukovaru-nizale-lancic-od-djecjih-prstica\">Pupovac se oglasio o u\u010diteljici Sne\u017eani \u0160evi\u0107 i njezinoj izjavi da su &#8216;usta\u0161e u Vukovaru nizale lan\u010di\u0107 od dje\u010djih prsti\u0107a&#8217;<\/a><\/blockquote><iframe loading=\"lazy\" class=\"wp-embedded-content\" sandbox=\"allow-scripts\" security=\"restricted\" style=\"position: absolute; clip: rect(1px, 1px, 1px, 1px);\" title=\"&#8220;Pupovac se oglasio o u\u010diteljici Sne\u017eani \u0160evi\u0107 i njezinoj izjavi da su &#8216;usta\u0161e u Vukovaru nizale lan\u010di\u0107 od dje\u010djih prsti\u0107a&#8217;&#8221; &#8212; narod.hr\" src=\"https:\/\/narod.hr\/hrvatska\/pupovac-se-oglasio-o-uciteljici-snezani-sevic-i-njezinoj-izjavi-da-su-ustase-u-vukovaru-nizale-lancic-od-djecjih-prstica\/embed#?secret=wIdeER5xhq#?secret=NoOI8vfHxz\" data-secret=\"NoOI8vfHxz\" width=\"600\" height=\"338\" frameborder=\"0\" marginwidth=\"0\" marginheight=\"0\" scrolling=\"no\"><\/iframe>\n<\/div><\/figure>\n\n\n\n<hr class=\"wp-block-separator\"\/>\n","protected":false},"excerpt":{"rendered":"","protected":false},"author":2,"featured_media":38763,"comment_status":"open","ping_status":"open","sticky":false,"template":"","format":"standard","meta":{"_acf_changed":false,"jetpack_post_was_ever_published":false,"_jetpack_newsletter_access":"","_jetpack_dont_email_post_to_subs":false,"_jetpack_newsletter_tier_id":0,"_jetpack_memberships_contains_paywalled_content":false,"_jetpack_memberships_contains_paid_content":false,"footnotes":"","jetpack_publicize_message":"","jetpack_publicize_feature_enabled":true,"jetpack_social_post_already_shared":true,"jetpack_social_options":{"image_generator_settings":{"template":"highway","default_image_id":0,"font":"","enabled":false},"version":2}},"categories":[3,9],"tags":[],"class_list":["post-38762","post","type-post","status-publish","format-standard","has-post-thumbnail","hentry","category-novosti","category-skupovi"],"acf":{"facebook_opis":""},"jetpack_publicize_connections":[],"jetpack_featured_media_url":"https:\/\/i0.wp.com\/historiografija.hr\/wp-content\/uploads\/2023\/12\/Foto_Nenad_Jovanovic.jpg?fit=1200%2C720&ssl=1","jetpack_sharing_enabled":true,"jetpack-related-posts":[],"_links":{"self":[{"href":"https:\/\/historiografija.hr\/index.php?rest_route=\/wp\/v2\/posts\/38762","targetHints":{"allow":["GET"]}}],"collection":[{"href":"https:\/\/historiografija.hr\/index.php?rest_route=\/wp\/v2\/posts"}],"about":[{"href":"https:\/\/historiografija.hr\/index.php?rest_route=\/wp\/v2\/types\/post"}],"author":[{"embeddable":true,"href":"https:\/\/historiografija.hr\/index.php?rest_route=\/wp\/v2\/users\/2"}],"replies":[{"embeddable":true,"href":"https:\/\/historiografija.hr\/index.php?rest_route=%2Fwp%2Fv2%2Fcomments&post=38762"}],"version-history":[{"count":2,"href":"https:\/\/historiografija.hr\/index.php?rest_route=\/wp\/v2\/posts\/38762\/revisions"}],"predecessor-version":[{"id":38841,"href":"https:\/\/historiografija.hr\/index.php?rest_route=\/wp\/v2\/posts\/38762\/revisions\/38841"}],"wp:featuredmedia":[{"embeddable":true,"href":"https:\/\/historiografija.hr\/index.php?rest_route=\/wp\/v2\/media\/38763"}],"wp:attachment":[{"href":"https:\/\/historiografija.hr\/index.php?rest_route=%2Fwp%2Fv2%2Fmedia&parent=38762"}],"wp:term":[{"taxonomy":"category","embeddable":true,"href":"https:\/\/historiografija.hr\/index.php?rest_route=%2Fwp%2Fv2%2Fcategories&post=38762"},{"taxonomy":"post_tag","embeddable":true,"href":"https:\/\/historiografija.hr\/index.php?rest_route=%2Fwp%2Fv2%2Ftags&post=38762"}],"curies":[{"name":"wp","href":"https:\/\/api.w.org\/{rel}","templated":true}]}}