{"id":38746,"date":"2023-12-28T18:18:46","date_gmt":"2023-12-28T18:18:46","guid":{"rendered":"http:\/\/historiografija.hr\/?p=38746"},"modified":"2023-12-28T18:23:05","modified_gmt":"2023-12-28T18:23:05","slug":"iz-javne-rasprave-odgovor-portala-popodnevnik-hr-na-tekst-b-jankovica-povodom-povlacenja-udzbenika-povijesti","status":"publish","type":"post","link":"https:\/\/historiografija.hr\/?p=38746","title":{"rendered":"Iz javne rasprave: Odgovor portala Popodnevnik.hr na tekst B. Jankovi\u0107a povodom povla\u010denja ud\u017ebenika povijesti"},"content":{"rendered":"\n<p>Portal Popodnevnik.hr u \u0161estodijelnom prilogu \u201eBranimir Jankovi\u0107 u obrani neobranjivog ud\u017ebenika Miljenka Hajdarovi\u0107a\u201c odgovara na tekst \u201eIza pozivanja na \u201e\u010dinjenice\u201c i \u201egre\u0161ke\u201c stoje brojne imputacije i neskriveni interpretativni zahtjevi\u201c objavljen na <a href=\"https:\/\/historiografija.hr\/?p=38607\">portalu<\/a> Historiografija.hr.<\/p>\n\n\n\n<hr class=\"wp-block-separator\"\/>\n\n\n\n<p><a href=\"https:\/\/www.popodnevnik.hr\/blog\/branimir-jankovic-u-obrani-neobranjivog-udzbenika-miljenka-hajdarovica-1-dio\/193\">https:\/\/www.popodnevnik.hr\/blog\/branimir-jankovic-u-obrani-neobranjivog-udzbenika-miljenka-hajdarovica-1-dio\/193<\/a><\/p>\n\n\n\n<p><a href=\"https:\/\/www.popodnevnik.hr\/blog\/branimir-jankovic-u-obrani-neobranjivog-udzbenika-miljenka-hajdarovica-milka-planinc-i-alojzije-stepinac-2-dio\/195\">https:\/\/www.popodnevnik.hr\/blog\/branimir-jankovic-u-obrani-neobranjivog-udzbenika-miljenka-hajdarovica-milka-planinc-i-alojzije-stepinac-2-dio\/195<\/a><\/p>\n\n\n\n<p><a href=\"https:\/\/www.popodnevnik.hr\/blog\/branimir-jankovic-u-obrani-neobranjivog-udzbenika-miljenka-hajdarovica-lgbt-i-domovinski-rat-3-dio\/199\">https:\/\/www.popodnevnik.hr\/blog\/branimir-jankovic-u-obrani-neobranjivog-udzbenika-miljenka-hajdarovica-lgbt-i-domovinski-rat-3-dio\/199<\/a><\/p>\n\n\n\n<p><a href=\"https:\/\/www.popodnevnik.hr\/blog\/branimir-jankovic-u-obrani-neobranjivog-udzbenika-miljenka-hajdarovica-stepinac-tudman-i-ndh-4-dio\/202\">https:\/\/www.popodnevnik.hr\/blog\/branimir-jankovic-u-obrani-neobranjivog-udzbenika-miljenka-hajdarovica-stepinac-tudman-i-ndh-4-dio\/202<\/a><\/p>\n\n\n\n<p><a href=\"https:\/\/www.popodnevnik.hr\/blog\/branimir-jankovic-u-obrani-neobranjivog-udzbenika-miljenka-hajdarovica-eugen-jakovcic-oluja-i-ubijena-djeca-5-dio\/210\">https:\/\/www.popodnevnik.hr\/blog\/branimir-jankovic-u-obrani-neobranjivog-udzbenika-miljenka-hajdarovica-eugen-jakovcic-oluja-i-ubijena-djeca-5-dio\/210<\/a><\/p>\n\n\n\n<p><a href=\"https:\/\/www.popodnevnik.hr\/blog\/branimir-jankovic-u-obrani-neobranjivog-udzbenika-miljenka-hajdarovica-zakljucak-6-dio\/214\">https:\/\/www.popodnevnik.hr\/blog\/branimir-jankovic-u-obrani-neobranjivog-udzbenika-miljenka-hajdarovica-zakljucak-6-dio\/214<\/a><\/p>\n\n\n\n<hr class=\"wp-block-separator\"\/>\n","protected":false},"excerpt":{"rendered":"","protected":false},"author":2,"featured_media":38747,"comment_status":"open","ping_status":"open","sticky":false,"template":"","format":"standard","meta":{"_acf_changed":false,"jetpack_post_was_ever_published":false,"_jetpack_newsletter_access":"","_jetpack_dont_email_post_to_subs":false,"_jetpack_newsletter_tier_id":0,"_jetpack_memberships_contains_paywalled_content":false,"_jetpack_memberships_contains_paid_content":false,"footnotes":"","jetpack_publicize_message":"","jetpack_publicize_feature_enabled":true,"jetpack_social_post_already_shared":true,"jetpack_social_options":{"image_generator_settings":{"template":"highway","default_image_id":0,"font":"","enabled":false},"version":2}},"categories":[3,17],"tags":[],"class_list":["post-38746","post","type-post","status-publish","format-standard","has-post-thumbnail","hentry","category-novosti","category-rasprave"],"acf":{"facebook_opis":""},"jetpack_publicize_connections":[],"jetpack_featured_media_url":"https:\/\/i0.wp.com\/historiografija.hr\/wp-content\/uploads\/2023\/12\/Zasto-je-povijest-vazna-1.jpg?fit=652%2C486&ssl=1","jetpack_sharing_enabled":true,"jetpack-related-posts":[],"_links":{"self":[{"href":"https:\/\/historiografija.hr\/index.php?rest_route=\/wp\/v2\/posts\/38746","targetHints":{"allow":["GET"]}}],"collection":[{"href":"https:\/\/historiografija.hr\/index.php?rest_route=\/wp\/v2\/posts"}],"about":[{"href":"https:\/\/historiografija.hr\/index.php?rest_route=\/wp\/v2\/types\/post"}],"author":[{"embeddable":true,"href":"https:\/\/historiografija.hr\/index.php?rest_route=\/wp\/v2\/users\/2"}],"replies":[{"embeddable":true,"href":"https:\/\/historiografija.hr\/index.php?rest_route=%2Fwp%2Fv2%2Fcomments&post=38746"}],"version-history":[{"count":2,"href":"https:\/\/historiografija.hr\/index.php?rest_route=\/wp\/v2\/posts\/38746\/revisions"}],"predecessor-version":[{"id":38749,"href":"https:\/\/historiografija.hr\/index.php?rest_route=\/wp\/v2\/posts\/38746\/revisions\/38749"}],"wp:featuredmedia":[{"embeddable":true,"href":"https:\/\/historiografija.hr\/index.php?rest_route=\/wp\/v2\/media\/38747"}],"wp:attachment":[{"href":"https:\/\/historiografija.hr\/index.php?rest_route=%2Fwp%2Fv2%2Fmedia&parent=38746"}],"wp:term":[{"taxonomy":"category","embeddable":true,"href":"https:\/\/historiografija.hr\/index.php?rest_route=%2Fwp%2Fv2%2Fcategories&post=38746"},{"taxonomy":"post_tag","embeddable":true,"href":"https:\/\/historiografija.hr\/index.php?rest_route=%2Fwp%2Fv2%2Ftags&post=38746"}],"curies":[{"name":"wp","href":"https:\/\/api.w.org\/{rel}","templated":true}]}}