{"id":38743,"date":"2023-12-28T18:13:39","date_gmt":"2023-12-28T18:13:39","guid":{"rendered":"http:\/\/historiografija.hr\/?p=38743"},"modified":"2024-08-19T17:25:38","modified_gmt":"2024-08-19T17:25:38","slug":"preminuo-povjesnicar-arno-j-mayer","status":"publish","type":"post","link":"https:\/\/historiografija.hr\/?p=38743","title":{"rendered":"Preminuo povjesni\u010dar Arno J. Mayer"},"content":{"rendered":"\n<p>U 97. godini preminuo je povjesni\u010dar Arno J. Mayer (1926-2023), o \u010demu je vijest prenio Marko Kostani\u0107 u tekstu \u201eArno J. Mayer (1926. \u2013 2023.), sinonim za povjerenje\u201c (<a href=\"https:\/\/www.bilten.org\/?p=46190\">Bilten.org<\/a>). Mayer nije prevo\u0111en na hrvatski, ali su se povjesni\u010dari u Hrvatskoj u vi\u0161e navrata referirali na njegove knjige. O \u201ekomparativnoj historiji revolucija Arna J. Mayera\u201c pisao je u <a href=\"https:\/\/openbooks.ffzg.unizg.hr\/index.php\/FFpress\/catalog\/download\/103\/174\/7982?inline=1\">historiografskom<\/a> i <a href=\"https:\/\/slobodnifilozofski.com\/2018\/12\/nema-revolucije-bez-kontrarevolucije.html\">publicisti\u010dkom<\/a> okviru Branimir Jankovi\u0107. Mayerova posljednja knjiga <a href=\"https:\/\/www.versobooks.com\/en-gb\/products\/2053-plowshares-into-swords\">Plowshares into Swords: From Zionism to Israel<\/a> (2008) zasijeca u vrlo aktualnu problematiku. I ona je, kao i neke druge njegove knjige, izazivala vrlo podijeljene reakcije, napose jer je Mayer tragao za historiografski prili\u010dno originalnim i provokativnim tezama.<\/p>\n\n\n\n<hr class=\"wp-block-separator\"\/>\n\n\n\n<p>Obavijesti:<\/p>\n\n\n\n<p><a href=\"https:\/\/history.princeton.edu\/news-events\/news\/arno-mayer-passes-away\">https:\/\/history.princeton.edu\/news-events\/news\/arno-mayer-passes-away<\/a><\/p>\n\n\n\n<p><a href=\"https:\/\/dof.princeton.edu\/people\/arno-j-mayer\">https:\/\/dof.princeton.edu\/people\/arno-j-mayer<\/a><\/p>\n\n\n\n<p><a href=\"https:\/\/www.newstatesman.com\/ideas\/2023\/12\/arno-j-mayer-twentieth-century\">https:\/\/www.newstatesman.com\/ideas\/2023\/12\/arno-j-mayer-twentieth-century<\/a><\/p>\n\n\n\n<p><a href=\"https:\/\/jacobin.com\/2023\/12\/arno-mayer-obituary-history-counterrevolution-marxism\">https:\/\/jacobin.com\/2023\/12\/arno-mayer-obituary-history-counterrevolution-marxism<\/a><\/p>\n\n\n\n<figure class=\"wp-block-embed-wordpress wp-block-embed is-type-wp-embed is-provider-time-news\"><div class=\"wp-block-embed__wrapper\">\n<blockquote class=\"wp-embedded-content\" data-secret=\"8OTkq1AsIv\"><a href=\"https:\/\/www.time.news\/the-death-of-arno-j-mayer-historian-and-thinker-of-the-american-left\/\">The death of Arno J. Mayer, historian and thinker of the American left<\/a><\/blockquote><iframe loading=\"lazy\" class=\"wp-embedded-content\" sandbox=\"allow-scripts\" security=\"restricted\" style=\"position: absolute; clip: rect(1px, 1px, 1px, 1px);\" title=\"&#8220;The death of Arno J. Mayer, historian and thinker of the American left&#8221; &#8212; timenews\" src=\"https:\/\/www.time.news\/the-death-of-arno-j-mayer-historian-and-thinker-of-the-american-left\/embed\/#?secret=n3org7BmLQ#?secret=8OTkq1AsIv\" data-secret=\"8OTkq1AsIv\" width=\"600\" height=\"338\" frameborder=\"0\" marginwidth=\"0\" marginheight=\"0\" scrolling=\"no\"><\/iframe>\n<\/div><\/figure>\n\n\n\n<p><a href=\"https:\/\/www.lemonde.fr\/disparitions\/article\/2023\/12\/27\/la-mort-d-arno-j-mayer-historien-et-penseur-de-la-gauche-americaine_6207968_3382.html\">https:\/\/www.lemonde.fr\/disparitions\/article\/2023\/12\/27\/la-mort-d-arno-j-mayer-historien-et-penseur-de-la-gauche-americaine_6207968_3382.html<\/a><\/p>\n\n\n\n<hr class=\"wp-block-separator\"\/>\n","protected":false},"excerpt":{"rendered":"","protected":false},"author":2,"featured_media":38744,"comment_status":"open","ping_status":"open","sticky":false,"template":"","format":"standard","meta":{"_acf_changed":false,"jetpack_post_was_ever_published":false,"_jetpack_newsletter_access":"","_jetpack_dont_email_post_to_subs":false,"_jetpack_newsletter_tier_id":0,"_jetpack_memberships_contains_paywalled_content":false,"_jetpack_memberships_contains_paid_content":false,"footnotes":"","jetpack_publicize_message":"","jetpack_publicize_feature_enabled":true,"jetpack_social_post_already_shared":true,"jetpack_social_options":{"image_generator_settings":{"template":"highway","default_image_id":0,"font":"","enabled":false},"version":2}},"categories":[3,20],"tags":[],"class_list":["post-38743","post","type-post","status-publish","format-standard","has-post-thumbnail","hentry","category-novosti","category-obavijesti-o-smrti-i-nekrolozi"],"acf":{"facebook_opis":""},"jetpack_publicize_connections":[],"jetpack_featured_media_url":"https:\/\/i0.wp.com\/historiografija.hr\/wp-content\/uploads\/2023\/12\/Arno_J_Mayer.jpg?fit=220%2C245&ssl=1","jetpack_sharing_enabled":true,"jetpack-related-posts":[],"_links":{"self":[{"href":"https:\/\/historiografija.hr\/index.php?rest_route=\/wp\/v2\/posts\/38743","targetHints":{"allow":["GET"]}}],"collection":[{"href":"https:\/\/historiografija.hr\/index.php?rest_route=\/wp\/v2\/posts"}],"about":[{"href":"https:\/\/historiografija.hr\/index.php?rest_route=\/wp\/v2\/types\/post"}],"author":[{"embeddable":true,"href":"https:\/\/historiografija.hr\/index.php?rest_route=\/wp\/v2\/users\/2"}],"replies":[{"embeddable":true,"href":"https:\/\/historiografija.hr\/index.php?rest_route=%2Fwp%2Fv2%2Fcomments&post=38743"}],"version-history":[{"count":4,"href":"https:\/\/historiografija.hr\/index.php?rest_route=\/wp\/v2\/posts\/38743\/revisions"}],"predecessor-version":[{"id":41916,"href":"https:\/\/historiografija.hr\/index.php?rest_route=\/wp\/v2\/posts\/38743\/revisions\/41916"}],"wp:featuredmedia":[{"embeddable":true,"href":"https:\/\/historiografija.hr\/index.php?rest_route=\/wp\/v2\/media\/38744"}],"wp:attachment":[{"href":"https:\/\/historiografija.hr\/index.php?rest_route=%2Fwp%2Fv2%2Fmedia&parent=38743"}],"wp:term":[{"taxonomy":"category","embeddable":true,"href":"https:\/\/historiografija.hr\/index.php?rest_route=%2Fwp%2Fv2%2Fcategories&post=38743"},{"taxonomy":"post_tag","embeddable":true,"href":"https:\/\/historiografija.hr\/index.php?rest_route=%2Fwp%2Fv2%2Ftags&post=38743"}],"curies":[{"name":"wp","href":"https:\/\/api.w.org\/{rel}","templated":true}]}}