{"id":38737,"date":"2023-12-27T15:46:04","date_gmt":"2023-12-27T15:46:04","guid":{"rendered":"http:\/\/historiografija.hr\/?p=38737"},"modified":"2024-08-23T14:24:22","modified_gmt":"2024-08-23T14:24:22","slug":"iz-javne-rasprave-komentari-povjesnicara-povodom-povlacenja-udzbenika-povijesti","status":"publish","type":"post","link":"https:\/\/historiografija.hr\/?p=38737","title":{"rendered":"Iz javne rasprave: Komentari povjesni\u010dara povodom povla\u010denja ud\u017ebenika povijesti"},"content":{"rendered":"\n<p>Uz ve\u0107 izdvojene priloge <a href=\"https:\/\/narod.hr\/hrvatska\/prof-nazor-u-velikoj-analizi-za-narod-hr-pogledajte-sto-gimnazijalci-uce-o-stepincu-milki-planinc-a-tek-o-domovinskom-ratu\">Ante Nazora<\/a>, <a href=\"https:\/\/narod.hr\/hrvatska\/dr-sc-janja-sekula-o-faktografskoj-pogresci-o-domovinskom-ratu-u-udzbeniku-povijesti\">Janje Sekule<\/a>, <a href=\"https:\/\/historiografija.hr\/?p=38592\">Snje\u017eane Koren<\/a>, <a href=\"https:\/\/historiografija.hr\/?p=38607\">Branimira Jankovi\u0107a<\/a>, <a href=\"https:\/\/historiografija.hr\/?p=38705\">Sergeja Filipovi\u0107a<\/a>, <a href=\"https:\/\/historiografija.hr\/?p=38755\">Filipa Hamer\u0161aka<\/a>, <a href=\"https:\/\/historiografija.hr\/?p=38961\">Steve \u0110ura\u0161kovi\u0107a<\/a>, <a href=\"https:\/\/historiografija.hr\/?p=39062\">Marina Badurine<\/a> i <a href=\"https:\/\/historiografija.hr\/?p=39118\">Branka Kasala<\/a>, kao i <a href=\"https:\/\/historiografija.hr\/?p=38640\">su\u010deljavanja<\/a> povjesni\u010dara te <a href=\"https:\/\/historiografija.hr\/?p=38670\">priop\u0107enje<\/a> Inicijative mladih za ljudska prava i otvoreno <a href=\"https:\/\/historiografija.hr\/?p=38780\">pismo<\/a> Documente, okupljamo na jednom mjestu komentare i drugih povjesni\u010dara koji su se o tome o\u010ditovali. Popis neprestano a\u017euriramo. Nastavit \u0107emo ovih dana svakodnevno upu\u0107ivati na medijske i druge priloge \u2013 okupljene tematski \u2013 kako bismo s jedne strane dokumentirali cijeli slu\u010daj, a s druge omogu\u0107ili svima zainteresiranima da se u njega jo\u0161 vi\u0161e upute.<\/p>\n\n\n\n<hr class=\"wp-block-separator\"\/>\n\n\n\n<p><strong>Ante Nazor<\/strong><\/p>\n\n\n\n<p><a href=\"https:\/\/www.vecernji.hr\/vijesti\/procitao-sam-poglavlja-o-domovinskom-ratu-i-ostao-sokiran-onime-sto-se-namece-ucenicima-1735153\">https:\/\/www.vecernji.hr\/vijesti\/procitao-sam-poglavlja-o-domovinskom-ratu-i-ostao-sokiran-onime-sto-se-namece-ucenicima-1735153<\/a><\/p>\n\n\n\n<p><a href=\"https:\/\/narod.hr\/hrvatska\/dr-nazor-zbog-povucenog-udzbenika-napada-me-dobro-uigrana-agresivna-interesna-skupina\">https:\/\/narod.hr\/hrvatska\/dr-nazor-zbog-povucenog-udzbenika-napada-me-dobro-uigrana-agresivna-interesna-skupina<\/a><\/p>\n\n\n\n<p><a href=\"https:\/\/www.dragovoljac.com\/index.php\/politika-i-drustvo\/37938-ante-nazor-skandalozno-je-sto-u-udzbeniku-povijesti-pise-o-domovinskom-ratu\">https:\/\/www.dragovoljac.com\/index.php\/politika-i-drustvo\/37938-ante-nazor-skandalozno-je-sto-u-udzbeniku-povijesti-pise-o-domovinskom-ratu<\/a><\/p>\n\n\n\n<p><a href=\"https:\/\/www.vecernji.hr\/vijesti\/dr-ante-nazor-ukazao-na-pokusaje-krivotvorenja-povijesti-o-ratu-u-bih-1738771\">https:\/\/www.vecernji.hr\/vijesti\/dr-ante-nazor-ukazao-na-pokusaje-krivotvorenja-povijesti-o-ratu-u-bih-1738771<\/a><\/p>\n\n\n\n<hr class=\"wp-block-separator\"\/>\n\n\n\n<p><strong>Neven Budak<\/strong><\/p>\n\n\n\n<p><a href=\"https:\/\/www.vecernji.hr\/vijesti\/samo-velike-nacije-mogu-priznati-i-vlastite-zlocine-i-zbog-njih-se-pokajati-1733432\">https:\/\/www.vecernji.hr\/vijesti\/samo-velike-nacije-mogu-priznati-i-vlastite-zlocine-i-zbog-njih-se-pokajati-1733432<\/a><\/p>\n\n\n\n<p><a href=\"https:\/\/www.vecernji.hr\/vijesti\/zadaca-je-povijesti-pisati-kako-je-doista-bilo-no-je-li-to-tako-jednostavno-1740697\">https:\/\/www.vecernji.hr\/vijesti\/zadaca-je-povijesti-pisati-kako-je-doista-bilo-no-je-li-to-tako-jednostavno-1740697<\/a><\/p>\n\n\n\n<hr class=\"wp-block-separator\"\/>\n\n\n\n<p><strong>Zlatko Hasanbegovi\u0107<\/strong><\/p>\n\n\n\n<figure class=\"wp-block-embed-wordpress wp-block-embed is-type-wp-embed is-provider-narod-hr\"><div class=\"wp-block-embed__wrapper\">\n<blockquote class=\"wp-embedded-content\" data-secret=\"lawvfEoF9M\"><a href=\"https:\/\/narod.hr\/hrvatska\/hasanbegovic-udzbenici-imaju-identitetsku-vrijednost-a-hrvatska-ih-je-prepustila-jednom-kartelu\">Hasanbegovi\u0107: Ud\u017ebenici imaju identitetsku vrijednost, a Hrvatska ih je prepustila jednom kartelu<\/a><\/blockquote><iframe loading=\"lazy\" class=\"wp-embedded-content\" sandbox=\"allow-scripts\" security=\"restricted\" style=\"position: absolute; clip: rect(1px, 1px, 1px, 1px);\" title=\"&#8220;Hasanbegovi\u0107: Ud\u017ebenici imaju identitetsku vrijednost, a Hrvatska ih je prepustila jednom kartelu&#8221; &#8212; narod.hr\" src=\"https:\/\/narod.hr\/hrvatska\/hasanbegovic-udzbenici-imaju-identitetsku-vrijednost-a-hrvatska-ih-je-prepustila-jednom-kartelu\/embed#?secret=zAdYLA2wKG#?secret=lawvfEoF9M\" data-secret=\"lawvfEoF9M\" width=\"600\" height=\"338\" frameborder=\"0\" marginwidth=\"0\" marginheight=\"0\" scrolling=\"no\"><\/iframe>\n<\/div><\/figure>\n\n\n\n<p><a href=\"https:\/\/uimeobitelji.net\/hasanbegovic-udzbenici-imaju-identitetsku-vrijednost-a-hrvatska-ih-je-prepustila-jednom-kartelu\/\">https:\/\/uimeobitelji.net\/hasanbegovic-udzbenici-imaju-identitetsku-vrijednost-a-hrvatska-ih-je-prepustila-jednom-kartelu\/<\/a><\/p>\n\n\n\n<hr class=\"wp-block-separator\"\/>\n\n\n\n<p><strong>Hrvoje Klasi\u0107<\/strong><\/p>\n\n\n\n<p><a href=\"https:\/\/www.24sata.hr\/news\/hrvoje-klasic-zasto-je-zabrana-koristenja-udzbenika-iz-povijesti-veliki-korak-natrag-954657\">https:\/\/www.24sata.hr\/news\/hrvoje-klasic-zasto-je-zabrana-koristenja-udzbenika-iz-povijesti-veliki-korak-natrag-954657<\/a><\/p>\n\n\n\n<figure class=\"wp-block-embed-wordpress wp-block-embed is-type-wp-embed is-provider-savez-antifasistickih-boraca-i-antifasista-republike-hrvatske\"><div class=\"wp-block-embed__wrapper\">\n<blockquote class=\"wp-embedded-content\" data-secret=\"4hHP8JCUve\"><a href=\"https:\/\/sabh.hr\/hrvoje-klasic-zasto-je-zabrana-koristenja-udzbenika-iz-povijesti-veliki-korak-natrag\/\">Hrvoje Klasi\u0107: Za\u0161to je zabrana kori\u0161tenja ud\u017ebenika iz povijesti veliki korak natrag<\/a><\/blockquote><iframe loading=\"lazy\" class=\"wp-embedded-content\" sandbox=\"allow-scripts\" security=\"restricted\" style=\"position: absolute; clip: rect(1px, 1px, 1px, 1px);\" title=\"&#8220;Hrvoje Klasi\u0107: Za\u0161to je zabrana kori\u0161tenja ud\u017ebenika iz povijesti veliki korak natrag&#8221; &#8212; Savez antifa\u0161isti\u010dkih boraca i antifa\u0161ista Republike Hrvatske\" src=\"https:\/\/sabh.hr\/hrvoje-klasic-zasto-je-zabrana-koristenja-udzbenika-iz-povijesti-veliki-korak-natrag\/embed\/#?secret=LdI5v7HIA8#?secret=4hHP8JCUve\" data-secret=\"4hHP8JCUve\" width=\"600\" height=\"338\" frameborder=\"0\" marginwidth=\"0\" marginheight=\"0\" scrolling=\"no\"><\/iframe>\n<\/div><\/figure>\n\n\n\n<hr class=\"wp-block-separator\"\/>\n\n\n\n<p><strong>Tvrtko Jakovina<\/strong><\/p>\n\n\n\n<figure class=\"wp-block-embed-wordpress wp-block-embed is-type-wp-embed is-provider-n-1\"><div class=\"wp-block-embed__wrapper\">\n<blockquote class=\"wp-embedded-content\" data-secret=\"QMW0nqcq4I\"><a href=\"https:\/\/n1info.hr\/vijesti\/povjesnicar-jakovina-o-povlacenju-udzbenika-iz-povijesti-hdz-ova-vlast-pociva-na-dva-stupa\/\">Povjesni\u010dar Jakovina o povla\u010denju ud\u017ebenika iz povijesti: &#8220;HDZ-ova vlast po\u010diva na dva stupa&#8221;<\/a><\/blockquote><iframe loading=\"lazy\" class=\"wp-embedded-content\" sandbox=\"allow-scripts\" security=\"restricted\" style=\"position: absolute; clip: rect(1px, 1px, 1px, 1px);\" title=\"&#8220;Povjesni\u010dar Jakovina o povla\u010denju ud\u017ebenika iz povijesti: &#8220;HDZ-ova vlast po\u010diva na dva stupa&#8221;&#8221; &#8212; N1\" src=\"https:\/\/n1info.hr\/vijesti\/povjesnicar-jakovina-o-povlacenju-udzbenika-iz-povijesti-hdz-ova-vlast-pociva-na-dva-stupa\/embed\/#?secret=qpu3gvZDAB#?secret=QMW0nqcq4I\" data-secret=\"QMW0nqcq4I\" width=\"600\" height=\"338\" frameborder=\"0\" marginwidth=\"0\" marginheight=\"0\" scrolling=\"no\"><\/iframe>\n<\/div><\/figure>\n\n\n\n<figure class=\"wp-block-embed-youtube wp-block-embed is-type-video is-provider-youtube wp-embed-aspect-16-9 wp-has-aspect-ratio\"><div class=\"wp-block-embed__wrapper\">\n<span class=\"embed-youtube\" style=\"text-align:center; display: block;\"><iframe loading=\"lazy\" class=\"youtube-player\" width=\"860\" height=\"484\" src=\"https:\/\/www.youtube.com\/embed\/WTOGI98ggcs?version=3&#038;rel=1&#038;showsearch=0&#038;showinfo=1&#038;iv_load_policy=1&#038;fs=1&#038;hl=hr&#038;autohide=2&#038;wmode=transparent\" allowfullscreen=\"true\" style=\"border:0;\" sandbox=\"allow-scripts allow-same-origin allow-popups allow-presentation allow-popups-to-escape-sandbox\"><\/iframe><\/span>\n<\/div><\/figure>\n\n\n\n<figure class=\"wp-block-embed-wordpress wp-block-embed is-type-wp-embed is-provider-nacional-hr\"><div class=\"wp-block-embed__wrapper\">\n<blockquote class=\"wp-embedded-content\" data-secret=\"qCDDEYiR3L\"><a href=\"https:\/\/www.nacional.hr\/povjesnicar-o-povlacenju-udzbenika-ovdje-je-napravljena-politicka-ocjena\/\">Povjesni\u010dar o povla\u010denju ud\u017ebenika: &#8220;Ovdje je napravljena politi\u010dka ocjena&#8221;<\/a><\/blockquote><iframe loading=\"lazy\" class=\"wp-embedded-content\" sandbox=\"allow-scripts\" security=\"restricted\" style=\"position: absolute; clip: rect(1px, 1px, 1px, 1px);\" title=\"&#8220;Povjesni\u010dar o povla\u010denju ud\u017ebenika: &#8220;Ovdje je napravljena politi\u010dka ocjena&#8221;&#8221; &#8212; NACIONAL.HR\" src=\"https:\/\/www.nacional.hr\/povjesnicar-o-povlacenju-udzbenika-ovdje-je-napravljena-politicka-ocjena\/embed\/#?secret=06IJY96ykM#?secret=qCDDEYiR3L\" data-secret=\"qCDDEYiR3L\" width=\"600\" height=\"338\" frameborder=\"0\" marginwidth=\"0\" marginheight=\"0\" scrolling=\"no\"><\/iframe>\n<\/div><\/figure>\n\n\n\n<figure class=\"wp-block-embed-wordpress wp-block-embed is-type-wp-embed is-provider-savez-antifasistickih-boraca-i-antifasista-republike-hrvatske\"><div class=\"wp-block-embed__wrapper\">\n<blockquote class=\"wp-embedded-content\" data-secret=\"OTPJXXK8Ly\"><a href=\"https:\/\/sabh.hr\/povjesnicar-o-povlacenju-udzbenika-ovdje-je-napravljena-politicka-ocjena\/\">Povjesni\u010dar o povla\u010denju ud\u017ebenika: \u201cOvdje je napravljena politi\u010dka ocjena\u201d<\/a><\/blockquote><iframe loading=\"lazy\" class=\"wp-embedded-content\" sandbox=\"allow-scripts\" security=\"restricted\" style=\"position: absolute; clip: rect(1px, 1px, 1px, 1px);\" title=\"&#8220;Povjesni\u010dar o povla\u010denju ud\u017ebenika: \u201cOvdje je napravljena politi\u010dka ocjena\u201d&#8221; &#8212; Savez antifa\u0161isti\u010dkih boraca i antifa\u0161ista Republike Hrvatske\" src=\"https:\/\/sabh.hr\/povjesnicar-o-povlacenju-udzbenika-ovdje-je-napravljena-politicka-ocjena\/embed\/#?secret=jf51XlAEkF#?secret=OTPJXXK8Ly\" data-secret=\"OTPJXXK8Ly\" width=\"600\" height=\"338\" frameborder=\"0\" marginwidth=\"0\" marginheight=\"0\" scrolling=\"no\"><\/iframe>\n<\/div><\/figure>\n\n\n\n<figure class=\"wp-block-embed-wordpress wp-block-embed is-type-wp-embed is-provider-tris-portal-sibenik\"><div class=\"wp-block-embed__wrapper\">\n<blockquote class=\"wp-embedded-content\" data-secret=\"uT6bQTYOlQ\"><a href=\"https:\/\/tris.com.hr\/2023\/12\/hrvatska-je-glupost-pregolema-udzbenik-zasto-je-povijest-vazna4-tri-godine-je-bio-nesporan-da-bi-sada-bio-zabranjennaravno-zbog-ideoloskih-a-ne-strucnih-razloga\/\">Hrvatska je glupost pregolema: Ud\u017ebenik &#8220;Za\u0161to je povijest va\u017ena?4&#8221; tri godine je bio nesporan, da bi sada bio &#8211; zabranjen!?Naravno, zbog ideolo\u0161kih, a ne stru\u010dnih razloga&#8230;<\/a><\/blockquote><iframe loading=\"lazy\" class=\"wp-embedded-content\" sandbox=\"allow-scripts\" security=\"restricted\" style=\"position: absolute; clip: rect(1px, 1px, 1px, 1px);\" title=\"&#8220;Hrvatska je glupost pregolema: Ud\u017ebenik &#8220;Za\u0161to je povijest va\u017ena?4&#8221; tri godine je bio nesporan, da bi sada bio &#8211; zabranjen!?Naravno, zbog ideolo\u0161kih, a ne stru\u010dnih razloga&#8230;&#8221; &#8212; TRIS portal - \u0160ibenik\" src=\"https:\/\/tris.com.hr\/2023\/12\/hrvatska-je-glupost-pregolema-udzbenik-zasto-je-povijest-vazna4-tri-godine-je-bio-nesporan-da-bi-sada-bio-zabranjennaravno-zbog-ideoloskih-a-ne-strucnih-razloga\/embed\/#?secret=hZ5Wy1SGBW#?secret=uT6bQTYOlQ\" data-secret=\"uT6bQTYOlQ\" width=\"600\" height=\"338\" frameborder=\"0\" marginwidth=\"0\" marginheight=\"0\" scrolling=\"no\"><\/iframe>\n<\/div><\/figure>\n\n\n\n<hr class=\"wp-block-separator\"\/>\n\n\n\n<figure class=\"wp-block-embed-wordpress wp-block-embed is-type-wp-embed is-provider-nacional-hr\"><div class=\"wp-block-embed__wrapper\">\n<blockquote class=\"wp-embedded-content\" data-secret=\"kWUMITgBh5\"><a href=\"https:\/\/www.nacional.hr\/tvrtko-jakovina-ministar-fuchs-je-nastavio-niz-cenzora-tudman-sanader-tito\/\">Tvrtko Jakovina: &#8216;Ministar Fuchs je nastavio niz cenzora: Tu\u0111man, Sanader, Tito&#8230;&#8217;<\/a><\/blockquote><iframe loading=\"lazy\" class=\"wp-embedded-content\" sandbox=\"allow-scripts\" security=\"restricted\" style=\"position: absolute; clip: rect(1px, 1px, 1px, 1px);\" title=\"&#8220;Tvrtko Jakovina: &#8216;Ministar Fuchs je nastavio niz cenzora: Tu\u0111man, Sanader, Tito&#8230;&#8217;&#8221; &#8212; NACIONAL.HR\" src=\"https:\/\/www.nacional.hr\/tvrtko-jakovina-ministar-fuchs-je-nastavio-niz-cenzora-tudman-sanader-tito\/embed\/#?secret=bT9m1QESrt#?secret=kWUMITgBh5\" data-secret=\"kWUMITgBh5\" width=\"600\" height=\"338\" frameborder=\"0\" marginwidth=\"0\" marginheight=\"0\" scrolling=\"no\"><\/iframe>\n<\/div><\/figure>\n\n\n\n<hr class=\"wp-block-separator\"\/>\n\n\n\n<p><strong>Dragan Markovina<\/strong><\/p>\n\n\n\n<p><a href=\"https:\/\/www.telegram.hr\/komentari\/sustav-obrazovanja-ureduju-nam-tvrdi-konzervatici-ovo-izbacivanje-udzbenika-iz-povijesti-samo-im-je-nova-pobjeda\/\">https:\/\/www.telegram.hr\/komentari\/sustav-obrazovanja-ureduju-nam-tvrdi-konzervatici-ovo-izbacivanje-udzbenika-iz-povijesti-samo-im-je-nova-pobjeda\/<\/a><\/p>\n\n\n\n<figure class=\"wp-block-embed-wordpress wp-block-embed is-type-wp-embed is-provider-n-1\"><div class=\"wp-block-embed__wrapper\">\n<blockquote class=\"wp-embedded-content\" data-secret=\"lj0D8NLMpg\"><a href=\"https:\/\/n1info.hr\/vijesti\/medu-povjesnicarima-zaiskrilo-zbog-domovinskog-rata-19-knjiga-a-nijedna-o-tamnoj-strani\/\">Me\u0111u povjesni\u010darima zaiskrilo zbog Domovinskog rata: &#8220;19 knjiga, a nijedna o tamnoj strani&#8221;<\/a><\/blockquote><iframe loading=\"lazy\" class=\"wp-embedded-content\" sandbox=\"allow-scripts\" security=\"restricted\" style=\"position: absolute; clip: rect(1px, 1px, 1px, 1px);\" title=\"&#8220;Me\u0111u povjesni\u010darima zaiskrilo zbog Domovinskog rata: &#8220;19 knjiga, a nijedna o tamnoj strani&#8221;&#8221; &#8212; N1\" src=\"https:\/\/n1info.hr\/vijesti\/medu-povjesnicarima-zaiskrilo-zbog-domovinskog-rata-19-knjiga-a-nijedna-o-tamnoj-strani\/embed\/#?secret=Ny4wFC2LWa#?secret=lj0D8NLMpg\" data-secret=\"lj0D8NLMpg\" width=\"600\" height=\"338\" frameborder=\"0\" marginwidth=\"0\" marginheight=\"0\" scrolling=\"no\"><\/iframe>\n<\/div><\/figure>\n\n\n\n<p><a href=\"https:\/\/www.index.hr\/vijesti\/clanak\/markovina-od-splita-do-zagreba-ima-citav-niz-spaljenih-sela-koje-nisu-spalili-srbi\/2529577.aspx\">https:\/\/www.index.hr\/vijesti\/clanak\/markovina-od-splita-do-zagreba-ima-citav-niz-spaljenih-sela-koje-nisu-spalili-srbi\/2529577.aspx<\/a><\/p>\n\n\n\n<figure class=\"wp-block-embed-wordpress wp-block-embed is-type-wp-embed is-provider-savez-antifasistickih-boraca-i-antifasista-republike-hrvatske\"><div class=\"wp-block-embed__wrapper\">\n<blockquote class=\"wp-embedded-content\" data-secret=\"Ns3UXRuCdk\"><a href=\"https:\/\/sabh.hr\/markovina-od-splita-do-zagreba-ima-citav-niz-spaljenih-sela-koje-nisu-spalili-srbi\/\">Markovina: Od Splita do Zagreba ima \u010ditav niz spaljenih sela koje nisu spalili Srbi<\/a><\/blockquote><iframe loading=\"lazy\" class=\"wp-embedded-content\" sandbox=\"allow-scripts\" security=\"restricted\" style=\"position: absolute; clip: rect(1px, 1px, 1px, 1px);\" title=\"&#8220;Markovina: Od Splita do Zagreba ima \u010ditav niz spaljenih sela koje nisu spalili Srbi&#8221; &#8212; Savez antifa\u0161isti\u010dkih boraca i antifa\u0161ista Republike Hrvatske\" src=\"https:\/\/sabh.hr\/markovina-od-splita-do-zagreba-ima-citav-niz-spaljenih-sela-koje-nisu-spalili-srbi\/embed\/#?secret=AlS6Ylo3qP#?secret=Ns3UXRuCdk\" data-secret=\"Ns3UXRuCdk\" width=\"600\" height=\"338\" frameborder=\"0\" marginwidth=\"0\" marginheight=\"0\" scrolling=\"no\"><\/iframe>\n<\/div><\/figure>\n\n\n\n<hr class=\"wp-block-separator\"\/>\n\n\n\n<p><strong>Ivica Mi\u0161kulin<\/strong><\/p>\n\n\n\n<figure class=\"wp-block-embed-wordpress wp-block-embed is-type-wp-embed is-provider-n-1\"><div class=\"wp-block-embed__wrapper\">\n<blockquote class=\"wp-embedded-content\" data-secret=\"lj0D8NLMpg\"><a href=\"https:\/\/n1info.hr\/vijesti\/medu-povjesnicarima-zaiskrilo-zbog-domovinskog-rata-19-knjiga-a-nijedna-o-tamnoj-strani\/\">Me\u0111u povjesni\u010darima zaiskrilo zbog Domovinskog rata: &#8220;19 knjiga, a nijedna o tamnoj strani&#8221;<\/a><\/blockquote><iframe loading=\"lazy\" class=\"wp-embedded-content\" sandbox=\"allow-scripts\" security=\"restricted\" style=\"position: absolute; clip: rect(1px, 1px, 1px, 1px);\" title=\"&#8220;Me\u0111u povjesni\u010darima zaiskrilo zbog Domovinskog rata: &#8220;19 knjiga, a nijedna o tamnoj strani&#8221;&#8221; &#8212; N1\" src=\"https:\/\/n1info.hr\/vijesti\/medu-povjesnicarima-zaiskrilo-zbog-domovinskog-rata-19-knjiga-a-nijedna-o-tamnoj-strani\/embed\/#?secret=Ny4wFC2LWa#?secret=lj0D8NLMpg\" data-secret=\"lj0D8NLMpg\" width=\"600\" height=\"338\" frameborder=\"0\" marginwidth=\"0\" marginheight=\"0\" scrolling=\"no\"><\/iframe>\n<\/div><\/figure>\n\n\n\n<p><a href=\"https:\/\/www.index.hr\/vijesti\/clanak\/markovina-od-splita-do-zagreba-ima-citav-niz-spaljenih-sela-koje-nisu-spalili-srbi\/2529577.aspx\">https:\/\/www.index.hr\/vijesti\/clanak\/markovina-od-splita-do-zagreba-ima-citav-niz-spaljenih-sela-koje-nisu-spalili-srbi\/2529577.aspx<\/a><\/p>\n\n\n\n<p><a href=\"https:\/\/www.maxportal.hr\/premium-sadrzaj\/dr-miskulin-povuceni-udzbenik-povijesti-je-skandalozan\/\">https:\/\/www.maxportal.hr\/premium-sadrzaj\/dr-miskulin-povuceni-udzbenik-povijesti-je-skandalozan\/<\/a><\/p>\n\n\n\n<figure class=\"wp-block-embed-wordpress wp-block-embed is-type-wp-embed is-provider-dugopolje-portal\"><div class=\"wp-block-embed__wrapper\">\n<blockquote class=\"wp-embedded-content\" data-secret=\"7VeiufPvyj\"><a href=\"https:\/\/dugopolje.org\/dr-miskulin-povuceni-udzbenik-povijesti-je-skandalozan-da-sam-ja-bio-recenzent-taj-udzbenik-ne-bi-mogao-proci\/\">Dr. Mi\u0161kulin: Povu\u010deni ud\u017ebenik povijesti je skandalozan! Da sam ja bio recenzent, taj ud\u017ebenik ne bi mogao pro\u0107i.<\/a><\/blockquote><iframe loading=\"lazy\" class=\"wp-embedded-content\" sandbox=\"allow-scripts\" security=\"restricted\" style=\"position: absolute; clip: rect(1px, 1px, 1px, 1px);\" title=\"&#8220;Dr. Mi\u0161kulin: Povu\u010deni ud\u017ebenik povijesti je skandalozan! Da sam ja bio recenzent, taj ud\u017ebenik ne bi mogao pro\u0107i.&#8221; &#8212; Dugopolje Portal\" src=\"https:\/\/dugopolje.org\/dr-miskulin-povuceni-udzbenik-povijesti-je-skandalozan-da-sam-ja-bio-recenzent-taj-udzbenik-ne-bi-mogao-proci\/embed\/#?secret=HY25etaJbC#?secret=7VeiufPvyj\" data-secret=\"7VeiufPvyj\" width=\"600\" height=\"338\" frameborder=\"0\" marginwidth=\"0\" marginheight=\"0\" scrolling=\"no\"><\/iframe>\n<\/div><\/figure>\n\n\n\n<hr class=\"wp-block-separator\"\/>\n\n\n\n<p><strong>Jakov Blagojevi\u0107<\/strong><\/p>\n\n\n\n<figure class=\"wp-block-embed-wordpress wp-block-embed is-type-wp-embed is-provider-narod-hr\"><div class=\"wp-block-embed__wrapper\">\n<blockquote class=\"wp-embedded-content\" data-secret=\"z7FtM3cHIU\"><a href=\"https:\/\/narod.hr\/hrvatska\/jakov-blagojevic-reakcija-na-telegramov-pokusaj-obrane-povucenog-udzbenika\">Jakov Blagojevi\u0107: Reakcija na Telegramov poku\u0161aj obrane povu\u010denog ud\u017ebenika<\/a><\/blockquote><iframe loading=\"lazy\" class=\"wp-embedded-content\" sandbox=\"allow-scripts\" security=\"restricted\" style=\"position: absolute; clip: rect(1px, 1px, 1px, 1px);\" title=\"&#8220;Jakov Blagojevi\u0107: Reakcija na Telegramov poku\u0161aj obrane povu\u010denog ud\u017ebenika&#8221; &#8212; narod.hr\" src=\"https:\/\/narod.hr\/hrvatska\/jakov-blagojevic-reakcija-na-telegramov-pokusaj-obrane-povucenog-udzbenika\/embed#?secret=88SfVfUnW4#?secret=z7FtM3cHIU\" data-secret=\"z7FtM3cHIU\" width=\"600\" height=\"338\" frameborder=\"0\" marginwidth=\"0\" marginheight=\"0\" scrolling=\"no\"><\/iframe>\n<\/div><\/figure>\n\n\n\n<hr class=\"wp-block-separator\"\/>\n\n\n\n<p><strong>Josip Jur\u010devi\u0107<\/strong><\/p>\n\n\n\n<figure class=\"wp-block-embed-wordpress wp-block-embed is-type-wp-embed is-provider-projekt-velebit\"><div class=\"wp-block-embed__wrapper\">\n<blockquote class=\"wp-embedded-content\" data-secret=\"cFJeJM2olq\"><a href=\"https:\/\/projektvelebit.com\/podcast-velebit-josip-jurcevic-ministarstvo-obrazovanja-namece-jugoslavensku-povijest-za-obnovu-jugoslavije\/\">Podcast Velebit &#8211; Josip Jur\u010devi\u0107: Ministarstvo obrazovanja name\u0107e jugoslavensku povijest za obnovu Jugoslavije<\/a><\/blockquote><iframe loading=\"lazy\" class=\"wp-embedded-content\" sandbox=\"allow-scripts\" security=\"restricted\" style=\"position: absolute; clip: rect(1px, 1px, 1px, 1px);\" title=\"&#8220;Podcast Velebit &#8211; Josip Jur\u010devi\u0107: Ministarstvo obrazovanja name\u0107e jugoslavensku povijest za obnovu Jugoslavije&#8221; &#8212; Projekt Velebit\" src=\"https:\/\/projektvelebit.com\/podcast-velebit-josip-jurcevic-ministarstvo-obrazovanja-namece-jugoslavensku-povijest-za-obnovu-jugoslavije\/embed\/#?secret=ERkM5a8Qnw#?secret=cFJeJM2olq\" data-secret=\"cFJeJM2olq\" width=\"600\" height=\"338\" frameborder=\"0\" marginwidth=\"0\" marginheight=\"0\" scrolling=\"no\"><\/iframe>\n<\/div><\/figure>\n\n\n\n<hr class=\"wp-block-separator\"\/>\n\n\n\n<p><strong>Mato Artukovi\u0107<\/strong><\/p>\n\n\n\n<figure class=\"wp-block-embed-wordpress wp-block-embed is-type-wp-embed is-provider-narod-hr\"><div class=\"wp-block-embed__wrapper\">\n<blockquote class=\"wp-embedded-content\" data-secret=\"1z1tmmBCTT\"><a href=\"https:\/\/narod.hr\/hrvatska\/prof-artukovic-krivotvorenje-najnovije-hrvatske-povijesti-pocelo-je-2005\">Prof. Artukovi\u0107: Krivotvorenje najnovije hrvatske povijesti po\u010delo je 2005.<\/a><\/blockquote><iframe loading=\"lazy\" class=\"wp-embedded-content\" sandbox=\"allow-scripts\" security=\"restricted\" style=\"position: absolute; clip: rect(1px, 1px, 1px, 1px);\" title=\"&#8220;Prof. Artukovi\u0107: Krivotvorenje najnovije hrvatske povijesti po\u010delo je 2005.&#8221; &#8212; narod.hr\" src=\"https:\/\/narod.hr\/hrvatska\/prof-artukovic-krivotvorenje-najnovije-hrvatske-povijesti-pocelo-je-2005\/embed#?secret=cyOarcrSGY#?secret=1z1tmmBCTT\" data-secret=\"1z1tmmBCTT\" width=\"600\" height=\"338\" frameborder=\"0\" marginwidth=\"0\" marginheight=\"0\" scrolling=\"no\"><\/iframe>\n<\/div><\/figure>\n\n\n\n<hr class=\"wp-block-separator\"\/>\n\n\n\n<p><strong>Miljenko Hajdarovi\u0107<\/strong><\/p>\n\n\n\n<p><a href=\"https:\/\/www.index.hr\/vijesti\/clanak\/udzbenik-povijesti-zabranjen-jer-je-smetao-markicki-autor-odgovara-za-index\/2521891.aspx\">https:\/\/www.index.hr\/vijesti\/clanak\/udzbenik-povijesti-zabranjen-jer-je-smetao-markicki-autor-odgovara-za-index\/2521891.aspx<\/a><\/p>\n\n\n\n<p><a href=\"https:\/\/www.portalnovosti.com\/tretmanom-povijesti-u-poraze-buducnosti\">https:\/\/www.portalnovosti.com\/tretmanom-povijesti-u-poraze-buducnosti<\/a><\/p>\n\n\n\n<p><a href=\"https:\/\/www.klix.ba\/vijesti\/bih\/miljenko-hajdarovic-gost-besjeda-o-obrazovanju-zabranjeni-udzbenici-i-biznis-izdavanja-nagrada\/240324048\">https:\/\/www.klix.ba\/vijesti\/bih\/miljenko-hajdarovic-gost-besjeda-o-obrazovanju-zabranjeni-udzbenici-i-biznis-izdavanja-nagrada\/240324048<\/a><\/p>\n\n\n\n<hr class=\"wp-block-separator\"\/>\n\n\n\n<p><strong>Vladimir Posavec<\/strong>, <strong>Tvrtko Jakovina<\/strong><\/p>\n\n\n\n<figure class=\"wp-block-embed-youtube wp-block-embed is-type-video is-provider-youtube wp-embed-aspect-16-9 wp-has-aspect-ratio\"><div class=\"wp-block-embed__wrapper\">\n<span class=\"embed-youtube\" style=\"text-align:center; display: block;\"><iframe loading=\"lazy\" class=\"youtube-player\" width=\"860\" height=\"484\" src=\"https:\/\/www.youtube.com\/embed\/ENKyU7KgcVE?version=3&#038;rel=1&#038;showsearch=0&#038;showinfo=1&#038;iv_load_policy=1&#038;fs=1&#038;hl=hr&#038;autohide=2&#038;wmode=transparent\" allowfullscreen=\"true\" style=\"border:0;\" sandbox=\"allow-scripts allow-same-origin allow-popups allow-presentation allow-popups-to-escape-sandbox\"><\/iframe><\/span>\n<\/div><\/figure>\n\n\n\n<hr class=\"wp-block-separator\"\/>\n","protected":false},"excerpt":{"rendered":"","protected":false},"author":2,"featured_media":38747,"comment_status":"open","ping_status":"open","sticky":false,"template":"","format":"standard","meta":{"_acf_changed":false,"jetpack_post_was_ever_published":false,"_jetpack_newsletter_access":"","_jetpack_dont_email_post_to_subs":false,"_jetpack_newsletter_tier_id":0,"_jetpack_memberships_contains_paywalled_content":false,"_jetpack_memberships_contains_paid_content":false,"footnotes":"","jetpack_publicize_message":"","jetpack_publicize_feature_enabled":true,"jetpack_social_post_already_shared":true,"jetpack_social_options":{"image_generator_settings":{"template":"highway","default_image_id":0,"font":"","enabled":false},"version":2}},"categories":[3,17],"tags":[],"class_list":["post-38737","post","type-post","status-publish","format-standard","has-post-thumbnail","hentry","category-novosti","category-rasprave"],"acf":{"facebook_opis":""},"jetpack_publicize_connections":[],"jetpack_featured_media_url":"https:\/\/i0.wp.com\/historiografija.hr\/wp-content\/uploads\/2023\/12\/Zasto-je-povijest-vazna-1.jpg?fit=652%2C486&ssl=1","jetpack_sharing_enabled":true,"jetpack-related-posts":[],"_links":{"self":[{"href":"https:\/\/historiografija.hr\/index.php?rest_route=\/wp\/v2\/posts\/38737","targetHints":{"allow":["GET"]}}],"collection":[{"href":"https:\/\/historiografija.hr\/index.php?rest_route=\/wp\/v2\/posts"}],"about":[{"href":"https:\/\/historiografija.hr\/index.php?rest_route=\/wp\/v2\/types\/post"}],"author":[{"embeddable":true,"href":"https:\/\/historiografija.hr\/index.php?rest_route=\/wp\/v2\/users\/2"}],"replies":[{"embeddable":true,"href":"https:\/\/historiografija.hr\/index.php?rest_route=%2Fwp%2Fv2%2Fcomments&post=38737"}],"version-history":[{"count":27,"href":"https:\/\/historiografija.hr\/index.php?rest_route=\/wp\/v2\/posts\/38737\/revisions"}],"predecessor-version":[{"id":42010,"href":"https:\/\/historiografija.hr\/index.php?rest_route=\/wp\/v2\/posts\/38737\/revisions\/42010"}],"wp:featuredmedia":[{"embeddable":true,"href":"https:\/\/historiografija.hr\/index.php?rest_route=\/wp\/v2\/media\/38747"}],"wp:attachment":[{"href":"https:\/\/historiografija.hr\/index.php?rest_route=%2Fwp%2Fv2%2Fmedia&parent=38737"}],"wp:term":[{"taxonomy":"category","embeddable":true,"href":"https:\/\/historiografija.hr\/index.php?rest_route=%2Fwp%2Fv2%2Fcategories&post=38737"},{"taxonomy":"post_tag","embeddable":true,"href":"https:\/\/historiografija.hr\/index.php?rest_route=%2Fwp%2Fv2%2Ftags&post=38737"}],"curies":[{"name":"wp","href":"https:\/\/api.w.org\/{rel}","templated":true}]}}