{"id":38734,"date":"2023-12-27T15:00:26","date_gmt":"2023-12-27T15:00:26","guid":{"rendered":"http:\/\/historiografija.hr\/?p=38734"},"modified":"2023-12-27T15:00:26","modified_gmt":"2023-12-27T15:00:26","slug":"izlozba-osvijesti-odupri-se-reagiraj-performans-i-politika-u-postjugoslavenskom-kontekstu-1990-ih","status":"publish","type":"post","link":"https:\/\/historiografija.hr\/?p=38734","title":{"rendered":"Izlo\u017eba \u201eOsvijesti! Odupri se! Reagiraj! Performans i politika u postjugoslavenskom kontekstu 1990-ih\u201c"},"content":{"rendered":"\n<p><strong>14.12.2023 &#8211; 10.03.2024 \/ Zagreb, Muzej suvremene umjetnosti, 3. kat<\/strong><\/p>\n\n\n\n<hr class=\"wp-block-separator\"\/>\n\n\n\n<p>Nakon 1990-ih, desetlje\u0107a velikih promjena, na nevelikom prostoru nekada zajedni\u010dke federacije nastale su razli\u010dite dr\u017eave i povijesno-vremenske zone. Nastale u ratovima, u manje ili vi\u0161e uspje\u0161nim politi\u010dkim i ekonomskim tranzicijama, \u010desto su se lako odricale naslije\u0111a.&nbsp; &nbsp;<\/p>\n\n\n\n<p>Politi\u010dki performans kao oblik osobnog ili organiziranog umjetni\u010dkog otpora u tim burnim vremenima, \u010dije posljedice i jo\u0161 osje\u0107amo, u fokusu je izlo\u017ebe <strong>Osvijesti! Odupri se! Reagiraj! Performans i politika u postjugoslavenskom kontekstu 1990-ih<\/strong>.&nbsp;<\/p>\n\n\n\n<p>Razdoblje rasapa podrazumijevalo je uspostavu dr\u017eavnih granica i simbola, razgrani\u010denja jezika, militarizaciju, jasnu distinkciju od susjednih dr\u017eava kao i izgradnju kapitalizma. Iz antiratnih i radni\u010dkih protesta, sletova, uli\u010dnih akcija i predstava, iz konteksta civilnog dru\u0161tva koje se na\u0161lo u opoziciji prema novootkrivenim vrijednostima nastaju\u0107ih demokracija, ali i sitnih gesti i osobnih interakcija, proiza\u0161ao je niz emancipatornih formi otpora. Klju\u010dne rije\u010di iz kojih proizlazi postav izlo\u017ebe su opsada i granica, ulica i trag u javnom prostoru, protest i predstava, javni govor, feminizam, tijelo radikalnog otpora i tijelo mno\u0161tva, tijelo Drugosti i tijelo patnje.<\/p>\n\n\n\n<p>Izlo\u017eba, realizirana u suradnji s Modernom galerijom i Muzejom suvremene umjetnosti u Ljubljani, u velikoj se mjeri zasniva na istoimenoj izlo\u017ebi postavljenoj u MSUM+ u pandemijskoj 2021. godini. Verzija koju predstavljamo u Zagrebu, uz ne\u0161to ve\u0107i fokus na hrvatsku scenu, kroz postav tematizira naslije\u0111e 1990-ih i u kontekstu ratnih prijetnji, opsada i genocida kojima iznova svjedo\u010dimo od velja\u010de 2022. do danas.<\/p>\n\n\n\n<p>Kustosica izlo\u017ebe: Jasna Jak\u0161i\u0107 u suradnji s Bojanom Pi\u0161kur, Lindom Gusia, Vidom Kne\u017eevi\u0107, Nitom Luci, Asjom Mandi\u0107, Biljanom Tanurovska-Kjulavkovski, Ivanom Vasevom, Rokom Vevarom i Jasminom Zalo\u017enik<\/p>\n\n\n\n<p>Postav izlo\u017ebe: Sini\u0161a Ili\u0107<\/p>\n\n\n\n<p>Vizualni identitet: Sanja Kuzmanovi\u0107<\/p>\n\n\n\n<p>Arkzin | Art Publishing group (Bojan Bahi\u0107 &amp; Sanda Hnatjuk) | Maja Bajevi\u0107 | Damir Bartol Indo\u0161 | Aleksandar Battista Ili\u0107, Ivana Keser, Tomislav Gotovac | Faruk Begolli | Matja\u017e Berger | Goran Bertok | Iva-Matija Bitanga &amp; Bijesne gliste | Zoran Bogdanovi\u0107 | Marko Brecelj | Mateja Bu\u010dar | Centar za kulturnu dekontaminaciju (Center for Cultural Decontamination) | Predrag \u010can\u010dar | Ivica \u010culjak (Satan Panonski) | Dah Teatar | Danica Daki\u0107 | Vlasta Delimar | Iskra Dimitrova | Dodona Teatri (Dodona Theater) | Feral Tribune | Tomislav Gotovac | Igor Grubi\u0107 | Grupa Elementi (Biljana Petrovska Isijanin, Ljup\u010do Isijanin) | Marina Gr\u017eini\u0107 &amp; Aina \u0160mid | Kemal Had\u017ei\u0107 | Jusuf Had\u017eifejzovi\u0107 | Sanja Ivekovi\u0107 | Sanjin Juki\u0107 | Robert Jankuloski | Ante Juri\u0107 | Bo\u017eidar Jurjevi\u0107 | KOHA | Zlatko Kopljar | Marko A. Kova\u010di\u010d | Bojana Kunst &amp; Igor \u0160tromajer | Laibach | Le Cheval | Led art | Goran Li\u0161nji\u0107 (LEBENSFORMER) | Magnet | Sa\u0161a Markovi\u0107 Mikrob | Goranka Mati\u0107 | MAXUMIM (Eldina Begi\u0107, Suzana Ceri\u0107, Alma Fazli\u0107, Zlatan Filipovi\u0107, Anur Had\u017eiomerspahi\u0107, Almir Kurt, Damir Nik\u0161i\u0107, Hamdija Pa\u0161i\u0107, Samir Plasto, Rachel Rossner, Anela \u0160abi\u0107, Neboj\u0161a \u0160eri\u0107 Shoba, Dejan Veki\u0107, Ajna Zlatar) | Ana Miljani\u0107 | Mladina | Peter Mlakar | Monta\u017estroj | Oliver Musovik | Muzej biciklisti\u010dkog ustanka (Museum of the Bicycle Uprising) | Nepopravljivi optimisti (The Incorrigible Optimists) | Novi kolektivizem (New Collectivism) | NSK | Edin Numankadi\u0107 | Organizirane \u017eenske skupine Slovenije (Organized Women\u2019s Groups of Slovenia) | Irena Paskali | Nusret Pa\u0161i\u0107 | Zoran Paveli\u0107 |\u00a0 Marko Peljhan | Ivana Popovi\u0107 | Arjan Pregl, Miha \u0160trukelj, Marko Zatler | Sarajevski New Primitivs (Sarajevo New Primitivs) | Schmrtz Teatar | Enes Sivac | Mustafa Skopljak | Stilinovi\u0107 | Sven Stilinovi\u0107 | Sa\u0161a Stojanovi\u0107 | Alma Suljevi\u0107 | Bojan \u0160ar\u010devi\u0107 | Neboj\u0161a \u0160eri\u0107 Shoba | \u0160kart | Ive Tabar | Theatre des Femmes | Slaven Tolj | Igor To\u0161evski | Sr\u0111an Veljovi\u0107 | Vreme | Sonja Vuki\u0107evi\u0107 | Petar Waldegg | \u017deljko Zorica\u00a0| \u017dene u crnom (Women in Black) | Dragan \u017divadinov<\/p>\n\n\n\n<hr class=\"wp-block-separator\"\/>\n\n\n\n<p>Izvor:<\/p>\n\n\n\n<p><a href=\"http:\/\/www.msu.hr\/dogadanja\/osvijesti!-odupri-se!-uzvrati!-performans-i-politika-u-postjugoslavenskom-kontekstu-1990-ih\/1333.html\">http:\/\/www.msu.hr\/dogadanja\/osvijesti!-odupri-se!-uzvrati!-performans-i-politika-u-postjugoslavenskom-kontekstu-1990-ih\/1333.html<\/a><\/p>\n\n\n\n<hr class=\"wp-block-separator\"\/>\n","protected":false},"excerpt":{"rendered":"","protected":false},"author":2,"featured_media":38735,"comment_status":"open","ping_status":"open","sticky":false,"template":"","format":"standard","meta":{"_acf_changed":false,"jetpack_post_was_ever_published":false,"_jetpack_newsletter_access":"","_jetpack_dont_email_post_to_subs":false,"_jetpack_newsletter_tier_id":0,"_jetpack_memberships_contains_paywalled_content":false,"_jetpack_memberships_contains_paid_content":false,"footnotes":"","jetpack_publicize_message":"","jetpack_publicize_feature_enabled":true,"jetpack_social_post_already_shared":true,"jetpack_social_options":{"image_generator_settings":{"template":"highway","default_image_id":0,"font":"","enabled":false},"version":2}},"categories":[10,3],"tags":[],"class_list":["post-38734","post","type-post","status-publish","format-standard","has-post-thumbnail","hentry","category-izlozbe","category-novosti"],"acf":{"facebook_opis":""},"jetpack_publicize_connections":[],"jetpack_featured_media_url":"https:\/\/i0.wp.com\/historiografija.hr\/wp-content\/uploads\/2023\/12\/Performans.png?fit=562%2C556&ssl=1","jetpack_sharing_enabled":true,"jetpack-related-posts":[],"_links":{"self":[{"href":"https:\/\/historiografija.hr\/index.php?rest_route=\/wp\/v2\/posts\/38734","targetHints":{"allow":["GET"]}}],"collection":[{"href":"https:\/\/historiografija.hr\/index.php?rest_route=\/wp\/v2\/posts"}],"about":[{"href":"https:\/\/historiografija.hr\/index.php?rest_route=\/wp\/v2\/types\/post"}],"author":[{"embeddable":true,"href":"https:\/\/historiografija.hr\/index.php?rest_route=\/wp\/v2\/users\/2"}],"replies":[{"embeddable":true,"href":"https:\/\/historiografija.hr\/index.php?rest_route=%2Fwp%2Fv2%2Fcomments&post=38734"}],"version-history":[{"count":1,"href":"https:\/\/historiografija.hr\/index.php?rest_route=\/wp\/v2\/posts\/38734\/revisions"}],"predecessor-version":[{"id":38736,"href":"https:\/\/historiografija.hr\/index.php?rest_route=\/wp\/v2\/posts\/38734\/revisions\/38736"}],"wp:featuredmedia":[{"embeddable":true,"href":"https:\/\/historiografija.hr\/index.php?rest_route=\/wp\/v2\/media\/38735"}],"wp:attachment":[{"href":"https:\/\/historiografija.hr\/index.php?rest_route=%2Fwp%2Fv2%2Fmedia&parent=38734"}],"wp:term":[{"taxonomy":"category","embeddable":true,"href":"https:\/\/historiografija.hr\/index.php?rest_route=%2Fwp%2Fv2%2Fcategories&post=38734"},{"taxonomy":"post_tag","embeddable":true,"href":"https:\/\/historiografija.hr\/index.php?rest_route=%2Fwp%2Fv2%2Ftags&post=38734"}],"curies":[{"name":"wp","href":"https:\/\/api.w.org\/{rel}","templated":true}]}}