{"id":38709,"date":"2023-12-25T19:29:06","date_gmt":"2023-12-25T19:29:06","guid":{"rendered":"http:\/\/historiografija.hr\/?p=38709"},"modified":"2023-12-25T19:29:06","modified_gmt":"2023-12-25T19:29:06","slug":"origen-protiv-celza","status":"publish","type":"post","link":"https:\/\/historiografija.hr\/?p=38709","title":{"rendered":"Origen, \u201eProtiv Celza\u201c"},"content":{"rendered":"\n<p>Origen Adamancije (oko 185. \u2013 254.) jedan je od najdubljih mislilaca i najplodnijih pisaca kr\u0161\u0107anske starine.<\/p>\n\n\n\n<p><em>Protiv Celza<\/em> jedino je Origenovo apologetsko djelo u kojem odgovara na Celzove optu\u017ebe protiv kr\u0161\u0107anstva.<\/p>\n\n\n\n<p>Valja podsjetiti da su u po\u010detku kr\u0161\u0107ani svojim sugra\u0111anima bili odre\u0111ena nepoznanica; izdvajali su se iz dru\u0161tva i nekr\u0161tenima nije bilo dopu\u0161teno sudjelovanje u njihovim svetim obredima. To je dovelo do svakojakih trivijalnih predrasuda i optu\u017ebi.<\/p>\n\n\n\n<p>Celzo se prvi potrudio bolje upoznati kr\u0161\u0107anstvo i oko 180. godine sastavio je intelektualnu kritiku. U osnovi Celzo osporava bilo kakvu vrijednost evan\u0111eoske poruke, Isusove osobe koja je tu poruku navijestila i u\u010denika koji su je ra\u0161irili po svijetu. Djelo nije sa\u010duvano.<\/p>\n\n\n\n<p>Origen vrlo korektno, gotovo skrupulozno, navodi svaki Celzov prigovor, pomno ga analizira i na njega odgovara. Nerijetko ukazuje kako je Celzo neobjektivan, \u010desto povr\u0161an i nedovoljno informiran, \u010dak zlobno pristran, jer nekad kao kr\u0161\u0107anske stavove napada ono \u0161to ni sam Origen ne prihva\u0107a.<\/p>\n\n\n\n<p>Iz ovog polemi\u010dkog spisa, <em>Protiv Celza<\/em>, mo\u017ee se i\u0161\u010ditati mnogo toga o anti\u010dkom \u010dovjeku, o&nbsp; njegovim strahovima i \u010de\u017enjama, o njegovu poimanju bo\u017eanskog\/duhovnog svijeta, o religijskim praksama, o odnosu poganstva i kr\u0161\u0107anstva pa i o pluralizmu unutar samog kr\u0161\u0107anstva.<\/p>\n\n\n\n<p>Ovim prijevodom Branka Jozi\u0107a \u017eeli se hrvatskom \u010ditatelju podastrijeti tekst iz kr\u0161\u0107anske starine va\u017ean zbog njegove religijske i kulturne dimenzije. Radi lak\u0161eg snala\u017eenja, u bilje\u0161kama su dodane reference i kratka poja\u0161njenja.<\/p>\n\n\n\n<hr class=\"wp-block-separator\"\/>\n\n\n\n<p>Nakladnik: Kr\u0161\u0107anska sada\u0161njost<\/p>\n\n\n\n<p>Izdanje: I. izdanje, Zagreb<\/p>\n\n\n\n<p>Godina izdanja: 2023.<\/p>\n\n\n\n<p>Format: 17 x 24 cm; 499 str.<\/p>\n\n\n\n<p>Biblioteka: Kr\u0161\u0107anski klasici<\/p>\n\n\n\n<p>Podru\u010dje: Teologija, Povijest Crkve i kr\u0161\u0107anstva<\/p>\n\n\n\n<hr class=\"wp-block-separator\"\/>\n\n\n\n<p>Prelistaj knjigu:<\/p>\n\n\n\n<p><a href=\"https:\/\/www.ks.hr\/naslovnica\/9150340-protiv-celza.html\">https:\/\/www.ks.hr\/naslovnica\/9150340-protiv-celza.html<\/a><\/p>\n\n\n\n<hr class=\"wp-block-separator\"\/>\n","protected":false},"excerpt":{"rendered":"","protected":false},"author":2,"featured_media":38710,"comment_status":"open","ping_status":"open","sticky":false,"template":"","format":"standard","meta":{"_acf_changed":false,"jetpack_post_was_ever_published":false,"_jetpack_newsletter_access":"","_jetpack_dont_email_post_to_subs":false,"_jetpack_newsletter_tier_id":0,"_jetpack_memberships_contains_paywalled_content":false,"_jetpack_memberships_contains_paid_content":false,"footnotes":"","jetpack_publicize_message":"","jetpack_publicize_feature_enabled":true,"jetpack_social_post_already_shared":true,"jetpack_social_options":{"image_generator_settings":{"template":"highway","default_image_id":0,"font":"","enabled":false},"version":2}},"categories":[8,3],"tags":[],"class_list":["post-38709","post","type-post","status-publish","format-standard","has-post-thumbnail","hentry","category-knjige","category-novosti"],"acf":{"facebook_opis":""},"jetpack_publicize_connections":[],"jetpack_featured_media_url":"https:\/\/i0.wp.com\/historiografija.hr\/wp-content\/uploads\/2023\/12\/protiv-celza.jpg?fit=540%2C540&ssl=1","jetpack_sharing_enabled":true,"jetpack-related-posts":[],"_links":{"self":[{"href":"https:\/\/historiografija.hr\/index.php?rest_route=\/wp\/v2\/posts\/38709","targetHints":{"allow":["GET"]}}],"collection":[{"href":"https:\/\/historiografija.hr\/index.php?rest_route=\/wp\/v2\/posts"}],"about":[{"href":"https:\/\/historiografija.hr\/index.php?rest_route=\/wp\/v2\/types\/post"}],"author":[{"embeddable":true,"href":"https:\/\/historiografija.hr\/index.php?rest_route=\/wp\/v2\/users\/2"}],"replies":[{"embeddable":true,"href":"https:\/\/historiografija.hr\/index.php?rest_route=%2Fwp%2Fv2%2Fcomments&post=38709"}],"version-history":[{"count":1,"href":"https:\/\/historiografija.hr\/index.php?rest_route=\/wp\/v2\/posts\/38709\/revisions"}],"predecessor-version":[{"id":38711,"href":"https:\/\/historiografija.hr\/index.php?rest_route=\/wp\/v2\/posts\/38709\/revisions\/38711"}],"wp:featuredmedia":[{"embeddable":true,"href":"https:\/\/historiografija.hr\/index.php?rest_route=\/wp\/v2\/media\/38710"}],"wp:attachment":[{"href":"https:\/\/historiografija.hr\/index.php?rest_route=%2Fwp%2Fv2%2Fmedia&parent=38709"}],"wp:term":[{"taxonomy":"category","embeddable":true,"href":"https:\/\/historiografija.hr\/index.php?rest_route=%2Fwp%2Fv2%2Fcategories&post=38709"},{"taxonomy":"post_tag","embeddable":true,"href":"https:\/\/historiografija.hr\/index.php?rest_route=%2Fwp%2Fv2%2Ftags&post=38709"}],"curies":[{"name":"wp","href":"https:\/\/api.w.org\/{rel}","templated":true}]}}