{"id":38685,"date":"2023-12-23T21:01:51","date_gmt":"2023-12-23T21:01:51","guid":{"rendered":"http:\/\/historiografija.hr\/?p=38685"},"modified":"2023-12-23T21:03:46","modified_gmt":"2023-12-23T21:03:46","slug":"kosta-nikolic-jugoslavija-poslednji-dani-1989-1992-knjiga-3-razaranje-drzave-stvaranje-drzava","status":"publish","type":"post","link":"https:\/\/historiografija.hr\/?p=38685","title":{"rendered":"Kosta Nikoli\u0107 \u201eJugoslavija, poslednji dani (1989-1992). Knjiga 3: Razaranje dr\u017eave, stvaranje dr\u017eava\u201c"},"content":{"rendered":"\n<p>Pred \u010ditaocima se nalazi zavr\u0161ni tom povesti o raspadu Jugoslavije u kojem centralno mesto zauzimaju tri teme: u okviru prve opisuje se i kriti\u010dki tuma\u010di politika Evropske zajednice, mirovna konferencija o Jugoslaviji, priznavanje nezavisnosti pojedinih jugoslovenskih republika i dolazak snaga Ujedinjenih nacija u Hrvatsku, druga tema posve\u0107ena je politi\u010dkoj istoriji Bosne i Hercegovine od prole\u0107a 1991. do prole\u0107a naredne godine, kada je priznata njena nezavisnost, tre\u0107a tema bavi se stvaranjem Savezne Republike Jugoslavije, saveza Srbije i Crne Gore i doga\u0111ajima koji su uslovili uvo\u0111enje sankcija prema toj dr\u017eavi od strane Saveta bezbednosti UN. Na kraju su data zaklju\u010dna razmatranja o nestanku Jugoslavije.<br><br>Ovom prilikom ukazujemo i na jednu posebnost vezanu za izvorni materijal koja se ti\u010de Slu\u017ebe dr\u017eavne bezbednosti Srbije. U izve\u0161taju 5. odeljenja Resora dr\u017eavne bezbednosti za Beograd od 3. januara 1996. re\u010deno je da su Fond za humanitarno pravo iz Beograda i Helsin\u0161ki odbor za ljudska prava u Srbiji stupili u vezu sa Tribunalom u Hagu \u201ei spremni su da im, na zahtev, dostave kompletnu dokumentaciju\u201c. Dalje je nagla\u0161eno da je tokom sre\u0111ivanja dokumentacije izvr\u0161en popis dokumenata predvi\u0111enih za uni\u0161tavanje i \u201eposle predvi\u0111ene procedure uni\u0161teno je 60.000 materijala u fabrici na Adi Huji i u Termoelektrani \u201eNikola Tesla\u201c u Obrenovcu\u201c.<br><br>Ovom knjigom ne zavr\u0161ava se na\u0161a pri\u010da o ratovima za jugoslovensko nasle\u0111e. Doga\u0111aji u Bosni i Hercegovini i situaciji u za\u0161ti\u0107enim zonama Ujedinjenih nacija u Hrvatskoj od 1992, do mirovne konferencije u Dejtonu 1995. bi\u0107e opisani u posebnim monografijama.<\/p>\n\n\n\n<hr class=\"wp-block-separator\"\/>\n\n\n\n<p>Izdava\u010d: Slu\u017ebeni glasnik, 2022; \u0107irilica; 520 str.<\/p>\n\n\n\n<hr class=\"wp-block-separator\"\/>\n\n\n\n<p>Izvori i dodatne obavijesti:<\/p>\n\n\n\n<p><a href=\"https:\/\/www.knjizara.com\/Jugoslavija-poslednji-dani-1989-1992-Knjiga-3-Kosta-Nikolic-163871\">https:\/\/www.knjizara.com\/Jugoslavija-poslednji-dani-1989-1992-Knjiga-3-Kosta-Nikolic-163871<\/a><\/p>\n\n\n\n<p><a href=\"http:\/\/www.slglasnik.com\/\">http:\/\/www.slglasnik.com\/<\/a><\/p>\n\n\n\n<hr class=\"wp-block-separator\"\/>\n\n\n\n<figure class=\"wp-block-embed-wordpress wp-block-embed is-type-wp-embed is-provider-historiografija-hr\"><div class=\"wp-block-embed__wrapper\">\n<blockquote class=\"wp-embedded-content\" data-secret=\"9czJwY8Jfo\"><a href=\"https:\/\/historiografija.hr\/?p=23380\">Kosta Nikoli\u0107, \u201eJugoslavija, poslednji dani (1989-1992). Knjiga 2: Ljudi mr\u017enje, zemlja smrti\u201c<\/a><\/blockquote><iframe loading=\"lazy\" class=\"wp-embedded-content\" sandbox=\"allow-scripts\" security=\"restricted\" style=\"position: absolute; clip: rect(1px, 1px, 1px, 1px);\" title=\"&#8220;Kosta Nikoli\u0107, \u201eJugoslavija, poslednji dani (1989-1992). Knjiga 2: Ljudi mr\u017enje, zemlja smrti\u201c&#8221; &#8212; Historiografija.hr\" src=\"https:\/\/historiografija.hr\/?p=23380&#038;embed=true#?secret=9czJwY8Jfo\" data-secret=\"9czJwY8Jfo\" width=\"600\" height=\"338\" frameborder=\"0\" marginwidth=\"0\" marginheight=\"0\" scrolling=\"no\"><\/iframe>\n<\/div><\/figure>\n\n\n\n<hr class=\"wp-block-separator\"\/>\n\n\n\n<figure class=\"wp-block-embed-wordpress wp-block-embed is-type-wp-embed is-provider-historiografija-hr\"><div class=\"wp-block-embed__wrapper\">\n<blockquote class=\"wp-embedded-content\" data-secret=\"JDfDbWHT0s\"><a href=\"https:\/\/historiografija.hr\/?p=13883\">Kosta Nikoli\u0107, \u201eJugoslavija, poslednji dani (1989-1992). Knjiga 1: Svi Srbi u jednoj dr\u017eavi\u201c<\/a><\/blockquote><iframe loading=\"lazy\" class=\"wp-embedded-content\" sandbox=\"allow-scripts\" security=\"restricted\" style=\"position: absolute; clip: rect(1px, 1px, 1px, 1px);\" title=\"&#8220;Kosta Nikoli\u0107, \u201eJugoslavija, poslednji dani (1989-1992). Knjiga 1: Svi Srbi u jednoj dr\u017eavi\u201c&#8221; &#8212; Historiografija.hr\" src=\"https:\/\/historiografija.hr\/?p=13883&#038;embed=true#?secret=JDfDbWHT0s\" data-secret=\"JDfDbWHT0s\" width=\"600\" height=\"338\" frameborder=\"0\" marginwidth=\"0\" marginheight=\"0\" scrolling=\"no\"><\/iframe>\n<\/div><\/figure>\n\n\n\n<hr class=\"wp-block-separator\"\/>\n","protected":false},"excerpt":{"rendered":"","protected":false},"author":2,"featured_media":38686,"comment_status":"open","ping_status":"open","sticky":false,"template":"","format":"standard","meta":{"_acf_changed":false,"jetpack_post_was_ever_published":false,"_jetpack_newsletter_access":"","_jetpack_dont_email_post_to_subs":false,"_jetpack_newsletter_tier_id":0,"_jetpack_memberships_contains_paywalled_content":false,"_jetpack_memberships_contains_paid_content":false,"footnotes":"","jetpack_publicize_message":"","jetpack_publicize_feature_enabled":true,"jetpack_social_post_already_shared":true,"jetpack_social_options":{"image_generator_settings":{"template":"highway","default_image_id":0,"font":"","enabled":false},"version":2}},"categories":[8,3],"tags":[],"class_list":["post-38685","post","type-post","status-publish","format-standard","has-post-thumbnail","hentry","category-knjige","category-novosti"],"acf":{"facebook_opis":""},"jetpack_publicize_connections":[],"jetpack_featured_media_url":"https:\/\/i0.wp.com\/historiografija.hr\/wp-content\/uploads\/2023\/12\/Jugoslavija-poslednji-dani-1989-1992-Knjiga-3.gif?fit=355%2C544&ssl=1","jetpack_sharing_enabled":true,"jetpack-related-posts":[],"_links":{"self":[{"href":"https:\/\/historiografija.hr\/index.php?rest_route=\/wp\/v2\/posts\/38685","targetHints":{"allow":["GET"]}}],"collection":[{"href":"https:\/\/historiografija.hr\/index.php?rest_route=\/wp\/v2\/posts"}],"about":[{"href":"https:\/\/historiografija.hr\/index.php?rest_route=\/wp\/v2\/types\/post"}],"author":[{"embeddable":true,"href":"https:\/\/historiografija.hr\/index.php?rest_route=\/wp\/v2\/users\/2"}],"replies":[{"embeddable":true,"href":"https:\/\/historiografija.hr\/index.php?rest_route=%2Fwp%2Fv2%2Fcomments&post=38685"}],"version-history":[{"count":2,"href":"https:\/\/historiografija.hr\/index.php?rest_route=\/wp\/v2\/posts\/38685\/revisions"}],"predecessor-version":[{"id":38688,"href":"https:\/\/historiografija.hr\/index.php?rest_route=\/wp\/v2\/posts\/38685\/revisions\/38688"}],"wp:featuredmedia":[{"embeddable":true,"href":"https:\/\/historiografija.hr\/index.php?rest_route=\/wp\/v2\/media\/38686"}],"wp:attachment":[{"href":"https:\/\/historiografija.hr\/index.php?rest_route=%2Fwp%2Fv2%2Fmedia&parent=38685"}],"wp:term":[{"taxonomy":"category","embeddable":true,"href":"https:\/\/historiografija.hr\/index.php?rest_route=%2Fwp%2Fv2%2Fcategories&post=38685"},{"taxonomy":"post_tag","embeddable":true,"href":"https:\/\/historiografija.hr\/index.php?rest_route=%2Fwp%2Fv2%2Ftags&post=38685"}],"curies":[{"name":"wp","href":"https:\/\/api.w.org\/{rel}","templated":true}]}}