{"id":38670,"date":"2023-12-22T16:57:01","date_gmt":"2023-12-22T16:57:01","guid":{"rendered":"http:\/\/historiografija.hr\/?p=38670"},"modified":"2023-12-22T16:57:01","modified_gmt":"2023-12-22T16:57:01","slug":"priopcenje-inicijative-mladih-za-ljudska-prava-povodom-povlacenja-udzbenika-povijesti","status":"publish","type":"post","link":"https:\/\/historiografija.hr\/?p=38670","title":{"rendered":"Priop\u0107enje Inicijative mladih za ljudska prava povodom povla\u010denja ud\u017ebenika povijesti"},"content":{"rendered":"\n<p>Po\u010detkom prosinca 2023. godine Ministarstvo znanosti i obrazovanja je na \u010delu s ministrom Radovanom Fuchsom donijelo odluku o povla\u010denju ud\u017ebenika za \u010detvrti razred gimnazije <em>Za\u0161to je povijest va\u017ena?<\/em> autora Miljenka Hajdarovi\u0107a, Vedrana Risti\u0107a i Nikice Torbice iz Kataloga odobrenih ud\u017ebenika. Ta je odluka formalno temeljena na stru\u010dnom mi\u0161ljenju ocjenjiva\u010da Agencije za odgoj i obrazovanje, koje je negativno ocijenilo ud\u017ebenik zato \u0161to sadr\u017ei neto\u010dne ili zastarjele podatke i upu\u0107uje u\u010denika na pogre\u0161ne zaklju\u010dke. Isto je Ministarstvo taj ud\u017ebenik prethodno odobrilo 17. svibnja 2021. godine pa iz njega, stoga, ve\u0107 dvije \u0161kolske godine mogu u\u010diti i u\u010de maturanti odre\u0111enog broja gimnazija u Hrvatskoj.&nbsp;<\/p>\n\n\n\n<p>Dosad poznatu <a href=\"https:\/\/historiografija.hr\/?p=38592&amp;fbclid=IwAR2U6HtcmmohZQHTybDjWiAjdKZjv3emHmOHtHq5TP0f5B5sQjA-GGuWNPI\">kronologiju doga\u0111aja vezanih za povla\u010denje ud\u017ebenika<\/a> te njezinu problemati\u010dnost obja\u0161njava Snje\u017eana Koren, profesorica s Odsjeka za povijest Filozofskog fakulteta u Zagrebu, na portalu Historiografija.hr.&nbsp;<\/p>\n\n\n\n<p>Kao \u0161to i ona navodi, odluka o povla\u010denju ud\u017ebenika povijesti nije zabilje\u017eena ve\u0107 \u010detvrt stolje\u0107a u Hrvatskoj, stoga ovo neminovno podsje\u0107a na razdoblje prije 1996. godine kad je postojao monopol jednog propisanog i prihvatljivog ud\u017ebenika i koje se mo\u017ee svesti pod tezu da se nacionalna povijest koristi u politi\u010dkoj borbi.&nbsp;<\/p>\n\n\n\n<p>No, bez obzira na to \u0161to je takva praksa (dosad) <em>bila stvar pro\u0161losti<\/em>, nastava povijesti povremeno dolazi u sredi\u0161te politi\u010dke, akademske i \u0161ire javnosti, uglavnom zbog nezadovoljstva time kako se pristupa obradi razdoblja raspada Jugoslavije, ratova devedesetih i poslijeratne izgradnje neovisnih dr\u017eava.\u00a0<\/p>\n\n\n\n<hr class=\"wp-block-separator\"\/>\n\n\n\n<p><strong><em>Cijeli tekst priop\u0107enja dostupan je na sljede\u0107oj poveznici:<\/em><\/strong><\/p>\n\n\n\n<p><a href=\"https:\/\/yihr.hr\/hr\/inicijativino-priopcenje-o-povlacenju-udzbenika-povijesti\">https:\/\/yihr.hr\/hr\/inicijativino-priopcenje-o-povlacenju-udzbenika-povijesti<\/a><\/p>\n\n\n\n<hr class=\"wp-block-separator\"\/>\n","protected":false},"excerpt":{"rendered":"","protected":false},"author":2,"featured_media":38671,"comment_status":"open","ping_status":"open","sticky":false,"template":"","format":"standard","meta":{"_acf_changed":false,"jetpack_post_was_ever_published":false,"_jetpack_newsletter_access":"","_jetpack_dont_email_post_to_subs":false,"_jetpack_newsletter_tier_id":0,"_jetpack_memberships_contains_paywalled_content":false,"_jetpack_memberships_contains_paid_content":false,"footnotes":"","jetpack_publicize_message":"","jetpack_publicize_feature_enabled":true,"jetpack_social_post_already_shared":true,"jetpack_social_options":{"image_generator_settings":{"template":"highway","default_image_id":0,"font":"","enabled":false},"version":2}},"categories":[3,17],"tags":[],"class_list":["post-38670","post","type-post","status-publish","format-standard","has-post-thumbnail","hentry","category-novosti","category-rasprave"],"acf":{"facebook_opis":""},"jetpack_publicize_connections":[],"jetpack_featured_media_url":"https:\/\/i0.wp.com\/historiografija.hr\/wp-content\/uploads\/2023\/12\/Inicijativino_priopcenje.jpg?fit=1311%2C590&ssl=1","jetpack_sharing_enabled":true,"jetpack-related-posts":[],"_links":{"self":[{"href":"https:\/\/historiografija.hr\/index.php?rest_route=\/wp\/v2\/posts\/38670","targetHints":{"allow":["GET"]}}],"collection":[{"href":"https:\/\/historiografija.hr\/index.php?rest_route=\/wp\/v2\/posts"}],"about":[{"href":"https:\/\/historiografija.hr\/index.php?rest_route=\/wp\/v2\/types\/post"}],"author":[{"embeddable":true,"href":"https:\/\/historiografija.hr\/index.php?rest_route=\/wp\/v2\/users\/2"}],"replies":[{"embeddable":true,"href":"https:\/\/historiografija.hr\/index.php?rest_route=%2Fwp%2Fv2%2Fcomments&post=38670"}],"version-history":[{"count":1,"href":"https:\/\/historiografija.hr\/index.php?rest_route=\/wp\/v2\/posts\/38670\/revisions"}],"predecessor-version":[{"id":38672,"href":"https:\/\/historiografija.hr\/index.php?rest_route=\/wp\/v2\/posts\/38670\/revisions\/38672"}],"wp:featuredmedia":[{"embeddable":true,"href":"https:\/\/historiografija.hr\/index.php?rest_route=\/wp\/v2\/media\/38671"}],"wp:attachment":[{"href":"https:\/\/historiografija.hr\/index.php?rest_route=%2Fwp%2Fv2%2Fmedia&parent=38670"}],"wp:term":[{"taxonomy":"category","embeddable":true,"href":"https:\/\/historiografija.hr\/index.php?rest_route=%2Fwp%2Fv2%2Fcategories&post=38670"},{"taxonomy":"post_tag","embeddable":true,"href":"https:\/\/historiografija.hr\/index.php?rest_route=%2Fwp%2Fv2%2Ftags&post=38670"}],"curies":[{"name":"wp","href":"https:\/\/api.w.org\/{rel}","templated":true}]}}