{"id":38667,"date":"2023-12-22T16:26:42","date_gmt":"2023-12-22T16:26:42","guid":{"rendered":"http:\/\/historiografija.hr\/?p=38667"},"modified":"2023-12-22T16:26:42","modified_gmt":"2023-12-22T16:26:42","slug":"arhivski-vjesnik-od-1899-do-2019-povijest-razvoj-i-bibliografija","status":"publish","type":"post","link":"https:\/\/historiografija.hr\/?p=38667","title":{"rendered":"ARHIVSKI VJESNIK, od 1899 do 2019. Povijest, razvoj i bibliografija"},"content":{"rendered":"\n<p>Autorica: Rajka Bu\u0107in, Diana Mik\u0161i\u0107<\/p>\n\n\n\n<p>Zagreb, 2023.<\/p>\n\n\n\n<hr class=\"wp-block-separator\"\/>\n\n\n\n<p>U knjizi su obra\u0111eni povijest i razvoj \u010dasopisa koji se nakon po\u010detaka vezanih za historiografiju, vremenom sve vi\u0161e razvija kao arhivisti\u010dki. Obra\u0111ene tematske cjeline popra\u0107ene su brojnim ilustracijama i statisti\u010dkim tablicama.\u00a0 Pored razvoja arhivistike kao discipline, prati se i razvoj struke te Hrvatskog dr\u017eavnog arhiva kao izdava\u010da \u010dasopisa. U bibliografiji je obra\u0111eno nekoliko tisu\u0107a bibliografskih jedinica\u00a0 te je doneseno 109 biografija va\u017enijih autora (od ukupno 583\u00a0 obra\u0111enih osoba).<\/p>\n\n\n\n<hr class=\"wp-block-separator\"\/>\n\n\n\n<p>Izvor:<\/p>\n\n\n\n<p><a href=\"http:\/\/www.arhiv.hr\/hr-hr\/Kulturno-prosvjetne-aktivnosti\/ArticleId\/1758\/oamid\/1633\">http:\/\/www.arhiv.hr\/hr-hr\/Kulturno-prosvjetne-aktivnosti\/ArticleId\/1758\/oamid\/1633<\/a><\/p>\n\n\n\n<p><a href=\"http:\/\/www.arhiv.hr\/Na%C5%A1a-izdanja\/Nova-izdanja\">http:\/\/www.arhiv.hr\/Na%C5%A1a-izdanja\/Nova-izdanja<\/a><\/p>\n\n\n\n<hr class=\"wp-block-separator\"\/>\n","protected":false},"excerpt":{"rendered":"","protected":false},"author":2,"featured_media":38668,"comment_status":"open","ping_status":"open","sticky":false,"template":"","format":"standard","meta":{"_acf_changed":false,"jetpack_post_was_ever_published":false,"_jetpack_newsletter_access":"","_jetpack_dont_email_post_to_subs":false,"_jetpack_newsletter_tier_id":0,"_jetpack_memberships_contains_paywalled_content":false,"_jetpack_memberships_contains_paid_content":false,"footnotes":"","jetpack_publicize_message":"","jetpack_publicize_feature_enabled":true,"jetpack_social_post_already_shared":true,"jetpack_social_options":{"image_generator_settings":{"template":"highway","default_image_id":0,"font":"","enabled":false},"version":2}},"categories":[21,3],"tags":[],"class_list":["post-38667","post","type-post","status-publish","format-standard","has-post-thumbnail","hentry","category-casopisi","category-novosti"],"acf":{"facebook_opis":""},"jetpack_publicize_connections":[],"jetpack_featured_media_url":"https:\/\/i0.wp.com\/historiografija.hr\/wp-content\/uploads\/2023\/12\/Arhivski-vjesnik-od-1899_-do-2019.jpg?fit=1217%2C1489&ssl=1","jetpack_sharing_enabled":true,"jetpack-related-posts":[],"_links":{"self":[{"href":"https:\/\/historiografija.hr\/index.php?rest_route=\/wp\/v2\/posts\/38667","targetHints":{"allow":["GET"]}}],"collection":[{"href":"https:\/\/historiografija.hr\/index.php?rest_route=\/wp\/v2\/posts"}],"about":[{"href":"https:\/\/historiografija.hr\/index.php?rest_route=\/wp\/v2\/types\/post"}],"author":[{"embeddable":true,"href":"https:\/\/historiografija.hr\/index.php?rest_route=\/wp\/v2\/users\/2"}],"replies":[{"embeddable":true,"href":"https:\/\/historiografija.hr\/index.php?rest_route=%2Fwp%2Fv2%2Fcomments&post=38667"}],"version-history":[{"count":1,"href":"https:\/\/historiografija.hr\/index.php?rest_route=\/wp\/v2\/posts\/38667\/revisions"}],"predecessor-version":[{"id":38669,"href":"https:\/\/historiografija.hr\/index.php?rest_route=\/wp\/v2\/posts\/38667\/revisions\/38669"}],"wp:featuredmedia":[{"embeddable":true,"href":"https:\/\/historiografija.hr\/index.php?rest_route=\/wp\/v2\/media\/38668"}],"wp:attachment":[{"href":"https:\/\/historiografija.hr\/index.php?rest_route=%2Fwp%2Fv2%2Fmedia&parent=38667"}],"wp:term":[{"taxonomy":"category","embeddable":true,"href":"https:\/\/historiografija.hr\/index.php?rest_route=%2Fwp%2Fv2%2Fcategories&post=38667"},{"taxonomy":"post_tag","embeddable":true,"href":"https:\/\/historiografija.hr\/index.php?rest_route=%2Fwp%2Fv2%2Ftags&post=38667"}],"curies":[{"name":"wp","href":"https:\/\/api.w.org\/{rel}","templated":true}]}}