{"id":38664,"date":"2023-12-22T13:56:19","date_gmt":"2023-12-22T13:56:19","guid":{"rendered":"http:\/\/historiografija.hr\/?p=38664"},"modified":"2023-12-22T13:56:19","modified_gmt":"2023-12-22T13:56:19","slug":"umro-dr-sc-ante-gulin-upravitelj-odsjeka-za-povijesne-znanosti-hazu-u-miru","status":"publish","type":"post","link":"https:\/\/historiografija.hr\/?p=38664","title":{"rendered":"Umro dr. sc. Ante Gulin, upravitelj Odsjeka za povijesne znanosti HAZU u miru"},"content":{"rendered":"\n<p>Dr. sc. Ante Gulin, upravitelj Odsjeka za povijesne znanosti Zavoda za povijesne i dru\u0161tvene znanosti HAZU u miru, preminuo je 21. prosinca 2023. u Zagrebu u 80. godini.<\/p>\n\n\n\n<p>Ro\u0111en je 6. studenog 1944. u Innsbrucku u Austriji. Klasi\u010dnu gimnaziju zavr\u0161io je u Splitu, a 1971. diplomirao je studij povijesti i arheologije na Filozofskom fakultetu Sveu\u010dili\u0161ta u Zagrebu.<\/p>\n\n\n\n<p>Nakon zavr\u0161etka studija kratko je radio u Arhivu grada Zagreba (danas Dr\u017eavni arhiv u Zagrebu) kao arhivist, 1973. prelazi na Historijski institut JAZU (danas Odsjek za povijesne znanosti Zavoda za povijesne i dru\u0161tvene znanosti HAZU u Zagrebu), u kojem \u0107e ostati do umirovljenja i u kojem \u0107e ostvariti \u010ditav svoj znanstveni radni vijek. Magistrirao je 1977. na Filozofskom fakultetu u Zadru Sveu\u010dili\u0161ta u Splitu s temom Srednjovjekovni pe\u010dati zagreba\u010dkog kaptola i zagreba\u010dkih biskupa, a na istom je fakultetu i doktorirao 1985. s disertacijom pod naslovom Srednjovjekovna crkvena sfragistika u Hrvatskoj.<\/p>\n\n\n\n<p>Od 1995. do umirovljenja 2011. bio je upravitelj Odsjeka za povijesne znanosti Zavoda za povijesne i dru\u0161tvene znanosti HAZU u Zagrebu te uspje\u0161no rukovodio razvojem Odsjeka u jednu od vode\u0107ih povijesnih znanstvenih institucija u Hrvatskoj, kao i razvijanjem njegove me\u0111unarodne djelatnosti, pri \u010demu treba posebice istaknuti njegovu ulogu u pokretanju i rukovo\u0111enju zajedni\u010dkog hrvatsko-bugarskog istra\u017eiva\u010dkog projekta koji se i danas uspje\u0161no odvija. Kao upravitelj Odsjeka rukovodio je i njegovom uspje\u0161nom izdava\u010dkom djelatno\u0161\u0107u (\u010dasopis Zbornik Odsjeka za povijesne znanosti Zavoda za povijesne i dru\u0161tvene znanosti HAZU, serije Rasprave iz hrvatske kulturne pro\u0161losti, Akademijine serije Monumenta historiam Slavorum Meridionalium spectantia i Starine HAZU te razli\u010ditih povremenih izdanja prire\u0111enih u Odsjeku).<\/p>\n\n\n\n<p>Kao znanstvenik posebice se bavio hrvatskom kulturnom povije\u0161\u0107u u srednjom vijeku, naro\u010dito pomo\u0107nim povijesnim znanostima sfragistikom i heraldikom te povije\u0161\u0107u srednjovjekovnih kaptola kao ustanova javne vjere na \u010ditavom prostoru hrvatskih zemalja od Istre do Dubrovnika i Slavonije, o kojima je objavio preko trideset radova i vi\u0161e monografija. Sfragistiku je predavao i na nekoliko poslijediplomskih studija, a bio je i \u010dlan Povjerenstva Ministarstva pravosu\u0111a, uprave i lokalne samouprave u postupku odobravanja grba i zastave jedinica lokalne samouprave.<\/p>\n\n\n\n<p>Nakon umirovljenja 2011. nastavio se aktivno baviti znano\u0161\u0107u te i dalje sura\u0111ivao s Odsjekom za povijesne znanosti na provedbi i formuliranju razli\u010ditih zadataka i aktivnosti. Akademija mu je 2011. dodijelila i status zaslu\u017enog znanstvenika.<\/p>\n\n\n\n<hr class=\"wp-block-separator\"\/>\n\n\n\n<p>Izvor:<\/p>\n\n\n\n<figure class=\"wp-block-embed-wordpress wp-block-embed is-type-wp-embed is-provider-hazu\"><div class=\"wp-block-embed__wrapper\">\n<blockquote class=\"wp-embedded-content\" data-secret=\"BOvpPWxujc\"><a href=\"https:\/\/www.info.hazu.hr\/2023\/12\/39015\/\">Umro dr. sc. Ante Gulin, upravitelj Odsjeka za povijesne znanosti HAZU u miru<\/a><\/blockquote><iframe loading=\"lazy\" class=\"wp-embedded-content\" sandbox=\"allow-scripts\" security=\"restricted\" style=\"position: absolute; clip: rect(1px, 1px, 1px, 1px);\" title=\"&#8220;Umro dr. sc. Ante Gulin, upravitelj Odsjeka za povijesne znanosti HAZU u miru&#8221; &#8212; HAZU\" src=\"https:\/\/www.info.hazu.hr\/2023\/12\/39015\/embed\/#?secret=BOvpPWxujc\" data-secret=\"BOvpPWxujc\" width=\"600\" height=\"338\" frameborder=\"0\" marginwidth=\"0\" marginheight=\"0\" scrolling=\"no\"><\/iframe>\n<\/div><\/figure>\n\n\n\n<hr class=\"wp-block-separator\"\/>\n","protected":false},"excerpt":{"rendered":"","protected":false},"author":2,"featured_media":38665,"comment_status":"open","ping_status":"open","sticky":false,"template":"","format":"standard","meta":{"_acf_changed":false,"jetpack_post_was_ever_published":false,"_jetpack_newsletter_access":"","_jetpack_dont_email_post_to_subs":false,"_jetpack_newsletter_tier_id":0,"_jetpack_memberships_contains_paywalled_content":false,"_jetpack_memberships_contains_paid_content":false,"footnotes":"","jetpack_publicize_message":"","jetpack_publicize_feature_enabled":true,"jetpack_social_post_already_shared":true,"jetpack_social_options":{"image_generator_settings":{"template":"highway","default_image_id":0,"font":"","enabled":false},"version":2}},"categories":[3,20],"tags":[],"class_list":["post-38664","post","type-post","status-publish","format-standard","has-post-thumbnail","hentry","category-novosti","category-obavijesti-o-smrti-i-nekrolozi"],"acf":{"facebook_opis":""},"jetpack_publicize_connections":[],"jetpack_featured_media_url":"https:\/\/i0.wp.com\/historiografija.hr\/wp-content\/uploads\/2023\/12\/Gulin.jpg?fit=200%2C219&ssl=1","jetpack_sharing_enabled":true,"jetpack-related-posts":[],"_links":{"self":[{"href":"https:\/\/historiografija.hr\/index.php?rest_route=\/wp\/v2\/posts\/38664","targetHints":{"allow":["GET"]}}],"collection":[{"href":"https:\/\/historiografija.hr\/index.php?rest_route=\/wp\/v2\/posts"}],"about":[{"href":"https:\/\/historiografija.hr\/index.php?rest_route=\/wp\/v2\/types\/post"}],"author":[{"embeddable":true,"href":"https:\/\/historiografija.hr\/index.php?rest_route=\/wp\/v2\/users\/2"}],"replies":[{"embeddable":true,"href":"https:\/\/historiografija.hr\/index.php?rest_route=%2Fwp%2Fv2%2Fcomments&post=38664"}],"version-history":[{"count":1,"href":"https:\/\/historiografija.hr\/index.php?rest_route=\/wp\/v2\/posts\/38664\/revisions"}],"predecessor-version":[{"id":38666,"href":"https:\/\/historiografija.hr\/index.php?rest_route=\/wp\/v2\/posts\/38664\/revisions\/38666"}],"wp:featuredmedia":[{"embeddable":true,"href":"https:\/\/historiografija.hr\/index.php?rest_route=\/wp\/v2\/media\/38665"}],"wp:attachment":[{"href":"https:\/\/historiografija.hr\/index.php?rest_route=%2Fwp%2Fv2%2Fmedia&parent=38664"}],"wp:term":[{"taxonomy":"category","embeddable":true,"href":"https:\/\/historiografija.hr\/index.php?rest_route=%2Fwp%2Fv2%2Fcategories&post=38664"},{"taxonomy":"post_tag","embeddable":true,"href":"https:\/\/historiografija.hr\/index.php?rest_route=%2Fwp%2Fv2%2Ftags&post=38664"}],"curies":[{"name":"wp","href":"https:\/\/api.w.org\/{rel}","templated":true}]}}