{"id":38658,"date":"2023-12-22T10:12:24","date_gmt":"2023-12-22T10:12:24","guid":{"rendered":"http:\/\/historiografija.hr\/?p=38658"},"modified":"2023-12-22T10:12:24","modified_gmt":"2023-12-22T10:12:24","slug":"predstavljanje-knjige-i-izlozbe-danijele-doblanovic-suran-differentia-seu-confinium-prostor-izmedu-vodnjana-i-savicente-u-15-i-16-stoljecu-u-svetvincentu","status":"publish","type":"post","link":"https:\/\/historiografija.hr\/?p=38658","title":{"rendered":"Predstavljanje knjige i izlo\u017ebe Danijele Doblanovi\u0107 \u0160uran \u201cDifferentia seu confinium: Prostor izme\u0111u Vodnjana i Savi\u010dente u 15. i 16. stolje\u0107u\u201d u Svetvin\u010dentu"},"content":{"rendered":"\n<p>U \u010detvrtak, 21. prosinca 2023. u Ka\u0161telu Morosini-Grimani u Svetvin\u010dentu predstavljena je knjiga i izlo\u017eba autorice dr. sc. Danijele Doblanovi\u0107 \u0160uran \u201cDifferentia seu confinium: Prostor izme\u0111u Vodnjana i Savi\u010dente u 15. i 16. stolje\u0107u (Il territorio tra Dignano e Sanvincenti nel XV e XVI secolo)\u201d. Knjigu su predstavii Dean Krmac, Maurizio Levak, Tajana Uj\u010di\u0107 i Danijela Doblanovi\u0107 \u0160uran. Organizatori doga\u0111anja su HISTRIA \u2013 Societ\u00e0 umanistica \/ Humanisti\u010dno dru\u0161tvo i Op\u0107ina Svetvin\u010denat.<\/p>\n\n\n\n<p><a href=\"https:\/\/ipd-ssi.hr\/wp-content\/uploads\/2023\/12\/Pozivnica.pdf\">Pozivnica<\/a><\/p>\n\n\n\n<hr class=\"wp-block-separator\"\/>\n\n\n\n<p>Izvor:<\/p>\n\n\n\n<figure class=\"wp-block-embed-wordpress wp-block-embed is-type-wp-embed is-provider-istarsko-povijesno-drustvo-societa-storica-istriana\"><div class=\"wp-block-embed__wrapper\">\n<blockquote class=\"wp-embedded-content\" data-secret=\"ZKGulpioYd\"><a href=\"https:\/\/ipd-ssi.hr\/2023\/12\/19\/predstavljanje-knjige-i-izlozbe-danijele-doblanovic-suran-differentia-seu-confinium-prostor-izmedu-vodnjana-i-savicente-u-15-i-16-stoljecu-u-svetvincentu\/\">Predstavljanje knjige i izlo\u017ebe Danijele Doblanovi\u0107 \u0160uran &#8220;Differentia seu confinium: Prostor izme\u0111u Vodnjana i Savi\u010dente u 15. i 16. stolje\u0107u&#8221; u Svetvin\u010dentu<\/a><\/blockquote><iframe loading=\"lazy\" class=\"wp-embedded-content\" sandbox=\"allow-scripts\" security=\"restricted\" style=\"position: absolute; clip: rect(1px, 1px, 1px, 1px);\" title=\"&#8220;Predstavljanje knjige i izlo\u017ebe Danijele Doblanovi\u0107 \u0160uran &#8220;Differentia seu confinium: Prostor izme\u0111u Vodnjana i Savi\u010dente u 15. i 16. stolje\u0107u&#8221; u Svetvin\u010dentu&#8221; &#8212; Istarsko povijesno dru\u0161tvo - Societ\u00e0 Storica Istriana\" src=\"https:\/\/ipd-ssi.hr\/2023\/12\/19\/predstavljanje-knjige-i-izlozbe-danijele-doblanovic-suran-differentia-seu-confinium-prostor-izmedu-vodnjana-i-savicente-u-15-i-16-stoljecu-u-svetvincentu\/embed\/#?secret=r2g54jDIl2#?secret=ZKGulpioYd\" data-secret=\"ZKGulpioYd\" width=\"600\" height=\"338\" frameborder=\"0\" marginwidth=\"0\" marginheight=\"0\" scrolling=\"no\"><\/iframe>\n<\/div><\/figure>\n\n\n\n<hr class=\"wp-block-separator\"\/>\n","protected":false},"excerpt":{"rendered":"","protected":false},"author":2,"featured_media":38659,"comment_status":"open","ping_status":"open","sticky":false,"template":"","format":"standard","meta":{"_acf_changed":false,"jetpack_post_was_ever_published":false,"_jetpack_newsletter_access":"","_jetpack_dont_email_post_to_subs":false,"_jetpack_newsletter_tier_id":0,"_jetpack_memberships_contains_paywalled_content":false,"_jetpack_memberships_contains_paid_content":false,"footnotes":"","jetpack_publicize_message":"","jetpack_publicize_feature_enabled":true,"jetpack_social_post_already_shared":true,"jetpack_social_options":{"image_generator_settings":{"template":"highway","default_image_id":0,"font":"","enabled":false},"version":2}},"categories":[10,3],"tags":[],"class_list":["post-38658","post","type-post","status-publish","format-standard","has-post-thumbnail","hentry","category-izlozbe","category-novosti"],"acf":{"facebook_opis":""},"jetpack_publicize_connections":[],"jetpack_featured_media_url":"https:\/\/i0.wp.com\/historiografija.hr\/wp-content\/uploads\/2023\/12\/Differentia.jpg?fit=700%2C441&ssl=1","jetpack_sharing_enabled":true,"jetpack-related-posts":[],"_links":{"self":[{"href":"https:\/\/historiografija.hr\/index.php?rest_route=\/wp\/v2\/posts\/38658","targetHints":{"allow":["GET"]}}],"collection":[{"href":"https:\/\/historiografija.hr\/index.php?rest_route=\/wp\/v2\/posts"}],"about":[{"href":"https:\/\/historiografija.hr\/index.php?rest_route=\/wp\/v2\/types\/post"}],"author":[{"embeddable":true,"href":"https:\/\/historiografija.hr\/index.php?rest_route=\/wp\/v2\/users\/2"}],"replies":[{"embeddable":true,"href":"https:\/\/historiografija.hr\/index.php?rest_route=%2Fwp%2Fv2%2Fcomments&post=38658"}],"version-history":[{"count":1,"href":"https:\/\/historiografija.hr\/index.php?rest_route=\/wp\/v2\/posts\/38658\/revisions"}],"predecessor-version":[{"id":38660,"href":"https:\/\/historiografija.hr\/index.php?rest_route=\/wp\/v2\/posts\/38658\/revisions\/38660"}],"wp:featuredmedia":[{"embeddable":true,"href":"https:\/\/historiografija.hr\/index.php?rest_route=\/wp\/v2\/media\/38659"}],"wp:attachment":[{"href":"https:\/\/historiografija.hr\/index.php?rest_route=%2Fwp%2Fv2%2Fmedia&parent=38658"}],"wp:term":[{"taxonomy":"category","embeddable":true,"href":"https:\/\/historiografija.hr\/index.php?rest_route=%2Fwp%2Fv2%2Fcategories&post=38658"},{"taxonomy":"post_tag","embeddable":true,"href":"https:\/\/historiografija.hr\/index.php?rest_route=%2Fwp%2Fv2%2Ftags&post=38658"}],"curies":[{"name":"wp","href":"https:\/\/api.w.org\/{rel}","templated":true}]}}