{"id":38655,"date":"2023-12-22T10:06:29","date_gmt":"2023-12-22T10:06:29","guid":{"rendered":"http:\/\/historiografija.hr\/?p=38655"},"modified":"2023-12-22T10:06:29","modified_gmt":"2023-12-22T10:06:29","slug":"tema-tjedna-glasa-slavonije-mitovi-i-zablude","status":"publish","type":"post","link":"https:\/\/historiografija.hr\/?p=38655","title":{"rendered":"Tema tjedna \u201cGlasa Slavonije\u201d: Mitovi i zablude"},"content":{"rendered":"\n<p>U temi tjedna Magazina \u201cGlasa Slavonije\u201d (16. i 17. prosinca 2023) \u201cMitovi i zablude\u201d govore i pi\u0161u: Velimir Sri\u0107a, Goran Sunajko, Denis Avdagi\u0107, Ivor Altaras Penda, Davor Dijanovi\u0107, Lidija Duji\u0107, Ivan Balabani\u0107, Marino Badurina, Branimir Jankovi\u0107, Ivo D\u017eini\u0107.<\/p>\n\n\n\n<hr class=\"wp-block-separator\"\/>\n\n\n\n<p><strong>Mitovi i zablude<\/strong><\/p>\n\n\n\n<p>Iluzije stvarnosti: pogre\u0161ne percepcije koje \u0161tete razvoju i napretku dru\u0161tva\u2026<\/p>\n\n\n\n<hr class=\"wp-block-separator\"\/>\n\n\n\n<p>Velimir Sri\u0107a<\/p>\n\n\n\n<p><a href=\"https:\/\/www.glas-slavonije.hr\/538693\/11\/Nasi-ekonomski-mitovi-opterecuju-svakodnevnicu-i-otezavaju-buducnost\">https:\/\/www.glas-slavonije.hr\/538693\/11\/Nasi-ekonomski-mitovi-opterecuju-svakodnevnicu-i-otezavaju-buducnost<\/a><\/p>\n\n\n\n<hr class=\"wp-block-separator\"\/>\n\n\n\n<p>Goran Sunajko<\/p>\n\n\n\n<p><a href=\"https:\/\/www.glas-slavonije.hr\/538692\/11\/Opasno-je-kad-mentalitet-biva-opterecen-prosloscu-koja-jos-nije-zavrsila\">https:\/\/www.glas-slavonije.hr\/538692\/11\/Opasno-je-kad-mentalitet-biva-opterecen-prosloscu-koja-jos-nije-zavrsila<\/a><\/p>\n\n\n\n<hr class=\"wp-block-separator\"\/>\n\n\n\n<p>Denis Avdagi\u0107<\/p>\n\n\n\n<p><a href=\"https:\/\/www.glas-slavonije.hr\/538690\/11\/Denis-Avdagic-Politickim-se-mitovima-najvise-koriste-populisti\">https:\/\/www.glas-slavonije.hr\/538690\/11\/Denis-Avdagic-Politickim-se-mitovima-najvise-koriste-populisti<\/a><\/p>\n\n\n\n<hr class=\"wp-block-separator\"\/>\n\n\n\n<p>Ivor Altaras Penda<\/p>\n\n\n\n<p><a href=\"https:\/\/www.glas-slavonije.hr\/538689\/11\/Ivor-Altaras-Penda-Fokusirati-se-na-cinjenice\">https:\/\/www.glas-slavonije.hr\/538689\/11\/Ivor-Altaras-Penda-Fokusirati-se-na-cinjenice<\/a><\/p>\n\n\n\n<hr class=\"wp-block-separator\"\/>\n\n\n\n<p>Davor Dijanovi\u0107<\/p>\n\n\n\n<p><a href=\"https:\/\/www.glas-slavonije.hr\/538687\/11\/Vratiti-pobjednicki-mentalitet\">https:\/\/www.glas-slavonije.hr\/538687\/11\/Vratiti-pobjednicki-mentalitet<\/a><\/p>\n\n\n\n<hr class=\"wp-block-separator\"\/>\n\n\n\n<p>Lidija Duji\u0107<\/p>\n\n\n\n<p><a href=\"https:\/\/www.glas-slavonije.hr\/538688\/11\/Aktualna-pricuva-kolektivne-memorije\">https:\/\/www.glas-slavonije.hr\/538688\/11\/Aktualna-pricuva-kolektivne-memorije<\/a><\/p>\n\n\n\n<hr class=\"wp-block-separator\"\/>\n\n\n\n<p>Ivan Balabani\u0107<\/p>\n\n\n\n<p><a href=\"https:\/\/www.glas-slavonije.hr\/538686\/11\/Ivan-Balabanic-Oko-mitova-se-formira-identitet\">https:\/\/www.glas-slavonije.hr\/538686\/11\/Ivan-Balabanic-Oko-mitova-se-formira-identitet<\/a><\/p>\n\n\n\n<hr class=\"wp-block-separator\"\/>\n\n\n\n<p>Marino Badurina<\/p>\n\n\n\n<p><a href=\"https:\/\/www.glas-slavonije.hr\/538684\/11\/Marino-Badurina-Nekome-utezi-a-nekome-krila\">https:\/\/www.glas-slavonije.hr\/538684\/11\/Marino-Badurina-Nekome-utezi-a-nekome-krila<\/a><\/p>\n\n\n\n<hr class=\"wp-block-separator\"\/>\n\n\n\n<p>Branimir Jankovi\u0107<\/p>\n\n\n\n<p><a href=\"https:\/\/www.glas-slavonije.hr\/538685\/11\/Mobilizacijska-funkcija-i-u-suvremenosti\">https:\/\/www.glas-slavonije.hr\/538685\/11\/Mobilizacijska-funkcija-i-u-suvremenosti<\/a><\/p>\n\n\n\n<hr class=\"wp-block-separator\"\/>\n\n\n\n<p>Ivo D\u017eini\u0107<\/p>\n\n\n\n<p><a href=\"https:\/\/www.glas-slavonije.hr\/538683\/11\/Ivo-Dzinic-Zal-za-propalom-drzavom\">https:\/\/www.glas-slavonije.hr\/538683\/11\/Ivo-Dzinic-Zal-za-propalom-drzavom<\/a><\/p>\n\n\n\n<hr class=\"wp-block-separator\"\/>\n","protected":false},"excerpt":{"rendered":"","protected":false},"author":2,"featured_media":38656,"comment_status":"open","ping_status":"open","sticky":false,"template":"","format":"standard","meta":{"_acf_changed":false,"_jetpack_newsletter_access":"","_jetpack_dont_email_post_to_subs":false,"_jetpack_newsletter_tier_id":0,"_jetpack_memberships_contains_paywalled_content":false,"_jetpack_memberships_contains_paid_content":false,"footnotes":"","jetpack_publicize_message":"","jetpack_publicize_feature_enabled":true,"jetpack_social_post_already_shared":true,"jetpack_social_options":{"image_generator_settings":{"template":"highway","default_image_id":0,"font":"","enabled":false},"version":2},"jetpack_post_was_ever_published":false},"categories":[3],"tags":[],"class_list":["post-38655","post","type-post","status-publish","format-standard","has-post-thumbnail","hentry","category-novosti"],"acf":{"facebook_opis":""},"jetpack_publicize_connections":[],"jetpack_featured_media_url":"https:\/\/i0.wp.com\/historiografija.hr\/wp-content\/uploads\/2023\/12\/Glas_Slavonije.png?fit=640%2C853&ssl=1","jetpack_sharing_enabled":true,"jetpack-related-posts":[{"id":53659,"url":"https:\/\/historiografija.hr\/?p=53659","url_meta":{"origin":38655,"position":0},"title":"Predstavljanje 20. broja \u010dasopisa &#8220;Pro tempore&#8221;","author":"Filip \u0160imunjak","date":"4. lipnja 2026.","format":false,"excerpt":"Redakcija \u010dasopisa studenata povijesti \"Pro tempore\" poziva na predstavljanje njegovoga 20. broja. Predstavljanje \u0107e se odr\u017eati u \u010detvrtak 11. lipnja 2026. godine, s po\u010detkom u 17 sati, u Vije\u0107nici Filozofskog fakulteta Sveu\u010dili\u0161ta u Zagrebu (Ivana Lu\u010di\u0107a 3, Zagreb). Novi broj \u010dasopisa posve\u0107en je temi Mitovi i narativi. Osim glavne urednice\u2026","rel":"","context":"U &quot;Novosti&quot;","block_context":{"text":"Novosti","link":"https:\/\/historiografija.hr\/?cat=3"},"img":{"alt_text":"","src":"https:\/\/i0.wp.com\/historiografija.hr\/wp-content\/uploads\/2026\/05\/Pro-tempore-20-pozivnica-scaled.png?fit=1200%2C507&ssl=1&resize=350%2C200","width":350,"height":200,"srcset":"https:\/\/i0.wp.com\/historiografija.hr\/wp-content\/uploads\/2026\/05\/Pro-tempore-20-pozivnica-scaled.png?fit=1200%2C507&ssl=1&resize=350%2C200 1x, https:\/\/i0.wp.com\/historiografija.hr\/wp-content\/uploads\/2026\/05\/Pro-tempore-20-pozivnica-scaled.png?fit=1200%2C507&ssl=1&resize=525%2C300 1.5x, https:\/\/i0.wp.com\/historiografija.hr\/wp-content\/uploads\/2026\/05\/Pro-tempore-20-pozivnica-scaled.png?fit=1200%2C507&ssl=1&resize=700%2C400 2x, https:\/\/i0.wp.com\/historiografija.hr\/wp-content\/uploads\/2026\/05\/Pro-tempore-20-pozivnica-scaled.png?fit=1200%2C507&ssl=1&resize=1050%2C600 3x"},"classes":[]},{"id":53339,"url":"https:\/\/historiografija.hr\/?p=53339","url_meta":{"origin":38655,"position":1},"title":"Me\u0111unarodna konferencija &#8220;7th International Conference of the Mediterranean Maritime History Network&#8221; u Zadru","author":"Branimir Jankovi\u0107","date":"14. svibnja 2026.","format":false,"excerpt":"Od 25. do 29. svibnja 2026. na Odjelu za povijest Sveu\u010dili\u0161tu u Zadru odr\u017eava se 7. me\u0111unarodna konferencija Mediterranean Maritime History Network (MMHN) koja okuplja istra\u017eiva\u010de pomorske povijesti Mediterana. Na konferenciji sudjeluje preko 70 sudionika iz svijeta i Hrvatske koji \u0107e predstaviti svoja istra\u017eivanja koja imaju zajedni\u010dku dodirnu to\u010dku s\u2026","rel":"","context":"U &quot;Novosti&quot;","block_context":{"text":"Novosti","link":"https:\/\/historiografija.hr\/?cat=3"},"img":{"alt_text":"","src":"https:\/\/i0.wp.com\/historiografija.hr\/wp-content\/uploads\/2026\/05\/plakat-conf-ZD.jpg?fit=866%2C492&ssl=1&resize=350%2C200","width":350,"height":200,"srcset":"https:\/\/i0.wp.com\/historiografija.hr\/wp-content\/uploads\/2026\/05\/plakat-conf-ZD.jpg?fit=866%2C492&ssl=1&resize=350%2C200 1x, https:\/\/i0.wp.com\/historiografija.hr\/wp-content\/uploads\/2026\/05\/plakat-conf-ZD.jpg?fit=866%2C492&ssl=1&resize=525%2C300 1.5x, https:\/\/i0.wp.com\/historiografija.hr\/wp-content\/uploads\/2026\/05\/plakat-conf-ZD.jpg?fit=866%2C492&ssl=1&resize=700%2C400 2x"},"classes":[]},{"id":54872,"url":"https:\/\/historiografija.hr\/?p=54872","url_meta":{"origin":38655,"position":2},"title":"Margaret Atwood, &#8220;Penelopeja&#8221;","author":"Branimir Jankovi\u0107","date":"4. kolovoza 2026.","format":false,"excerpt":"Nakon izdanja romana Margaret Atwood \"Penelopeja: mit o Penelopi i Odiseju\" iz 2005. (u prijevodu Gige Gra\u010dan), objavljeno je 2022. i 2023. novo hrvatsko izdanje romana \"Penelopeja\" (u prijevodu Marka Marasa). Margaret Atwood Penelopeja Nakladnik: Lumen Preveo: Marko Maras 147 str. Zagreb 2022, 2. izd. 2023. Sjajno\u2026 Margaret Atwood, autorica\u2026","rel":"","context":"U &quot;Novosti&quot;","block_context":{"text":"Novosti","link":"https:\/\/historiografija.hr\/?cat=3"},"img":{"alt_text":"","src":"https:\/\/i0.wp.com\/historiografija.hr\/wp-content\/uploads\/2026\/08\/Penelopeja.jpg?fit=640%2C466&ssl=1&resize=350%2C200","width":350,"height":200,"srcset":"https:\/\/i0.wp.com\/historiografija.hr\/wp-content\/uploads\/2026\/08\/Penelopeja.jpg?fit=640%2C466&ssl=1&resize=350%2C200 1x, https:\/\/i0.wp.com\/historiografija.hr\/wp-content\/uploads\/2026\/08\/Penelopeja.jpg?fit=640%2C466&ssl=1&resize=525%2C300 1.5x"},"classes":[]},{"id":49729,"url":"https:\/\/historiografija.hr\/?p=49729","url_meta":{"origin":38655,"position":3},"title":"Polemike i osvrti povodom izlo\u017ebe \u201cU po\u010detku bija\u0161e Kraljevstvo \u2013 U povodu 1100 godina Hrvatskoga kraljevstva\u201d","author":"Branimir Jankovi\u0107","date":"20. studenoga 2025.","format":false,"excerpt":"U nastavku upu\u0107ujemo na polemike i osvrte povodom izlo\u017ebe \u201cU po\u010detku bija\u0161e Kraljevstvo \u2013 U povodu 1100 godina Hrvatskoga Kraljevstva\u201d, koja je otvorena u Galeriji Klovi\u0107evi dvori u Zagrebu. Josipa Luli\u0107 Tisu\u0107ljetni blam https:\/\/www.portalnovosti.com\/tisucljetni-blam Trpimir Vedri\u0161 Nepodno\u0161ljiva lako\u0107a etiketiranja https:\/\/misao.hr\/2025\/11\/19\/trpimir-vedris-nepodnosljiva-lakoca-etiketiranja https:\/\/www.matica.hr\/kolo\/847\/proslava-1100-godina-hrvatskog-kraljevstva-mit-o-tomislavu-i-njegovi-kriticari-39691 Branimir Jankovi\u0107 Problem (dis)kontinuiteta. Predstavlja li 1918. zaista kraj\u2026","rel":"","context":"U &quot;Izlo\u017ebe&quot;","block_context":{"text":"Izlo\u017ebe","link":"https:\/\/historiografija.hr\/?cat=10"},"img":{"alt_text":"","src":"https:\/\/i0.wp.com\/historiografija.hr\/wp-content\/uploads\/2025\/11\/Izlozba_predavanja.jpeg?fit=820%2C360&ssl=1&resize=350%2C200","width":350,"height":200,"srcset":"https:\/\/i0.wp.com\/historiografija.hr\/wp-content\/uploads\/2025\/11\/Izlozba_predavanja.jpeg?fit=820%2C360&ssl=1&resize=350%2C200 1x, https:\/\/i0.wp.com\/historiografija.hr\/wp-content\/uploads\/2025\/11\/Izlozba_predavanja.jpeg?fit=820%2C360&ssl=1&resize=525%2C300 1.5x, https:\/\/i0.wp.com\/historiografija.hr\/wp-content\/uploads\/2025\/11\/Izlozba_predavanja.jpeg?fit=820%2C360&ssl=1&resize=700%2C400 2x"},"classes":[]},{"id":52791,"url":"https:\/\/historiografija.hr\/?p=52791","url_meta":{"origin":38655,"position":4},"title":"Razgovor \u201eDa mi je biti Franz i Sisi\u201c u Muzeju Slavonije","author":"Filip \u0160imunjak","date":"4. svibnja 2026.","format":false,"excerpt":"Razgovor na temu \u201eDa mi je biti Franz i Sisi\u201c, odr\u017eat \u0107e se u \u010detvrtak, 7. svibnja 2026.\u00a0godine s po\u010detkom u 18:00 sati u Muzeju Slavonije u Osijeku. Kroz temu utjecaja cara Franje Josipa I. i carice Elizabete (Sisi) na svakodnevni \u017eivot Slavonki i Slavonaca vodit \u0107e kustosi Muzeja Slavonije:\u2026","rel":"","context":"U &quot;Novosti&quot;","block_context":{"text":"Novosti","link":"https:\/\/historiografija.hr\/?cat=3"},"img":{"alt_text":"","src":"https:\/\/i0.wp.com\/historiografija.hr\/wp-content\/uploads\/2026\/05\/Pozivnica-Da-mi-je-biti-Franz-i-Sisi.webp?fit=1200%2C881&ssl=1&resize=350%2C200","width":350,"height":200,"srcset":"https:\/\/i0.wp.com\/historiografija.hr\/wp-content\/uploads\/2026\/05\/Pozivnica-Da-mi-je-biti-Franz-i-Sisi.webp?fit=1200%2C881&ssl=1&resize=350%2C200 1x, https:\/\/i0.wp.com\/historiografija.hr\/wp-content\/uploads\/2026\/05\/Pozivnica-Da-mi-je-biti-Franz-i-Sisi.webp?fit=1200%2C881&ssl=1&resize=525%2C300 1.5x, https:\/\/i0.wp.com\/historiografija.hr\/wp-content\/uploads\/2026\/05\/Pozivnica-Da-mi-je-biti-Franz-i-Sisi.webp?fit=1200%2C881&ssl=1&resize=700%2C400 2x, https:\/\/i0.wp.com\/historiografija.hr\/wp-content\/uploads\/2026\/05\/Pozivnica-Da-mi-je-biti-Franz-i-Sisi.webp?fit=1200%2C881&ssl=1&resize=1050%2C600 3x"},"classes":[]},{"id":54367,"url":"https:\/\/historiografija.hr\/?p=54367","url_meta":{"origin":38655,"position":5},"title":"O usponima i padovima vladara na OLJK-u u Muzeju Slavonije","author":"Filip \u0160imunjak","date":"29. lipnja 2026.","format":false,"excerpt":"Tko je bio ljubljen, tko brisan, a \u010diji spomenik ru\u0161en samo su neka pitanja za ljetno dru\u017eenje u Muzeju Slavonije. Nestat mogu vladari i dr\u017eave, ali ostat \u0107e uspomena jo\u0161 je jedno dru\u017eenje uz razgovor koje organizira Muzej Slavonije. Odr\u017eat \u0107e se 2. srpnja 2026. godine s po\u010detkom u 19:00\u2026","rel":"","context":"U &quot;Novosti&quot;","block_context":{"text":"Novosti","link":"https:\/\/historiografija.hr\/?cat=3"},"img":{"alt_text":"","src":"https:\/\/i0.wp.com\/historiografija.hr\/wp-content\/uploads\/2026\/06\/Pozivnica.jpg?fit=1039%2C763&ssl=1&resize=350%2C200","width":350,"height":200,"srcset":"https:\/\/i0.wp.com\/historiografija.hr\/wp-content\/uploads\/2026\/06\/Pozivnica.jpg?fit=1039%2C763&ssl=1&resize=350%2C200 1x, https:\/\/i0.wp.com\/historiografija.hr\/wp-content\/uploads\/2026\/06\/Pozivnica.jpg?fit=1039%2C763&ssl=1&resize=525%2C300 1.5x, https:\/\/i0.wp.com\/historiografija.hr\/wp-content\/uploads\/2026\/06\/Pozivnica.jpg?fit=1039%2C763&ssl=1&resize=700%2C400 2x"},"classes":[]}],"_links":{"self":[{"href":"https:\/\/historiografija.hr\/index.php?rest_route=\/wp\/v2\/posts\/38655","targetHints":{"allow":["GET"]}}],"collection":[{"href":"https:\/\/historiografija.hr\/index.php?rest_route=\/wp\/v2\/posts"}],"about":[{"href":"https:\/\/historiografija.hr\/index.php?rest_route=\/wp\/v2\/types\/post"}],"author":[{"embeddable":true,"href":"https:\/\/historiografija.hr\/index.php?rest_route=\/wp\/v2\/users\/2"}],"replies":[{"embeddable":true,"href":"https:\/\/historiografija.hr\/index.php?rest_route=%2Fwp%2Fv2%2Fcomments&post=38655"}],"version-history":[{"count":1,"href":"https:\/\/historiografija.hr\/index.php?rest_route=\/wp\/v2\/posts\/38655\/revisions"}],"predecessor-version":[{"id":38657,"href":"https:\/\/historiografija.hr\/index.php?rest_route=\/wp\/v2\/posts\/38655\/revisions\/38657"}],"wp:featuredmedia":[{"embeddable":true,"href":"https:\/\/historiografija.hr\/index.php?rest_route=\/wp\/v2\/media\/38656"}],"wp:attachment":[{"href":"https:\/\/historiografija.hr\/index.php?rest_route=%2Fwp%2Fv2%2Fmedia&parent=38655"}],"wp:term":[{"taxonomy":"category","embeddable":true,"href":"https:\/\/historiografija.hr\/index.php?rest_route=%2Fwp%2Fv2%2Fcategories&post=38655"},{"taxonomy":"post_tag","embeddable":true,"href":"https:\/\/historiografija.hr\/index.php?rest_route=%2Fwp%2Fv2%2Ftags&post=38655"}],"curies":[{"name":"wp","href":"https:\/\/api.w.org\/{rel}","templated":true}]}}